{"id":18453,"date":"2017-08-13T06:00:56","date_gmt":"2017-08-13T10:00:56","guid":{"rendered":"https:\/\/cimbcc.org\/test2\/?p=18453"},"modified":"2023-10-16T22:15:10","modified_gmt":"2023-10-17T02:15:10","slug":"mot-du-president-aout-2017","status":"publish","type":"post","link":"https:\/\/cimbcc.org\/test2\/mot-du-president-aout-2017\/","title":{"rendered":"Mot du pr\u00e9sident &#8211; ao\u00fbt 2017"},"content":{"rendered":"<figure id=\"attachment_23836\" aria-describedby=\"caption-attachment-23836\" style=\"width: 125px\" class=\"wp-caption aligncenter\"><img loading=\"lazy\" decoding=\"async\" class=\"size-full wp-image-23836\" src=\"https:\/\/cimbcc.org\/test2\/wp-content\/uploads\/photo_cote_rejean.jpg\" alt=\"\" width=\"125\" height=\"125\" \/><figcaption id=\"caption-attachment-23836\" class=\"wp-caption-text\"><span style=\"color: #ffffff;\">mmmm<\/span>R\u00e9jean C\u00f4t\u00e9<\/figcaption><\/figure>\n<p style=\"text-align: justify;\">Ce sera bient\u00f4t la rentr\u00e9e au CIMBCC. Plusieurs b\u00e9n\u00e9voles sont \u00e0 l\u2019\u0153uvre depuis le mois de mai pour la mise en place des activit\u00e9s pr\u00e9vues pour l\u2019automne\u00a02017 et le conseil d\u2019administration s\u2019est r\u00e9uni le premier\u00a0ao\u00fbt afin de peaufiner le programme de cette nouvelle session.<\/p>\n<p style=\"text-align: justify;\"><!--more--><\/p>\n<hr \/>\n<p style=\"text-align: justify;\">La <strong><em>Journ\u00e9e d\u2019information et d\u2019inscription<\/em><\/strong> aura lieu cette ann\u00e9e le <strong>mardi<\/strong> <strong>5\u00a0septembre<\/strong> au <strong>Centre communautaire de Saint-Bruno<\/strong>. Plus de 20\u00a0b\u00e9n\u00e9voles du CIMBCC seront sur place pour accueillir, <strong>d\u00e8s 14\u00a0heures<\/strong>, les membres qui viendront renouveler leur adh\u00e9sion ainsi que les personnes qui viendront s\u2019informer et s\u2019inscrire au club pour la premi\u00e8re fois.<\/p>\n<p style=\"text-align: justify;\">La <strong><em>Journ\u00e9e d\u2019information et d\u2019inscription<\/em><\/strong> sera aussi l\u2019occasion de pr\u00e9senter le programme complet de la nouvelle session, ce qui sera fait \u00e0 trois reprises\u00a0: \u00e0 14\u00a0h\u00a030, \u00e0 16\u00a0h et \u00e0 19\u00a0h\u00a030. Cette ann\u00e9e encore, le club aura quelques nouveaut\u00e9s \u00e0 offrir \u00e0 ses membres, nouveaut\u00e9s qui sauront s\u00fbrement vous plaire.<\/p>\n<hr \/>\n<p style=\"text-align: justify;\">Parmi ces nouveaut\u00e9s, il y en a une qui se rapporte \u00e0 l\u2019organisation des s\u00e9ances de pr\u00e9sentations. Pendant la <strong>session d\u2019automne<\/strong>, toutes les s\u00e9ances de la s\u00e9rie <em>Facile<\/em> seront pr\u00e9sent\u00e9es le vendredi et toutes les s\u00e9ances de la s\u00e9rie <em>D\u00e9couverte<\/em> seront pr\u00e9sent\u00e9es le mercredi. Pendant la <strong>session d\u2019hiver<\/strong>, toutes les s\u00e9ances de la s\u00e9rie <em>Facile<\/em> seront pr\u00e9sent\u00e9es le mercredi et toutes les s\u00e9ances de la s\u00e9rie <em>D\u00e9couverte<\/em> seront pr\u00e9sent\u00e9es le vendredi. Pour acc\u00e9der aux <strong>Calendriers et notes de pr\u00e9sentations<\/strong>, cliquer sur le lien \u00e0 droite de la <a href=\"https:\/\/cimbcc.org\/test2\/\" target=\"_blank\" rel=\"noopener\">page d\u2019accueil du site Web du club<\/a>.<\/p>\n<hr \/>\n<p style=\"text-align: justify;\">Fin ao\u00fbt, le club vous enverra un premier courriel de fin de semaine pour vous inviter \u00e0 renouveler votre adh\u00e9sion par la poste ou \u00e0 venir le faire en personne le <strong>mardi<\/strong> <strong>5\u00a0septembre<\/strong>. Profitez-en pour venir nous rencontrer. C\u2019est avec plaisir que nous vous accueillerons. Je vous encourage \u00e0 inciter parents et amis \u00e0 vous accompagner pour qu\u2019ils prennent connaissance des activit\u00e9s du Club informatique Mont-Bruno et qu\u2019ils en deviennent membres.<\/p>\n<hr \/>\n<p style=\"text-align: justify;\">Les <strong>ateliers<\/strong> offerts durant l\u2019automne\u00a02017 sont d\u00e9j\u00e0 d\u00e9crits sur le site Web du club. Vous pouvez d\u00e8s maintenant en consulter les contenus et les coordonn\u00e9es <a href=\"https:\/\/cimbcc.org\/test2\/activites\/les-ateliers\" target=\"_blank\" rel=\"noopener\">en cliquant ici<\/a>. Les membres recevront un courriel de lancement de l\u2019inscription aux ateliers deux semaines avant le d\u00e9but de celle-ci. La mani\u00e8re de s\u2019inscrire demeure inchang\u00e9e, elle se fera en ligne en remplissant le formulaire qui se trouve au bas de la page de chacun des ateliers ouverts \u00e0 l\u2019inscription. Les inscriptions commenceront le 6\u00a0septembre \u00e0 midi, ce qui vous laisse du temps pour prendre une d\u00e9cision.<\/p>\n<hr \/>\n<p style=\"text-align: justify;\">Au plaisir de vous revoir bient\u00f4t, votre pr\u00e9sident qui, encore une fois, a bien h\u00e2te \u00e0 la rentr\u00e9e et a h\u00e2te aussi de vous rencontrer de nouveau.<\/p>\n<p style=\"text-align: justify;\">R\u00e9jean\u00a0C\u00f4t\u00e9, pr\u00e9sident<\/p>\n<p>&nbsp;<\/p>\n","protected":false},"excerpt":{"rendered":"<p>Ce sera bient\u00f4t la rentr\u00e9e au CIMBCC. Plusieurs b\u00e9n\u00e9voles sont \u00e0 l\u2019\u0153uvre depuis le mois de mai pour la mise en place des activit\u00e9s pr\u00e9vues pour l\u2019automne\u00a02017 et le conseil d\u2019administration s\u2019est r\u00e9uni le premier\u00a0ao\u00fbt afin de peaufiner le programme de cette nouvelle session.<\/p>\n","protected":false},"author":43,"featured_media":0,"comment_status":"open","ping_status":"closed","sticky":false,"template":"","format":"standard","meta":{"footnotes":""},"categories":[11],"tags":[269,143,271],"class_list":["post-18453","post","type-post","status-publish","format-standard","hentry","category-mots-du-president","tag-ateliers","tag-journee-dinformation-et-dinscription","tag-presentations"],"_links":{"self":[{"href":"https:\/\/cimbcc.org\/test2\/wp-json\/wp\/v2\/posts\/18453","targetHints":{"allow":["GET"]}}],"collection":[{"href":"https:\/\/cimbcc.org\/test2\/wp-json\/wp\/v2\/posts"}],"about":[{"href":"https:\/\/cimbcc.org\/test2\/wp-json\/wp\/v2\/types\/post"}],"author":[{"embeddable":true,"href":"https:\/\/cimbcc.org\/test2\/wp-json\/wp\/v2\/users\/43"}],"replies":[{"embeddable":true,"href":"https:\/\/cimbcc.org\/test2\/wp-json\/wp\/v2\/comments?post=18453"}],"version-history":[{"count":4,"href":"https:\/\/cimbcc.org\/test2\/wp-json\/wp\/v2\/posts\/18453\/revisions"}],"predecessor-version":[{"id":24762,"href":"https:\/\/cimbcc.org\/test2\/wp-json\/wp\/v2\/posts\/18453\/revisions\/24762"}],"wp:attachment":[{"href":"https:\/\/cimbcc.org\/test2\/wp-json\/wp\/v2\/media?parent=18453"}],"wp:term":[{"taxonomy":"category","embeddable":true,"href":"https:\/\/cimbcc.org\/test2\/wp-json\/wp\/v2\/categories?post=18453"},{"taxonomy":"post_tag","embeddable":true,"href":"https:\/\/cimbcc.org\/test2\/wp-json\/wp\/v2\/tags?post=18453"}],"curies":[{"name":"wp","href":"https:\/\/api.w.org\/{rel}","templated":true}]}}