{"id":18546,"date":"2017-08-24T06:00:12","date_gmt":"2017-08-24T10:00:12","guid":{"rendered":"https:\/\/cimbcc.org\/test2\/?p=18546"},"modified":"2023-10-16T22:15:10","modified_gmt":"2023-10-17T02:15:10","slug":"echos-du-conseil-dadministration-1er-aout-2017","status":"publish","type":"post","link":"https:\/\/cimbcc.org\/test2\/echos-du-conseil-dadministration-1er-aout-2017\/","title":{"rendered":"\u00c9chos du conseil d&rsquo;administration &#8211; 1er ao\u00fbt 2017"},"content":{"rendered":"<figure id=\"attachment_18645\" aria-describedby=\"caption-attachment-18645\" style=\"width: 500px\" class=\"wp-caption aligncenter\"><img loading=\"lazy\" decoding=\"async\" class=\"size-full wp-image-18645\" src=\"https:\/\/cimbcc.org\/test2\/wp-content\/uploads\/CA_2017_2018-1.jpg\" alt=\"CA 2017-2018\" width=\"500\" height=\"313\" srcset=\"https:\/\/cimbcc.org\/test2\/wp-content\/uploads\/CA_2017_2018-1.jpg 500w, https:\/\/cimbcc.org\/test2\/wp-content\/uploads\/CA_2017_2018-1-300x188.jpg 300w\" sizes=\"auto, (max-width: 500px) 100vw, 500px\" \/><figcaption id=\"caption-attachment-18645\" class=\"wp-caption-text\">Premi\u00e8re rang\u00e9e : Huguette Turgeon, Berthe Demers, Danielle Barab\u00e9, Danielle Bourque. Deuxi\u00e8me rang\u00e9e : Sylvie Mazur, R\u00e9jean C\u00f4t\u00e9, Richard Gervais, Jacques Lalibert\u00e9, Michel Gagn\u00e9. Absent de la photo : R\u00e9jean Daigle.<\/figcaption><\/figure>\n<p style=\"text-align: justify;\">C\u2019est avec plaisir que les membres du conseil d\u2019administration se sont r\u00e9unis le 1<sup>er<\/sup>\u00a0ao\u00fbt dernier pour lancer la nouvelle saison. Les points importants qui ont \u00e9t\u00e9 trait\u00e9s lors de cette r\u00e9union portaient sur les priorit\u00e9s de 2017-2018, une r\u00e8gle \u00e0 suivre par les auteurs des articles du <em>CHIP<\/em>, les membres et un nouveau b\u00e9n\u00e9vole, la <em>Journ\u00e9e d\u2019information et d\u2019inscription<\/em> de septembre ainsi que les s\u00e9ances de pr\u00e9sentations de la s\u00e9rie <em>Facile<\/em>.<br \/>\n<!--more--><\/p>\n<hr \/>\n<h4><strong>Priorit\u00e9s\u00a02017-2018<\/strong><\/h4>\n<p style=\"text-align: justify;\">Avant de fixer leurs objectifs prioritaires pour l\u2019ann\u00e9e\u00a02017-2018, les administrateurs du club ont pass\u00e9 en revue ceux de l\u2019an dernier. Ceux-ci \u00e9taient\u00a0:<\/p>\n<ol style=\"text-align: justify;\">\n<li><strong><em>R\u00e9duire la charge de travail des b\u00e9n\u00e9voles qui doivent accomplir un nombre important de t\u00e2ches.<\/em><\/strong><\/li>\n<li><strong><em>Trouver un assistant pour chaque b\u00e9n\u00e9vole responsable d\u2019une activit\u00e9 vitale pour le club et pour qui aucun substitut n\u2019a \u00e9t\u00e9 identifi\u00e9.<\/em><\/strong><\/li>\n<li><strong><em>Pr\u00e9senter de nouveaux sujets lors des s\u00e9ances du mercredi et du vendredi en 2017-2018.<\/em><\/strong><\/li>\n<\/ol>\n<p style=\"text-align: justify;\">Cet examen a permis de conclure que\u00a0certains b\u00e9n\u00e9voles doivent encore accomplir un nombre important de t\u00e2ches sans pouvoir les confier \u00e0 d\u2019autres. De plus, certaines activit\u00e9s vitales pour le club sont sous la responsabilit\u00e9 d\u2019une personne qui ne peut compter ni sur un assistant ni sur un substitut. Enfin, la pr\u00e9sentation de nouveaux sujets dans le cadre des s\u00e9ances de pr\u00e9sentations reste soumise \u00e0 la disponibilit\u00e9 des pr\u00e9sentateurs actuels et au recrutement de nouveaux pr\u00e9sentateurs.<\/p>\n<p style=\"text-align: justify;\">Les efforts consacr\u00e9s l\u2019an dernier \u00e0 l\u2019atteinte des objectifs prioritaires ont donn\u00e9 des r\u00e9sultats int\u00e9ressants, mais insuffisants. C\u2019est pourquoi le conseil d\u2019administration a d\u00e9cid\u00e9 d\u2019adopter pour 2017-2018 <strong>les m\u00eames objectifs prioritaires<\/strong> que l\u2019an dernier. Ceci se traduira entre autres par des appels \u00e0 la bonne volont\u00e9 de membres qui accepteront de se charger de certaines responsabilit\u00e9s.<\/p>\n<hr \/>\n<h4 style=\"text-align: justify;\"><strong>R\u00e8gle pour les auteurs des articles du <em>CHIP<\/em><\/strong><\/h4>\n<p style=\"text-align: justify;\">Le <em>CHIP<\/em> est le blogue du Club informatique Mont-Bruno. Des articles y sont publi\u00e9s r\u00e9guli\u00e8rement au rythme de deux ou trois par semaine. Toute personne, membre du club ou non, peut soumettre un article en l\u2019envoyant \u00e0 l\u2019adresse <a href=\"mailto:editeur.du.chip@hotmail.com\"><em>editeur.du.chip@hotmail.com<\/em><\/a> ou proposer un commentaire sur un article en remplissant le formulaire pr\u00e9vu \u00e0 cet effet \u00e0 la suite de l\u2019article.<\/p>\n<p style=\"text-align: justify;\">Le <em>CHIP<\/em> est sous la responsabilit\u00e9 d\u2019un \u00e9diteur qui, avec son \u00e9quipe, voit \u00e0\u00a0accepter ou refuser les articles propos\u00e9s en fonction de crit\u00e8res pr\u00e9\u00e9tablis, publier les articles accept\u00e9s en assurant une qualit\u00e9 raisonnable de la langue et mod\u00e9rer les commentaires. (Voir les d\u00e9tails sur le site du club\u00a0<a href=\"https:\/\/cimbcc.org\/test2\/services\/chip\" target=\"_blank\" rel=\"noopener\">en cliquant ici<\/a>.)<\/p>\n<p style=\"text-align: justify;\">Or, en plus du temps consacr\u00e9 \u00e0 accomplir les t\u00e2ches n\u00e9cessaires \u00e0 la publication du <em>CHIP<\/em>, l\u2019\u00e9diteur doit r\u00e9guli\u00e8rement compl\u00e9ter le texte d\u2019un article qu\u2019on lui a fait parvenir. Dans le but de r\u00e9duire la t\u00e2che des b\u00e9n\u00e9voles qui \u0153uvrent au <em>CHIP<\/em>, le conseil d\u2019administration a adopt\u00e9 la r\u00e8gle suivante\u00a0:<\/p>\n<p style=\"text-align: justify;\"><strong>Tout article propos\u00e9 au <em>CHIP<\/em> pour publication devra compter un minimum de 8\u00a0lignes originales r\u00e9dig\u00e9es par l\u2019auteur de cet article.<\/strong><\/p>\n<hr \/>\n<h4><strong>Membres et b\u00e9n\u00e9voles<\/strong><\/h4>\n<p style=\"text-align: justify;\">Le club comptait encore 778\u00a0membres au d\u00e9but du mois. Les renouvellements et les nouvelles inscriptions pourront se faire \u00e0 la prochaine <em>Journ\u00e9e d\u2019information et d\u2019inscription<\/em>.<\/p>\n<p style=\"text-align: justify;\">Michel\u00a0Gagn\u00e9 \u00e9tait heureux d\u2019annoncer qu\u2019il pourra compter sur Jean-Fran\u00e7ois\u00a0Courtoy pour l\u2019assister dans les cours d\u2019initiation \u00e0 la biblioth\u00e8que.<\/p>\n<hr \/>\n<h4><strong>Journ\u00e9e d\u2019information et d\u2019inscription<\/strong><\/h4>\n<p style=\"text-align: justify;\">Cette ann\u00e9e, la <em>Journ\u00e9e d\u2019information et d\u2019inscription<\/em> se tiendra le <strong>mardi 5\u00a0septembre<\/strong>. Danielle\u00a0Bourque a amorc\u00e9 la pr\u00e9paration de cet \u00e9v\u00e9nement annuel du club avec l\u2019aide de Jeanne\u00a0Maranda. La tr\u00e9sori\u00e8re du club, Danielle\u00a0Barab\u00e9, y a aussi \u00e9t\u00e9 associ\u00e9e pour la gestion des cotisations. La pr\u00e9sence des b\u00e9n\u00e9voles n\u00e9cessaires \u00e0 l\u2019accueil des visiteurs et \u00e0 leur inscription devait \u00eatre confirm\u00e9e dans les jours suivants.<\/p>\n<p style=\"text-align: justify;\">Tenir cette rencontre annuelle un mardi (plut\u00f4t qu\u2019un mercredi comme par le pass\u00e9) avait pour but de profiter d\u2019une plus grande disponibilit\u00e9 des salles n\u00e9cessaires. Non seulement ce sera le cas, mais le club sera aussi le seul \u00e0 tenir une activit\u00e9 <strong>au Centre communautaire de Saint-Bruno<\/strong> ce jour-l\u00e0.<\/p>\n<hr \/>\n<h4><strong>Orientations pour les s\u00e9ances de pr\u00e9sentations de la s\u00e9rie <em>Facile<\/em><\/strong><\/h4>\n<p style=\"text-align: justify;\">Guy\u00a0B\u00e9langer, responsable des s\u00e9ances du mercredi et du vendredi, et les pr\u00e9sentateurs ont propos\u00e9 les orientations suivantes pour la s\u00e9rie <em>Facile\u00a0<\/em>:<\/p>\n<ul>\n<li style=\"text-align: justify;\">simplifier grandement le contenu des s\u00e9ances de la s\u00e9rie <em>Facile<\/em>;<\/li>\n<li style=\"text-align: justify;\">offrir ces s\u00e9ances en rafale le vendredi apr\u00e8s-midi durant l\u2019automne et le mercredi soir durant l\u2019hiver;<\/li>\n<li style=\"text-align: justify;\">cr\u00e9er des encha\u00eenements entre les s\u00e9ances pour favoriser la pr\u00e9sence continue des membres;<\/li>\n<li style=\"text-align: justify;\">standardiser les fa\u00e7ons de faire et le vocabulaire entre les pr\u00e9sentateurs;<\/li>\n<li style=\"text-align: justify;\">produire un programme pour les s\u00e9ances pour nous assurer de couvrir tous les sujets importants et dans le bon ordre.<\/li>\n<\/ul>\n<p style=\"text-align: justify;\">Ces orientations ont pour objectif d\u2019augmenter la pers\u00e9v\u00e9rance des membres ainsi que leur pr\u00e9sence aux s\u00e9ances de pr\u00e9sentation. Elles ont \u00e9t\u00e9 adopt\u00e9es par le conseil d\u2019administration qui a aussi approuv\u00e9 le programme propos\u00e9 et le plan d\u2019action \u00e9labor\u00e9 par l\u2019\u00e9quipe. Le calendrier publi\u00e9 sur le site Web du club refl\u00e8te ces orientations.<\/p>\n<p>Sylvie\u00a0Mazur, secr\u00e9taire du CIMBCC<\/p>\n","protected":false},"excerpt":{"rendered":"<p>C\u2019est avec plaisir que les membres du conseil d\u2019administration se sont r\u00e9unis le 1er\u00a0ao\u00fbt dernier pour lancer la nouvelle saison. Les points importants qui ont \u00e9t\u00e9 trait\u00e9s lors de cette r\u00e9union portaient sur les priorit\u00e9s de 2017-2018, une r\u00e8gle \u00e0 suivre par les auteurs des articles du CHIP, les membres et un nouveau b\u00e9n\u00e9vole, la &hellip; <a href=\"https:\/\/cimbcc.org\/test2\/echos-du-conseil-dadministration-1er-aout-2017\/\" class=\"more-link\">Continuer la lecture de <span class=\"screen-reader-text\">\u00c9chos du conseil d&rsquo;administration &#8211; 1er ao\u00fbt 2017<\/span>  <span class=\"meta-nav\">&rarr;<\/span><\/a><\/p>\n","protected":false},"author":43,"featured_media":0,"comment_status":"open","ping_status":"closed","sticky":false,"template":"","format":"standard","meta":{"footnotes":""},"categories":[386],"tags":[246,370,143,271,425],"class_list":["post-18546","post","type-post","status-publish","format-standard","hentry","category-echos-du-conseil-dadministration","tag-chip","tag-facile","tag-journee-dinformation-et-dinscription","tag-presentations","tag-priorites"],"_links":{"self":[{"href":"https:\/\/cimbcc.org\/test2\/wp-json\/wp\/v2\/posts\/18546","targetHints":{"allow":["GET"]}}],"collection":[{"href":"https:\/\/cimbcc.org\/test2\/wp-json\/wp\/v2\/posts"}],"about":[{"href":"https:\/\/cimbcc.org\/test2\/wp-json\/wp\/v2\/types\/post"}],"author":[{"embeddable":true,"href":"https:\/\/cimbcc.org\/test2\/wp-json\/wp\/v2\/users\/43"}],"replies":[{"embeddable":true,"href":"https:\/\/cimbcc.org\/test2\/wp-json\/wp\/v2\/comments?post=18546"}],"version-history":[{"count":5,"href":"https:\/\/cimbcc.org\/test2\/wp-json\/wp\/v2\/posts\/18546\/revisions"}],"predecessor-version":[{"id":19451,"href":"https:\/\/cimbcc.org\/test2\/wp-json\/wp\/v2\/posts\/18546\/revisions\/19451"}],"wp:attachment":[{"href":"https:\/\/cimbcc.org\/test2\/wp-json\/wp\/v2\/media?parent=18546"}],"wp:term":[{"taxonomy":"category","embeddable":true,"href":"https:\/\/cimbcc.org\/test2\/wp-json\/wp\/v2\/categories?post=18546"},{"taxonomy":"post_tag","embeddable":true,"href":"https:\/\/cimbcc.org\/test2\/wp-json\/wp\/v2\/tags?post=18546"}],"curies":[{"name":"wp","href":"https:\/\/api.w.org\/{rel}","templated":true}]}}