{"id":18620,"date":"2017-09-06T06:00:08","date_gmt":"2017-09-06T10:00:08","guid":{"rendered":"https:\/\/cimbcc.org\/test2\/?p=18620"},"modified":"2023-10-16T22:15:10","modified_gmt":"2023-10-17T02:15:10","slug":"proche-aidant-un-sujet-de-plus-en-plus-visible","status":"publish","type":"post","link":"https:\/\/cimbcc.org\/test2\/proche-aidant-un-sujet-de-plus-en-plus-visible\/","title":{"rendered":"Proche aidant, un sujet de plus en plus visible"},"content":{"rendered":"<figure id=\"attachment_24157\" aria-describedby=\"caption-attachment-24157\" style=\"width: 125px\" class=\"wp-caption aligncenter\"><img loading=\"lazy\" decoding=\"async\" src=\"https:\/\/cimbcc.org\/test2\/wp-content\/uploads\/photo_theroux_michel.jpg\" alt=\"\" width=\"125\" height=\"125\" class=\"size-full wp-image-24157\" \/><figcaption id=\"caption-attachment-24157\" class=\"wp-caption-text\"><span style=\"color: #ffffff;\">mmm<\/span> Michel Th\u00e9roux<\/figcaption><\/figure>\n<p style=\"text-align: justify;\">Plusieurs d\u2019entre nous sont des proches aidants, des proches aidants qui s\u2019ignorent ou nous connaissons des personnes que nous pouvons qualifier de proches aidantes.<\/p>\n<p style=\"text-align: justify;\">Selon l\u2019Institut de la statistique du Qu\u00e9bec, on comptait, en 2012, plus d\u2019un million de <strong>proches aidants<\/strong> au Qu\u00e9bec, plus pr\u00e9cis\u00e9ment, <strong>1,13 million<\/strong>.<\/p>\n<p><!--more--><\/p>\n<h4>D\u00e9finition d&rsquo;un proche aidant<\/h4>\n<p><em>\u00ab\u00a0Si vous prenez soin d\u2019un proche souffrant d\u2019une incapacit\u00e9 permanente ou temporaire due \u00e0 un handicap, un accident, une maladie ou \u00e0 cause de l\u2019\u00e2ge avanc\u00e9, VOUS \u00caTES UN PROCHE AIDANT.\u00a0\u00bb<\/em><\/p>\n<p style=\"text-align: justify;\"><em>\u00ab\u00a0Si vous aidez une personne de votre entourage imm\u00e9diat en perte d\u2019autonomie, \u00e0 titre non professionnel, lui assurant de fa\u00e7on r\u00e9guli\u00e8re ou occasionnelle, un soutien \u00e9motif, des soins ou des services de nature vari\u00e9e, destin\u00e9s \u00e0 compenser ses incapacit\u00e9s, VOUS \u00caTES UN PROCHE AIDANT.\u00a0\u00bb (<a href=\"http:\/\/www.aidantsnaturels.org\/JeSuisUnAidant_VousEtes.php\" target=\"_blank\" rel=\"noopener\">Source<\/a>)<\/em><\/p>\n<p><img loading=\"lazy\" decoding=\"async\" class=\"aligncenter size-full wp-image-18630\" src=\"https:\/\/cimbcc.org\/test2\/wp-content\/uploads\/CHIP_201709_Aidants.jpg\" alt=\"\" width=\"640\" height=\"425\" srcset=\"https:\/\/cimbcc.org\/test2\/wp-content\/uploads\/CHIP_201709_Aidants.jpg 640w, https:\/\/cimbcc.org\/test2\/wp-content\/uploads\/CHIP_201709_Aidants-300x199.jpg 300w, https:\/\/cimbcc.org\/test2\/wp-content\/uploads\/CHIP_201709_Aidants-120x80.jpg 120w\" sizes=\"auto, (max-width: 640px) 100vw, 640px\" \/><\/p>\n<hr \/>\n<h4 style=\"text-align: justify;\">Ressources pour les proches aidants<\/h4>\n<p style=\"text-align: justify;\">Sur le web, il y a plusieurs ressources accessibles. Celles que je consid\u00e8re comme les plus pertinentes pour nous, en Mont\u00e9r\u00e9gie, sont\u00a0:<\/p>\n<p><strong>Regroupement des Organismes Mont\u00e9r\u00e9gien des Aidants Naturels\u00a0:\u00a0<\/strong><a href=\"http:\/\/www.aidantsnaturels.org\/roman.php\" target=\"_blank\" rel=\"noopener\"><strong>ROMAN<\/strong><\/a><\/p>\n<ul>\n<li>Il nous propose des informations sur les organismes et services pour les proches aidants pour la Mont\u00e9r\u00e9gie.<\/li>\n<\/ul>\n<p><strong>L&rsquo;appui pour les proches aidants d&rsquo;a\u00een\u00e9s\u00a0: <a href=\"https:\/\/www.lappui.org\/\" target=\"_blank\" rel=\"noopener\">APPUI<\/a><\/strong><\/p>\n<ul>\n<li>Site provincial regroupant les APPUI r\u00e9gionaux ayant comme objectif de soutenir les proches aidants par le biais de subventions.<\/li>\n<\/ul>\n<p><strong>Le R\u00e9seau Aidant\u00a0: <a href=\"https:\/\/lereseauaidant.ca\/\" target=\"_blank\" rel=\"noopener\">LRA<\/a><\/strong><\/p>\n<ul>\n<li>Le LRA est le plus grand r\u00e9seau d\u2019apprentissage \u00e0 distance offrant du soutien aux aidants, \u00e0 leurs proches ainsi qu\u2019aux professionnels de la sant\u00e9 qui travaillent avec eux.<\/li>\n<\/ul>\n<hr \/>\n<h4><strong>Les organismes sp\u00e9cifiques\u00a0<\/strong><\/h4>\n<p style=\"text-align: justify;\">Il y a aussi des organisations sp\u00e9cifiques \u00e0 des probl\u00e9matiques pr\u00e9cises, soit le r\u00e9seau des soci\u00e9t\u00e9s suivant :<\/p>\n<ul>\n<li><a href=\"http:\/\/www.alzheimer.ca\/fr\/rivesud\" target=\"_blank\" rel=\"noopener\"><strong>Alzheimer<\/strong><\/a><\/li>\n<li><a href=\"http:\/\/parkinsonquebec.ca\/regions\/rive-sud\/nouvelles\/\" target=\"_blank\" rel=\"noopener\"><strong>Parkinson\u00a0Qu\u00e9bec<\/strong><\/a><\/li>\n<li><a href=\"http:\/\/www.cancer.ca\/fr-ca\/about-us\/contact-us\/?region=qc\" target=\"_blank\" rel=\"noopener\"><strong>Soci\u00e9t\u00e9 canadienne du\u00a0<\/strong><span style=\"line-height: inherit;\"><strong>cancer<\/strong><\/span><\/a><\/li>\n<\/ul>\n<hr \/>\n<h4>Si vous \u00eates un aidant naturel, lisez ce qui suit\u00a0:<\/h4>\n<p style=\"text-align: justify;\"><em>\u00ab\u00a0Les t\u00e2ches de la prise en charge d\u2019une personne d\u00e9pendante peuvent \u00eatre regroup\u00e9es en trois champs d\u2019activit\u00e9s. Ainsi les t\u00e2ches associ\u00e9es \u00e0 l\u2019assistance et aux soins de la personne d\u00e9pendante comprennent\u00a0:<\/em><\/p>\n<ul>\n<li style=\"text-align: justify;\"><em>les soins m\u00e9dicaux, les soins physiques, le soutien moral ou psychologique, <\/em><\/li>\n<li style=\"text-align: justify;\"><em>l\u2019aide dans l\u2019organisation de la vie quotidienne,<\/em><\/li>\n<li style=\"text-align: justify;\"><em>la surveillance.<\/em><\/li>\n<\/ul>\n<p style=\"text-align: justify;\"><em>Les t\u00e2ches associ\u00e9es \u00e0 la m\u00e9diation entre la personne d\u00e9pendante, la communaut\u00e9 et les services publics impliquent\u00a0:<\/em><\/p>\n<ul>\n<li style=\"text-align: justify;\"><em> la mobilisation des ressources de sant\u00e9 et de services sociaux, <\/em><\/li>\n<li style=\"text-align: justify;\"><em>la mobilisation des ressources judiciaires, financi\u00e8res et l\u00e9gales,<\/em><\/li>\n<li style=\"text-align: justify;\"><em>la m\u00e9diation pour assurer l\u2019int\u00e9gration sociale.<\/em><\/li>\n<\/ul>\n<p style=\"text-align: justify;\"><em>Et enfin, les t\u00e2ches associ\u00e9es \u00e0 l\u2019organisation et \u00e0 la coordination du travail de prise en charge englobent\u00a0:<\/em><\/p>\n<ul>\n<li><em>divers services et acteurs impliqu\u00e9s,<\/em><\/li>\n<li><em>de multiples exigences associ\u00e9es aux diverses sph\u00e8res de la vie.<\/em><\/li>\n<\/ul>\n<p style=\"text-align: justify;\"><em><strong>Les proches n\u2019effectuent pas n\u00e9cessairement toutes ces t\u00e2ches, mais il est plut\u00f4t rare que la prise en charge ne se r\u00e9sume qu\u2019\u00e0 une seule de ces activit\u00e9s.<\/strong>\u00a0\u00bb (<a href=\"http:\/\/www.aidantsnaturels.org\/JeSuisUnAidant_VousEtes.php\" target=\"_blank\" rel=\"noopener\">Source<\/a>)<\/em><\/p>\n<hr \/>\n<h4>Mise en garde<\/h4>\n<p style=\"text-align: justify;\"><em>\u00ab\u00a0<strong>N\u2019attendez pas d\u2019\u00eatre au bout du rouleau!<\/strong> \u00catre un aidant, c\u2019est tout simplement voir au bien-\u00eatre et \u00e0 la qualit\u00e9 de vie d\u2019un proche qui a besoin de notre soutien.\u00a0\u00bb (<a href=\"http:\/\/www.aidantsnaturels.org\/JeSuisUnAidant_TempsPlein.php\" target=\"_blank\" rel=\"noopener\">Source<\/a>)<\/em><\/p>\n<hr \/>\n<p style=\"text-align: justify;\">N&rsquo;oubliez pas de <strong>vous<\/strong> laisser aider par les ressources mentionn\u00e9es plus haut\u00a0:\u00a0<strong><a href=\"http:\/\/www.aidantsnaturels.org\/roman.php\" target=\"_blank\" rel=\"noopener\">ROMAN<\/a>,\u00a0<a href=\"https:\/\/www.lappui.org\/\" target=\"_blank\" rel=\"noopener\">APPUI<\/a>\u00a0<\/strong>et\u00a0<strong><a href=\"https:\/\/lereseauaidant.ca\/\" target=\"_blank\" rel=\"noopener\">LRA<\/a>.<\/strong><\/p>\n<p>Michel Th\u00e9roux<br \/>\nProche aidant<\/p>\n","protected":false},"excerpt":{"rendered":"<p>Plusieurs d\u2019entre nous sont des proches aidants, des proches aidants qui s\u2019ignorent ou nous connaissons des personnes que nous pouvons qualifier de proches aidantes. Selon l\u2019Institut de la statistique du Qu\u00e9bec, on comptait, en 2012, plus d\u2019un million de proches aidants au Qu\u00e9bec, plus pr\u00e9cis\u00e9ment, 1,13 million.<\/p>\n","protected":false},"author":43,"featured_media":0,"comment_status":"open","ping_status":"closed","sticky":false,"template":"","format":"standard","meta":{"footnotes":""},"categories":[12],"tags":[656,655],"class_list":["post-18620","post","type-post","status-publish","format-standard","hentry","category-sites-coup-de-coeur","tag-aidant-naturel","tag-proche-aidant"],"_links":{"self":[{"href":"https:\/\/cimbcc.org\/test2\/wp-json\/wp\/v2\/posts\/18620","targetHints":{"allow":["GET"]}}],"collection":[{"href":"https:\/\/cimbcc.org\/test2\/wp-json\/wp\/v2\/posts"}],"about":[{"href":"https:\/\/cimbcc.org\/test2\/wp-json\/wp\/v2\/types\/post"}],"author":[{"embeddable":true,"href":"https:\/\/cimbcc.org\/test2\/wp-json\/wp\/v2\/users\/43"}],"replies":[{"embeddable":true,"href":"https:\/\/cimbcc.org\/test2\/wp-json\/wp\/v2\/comments?post=18620"}],"version-history":[{"count":22,"href":"https:\/\/cimbcc.org\/test2\/wp-json\/wp\/v2\/posts\/18620\/revisions"}],"predecessor-version":[{"id":25022,"href":"https:\/\/cimbcc.org\/test2\/wp-json\/wp\/v2\/posts\/18620\/revisions\/25022"}],"wp:attachment":[{"href":"https:\/\/cimbcc.org\/test2\/wp-json\/wp\/v2\/media?parent=18620"}],"wp:term":[{"taxonomy":"category","embeddable":true,"href":"https:\/\/cimbcc.org\/test2\/wp-json\/wp\/v2\/categories?post=18620"},{"taxonomy":"post_tag","embeddable":true,"href":"https:\/\/cimbcc.org\/test2\/wp-json\/wp\/v2\/tags?post=18620"}],"curies":[{"name":"wp","href":"https:\/\/api.w.org\/{rel}","templated":true}]}}