{"id":18786,"date":"2017-09-21T20:00:58","date_gmt":"2017-09-22T00:00:58","guid":{"rendered":"https:\/\/cimbcc.org\/test2\/?p=18786"},"modified":"2023-10-16T22:15:09","modified_gmt":"2023-10-17T02:15:09","slug":"echos-du-conseil-dadministration-29-aout-2017","status":"publish","type":"post","link":"https:\/\/cimbcc.org\/test2\/echos-du-conseil-dadministration-29-aout-2017\/","title":{"rendered":"\u00c9chos du conseil d&rsquo;administration &#8211; 29 ao\u00fbt 2017"},"content":{"rendered":"<figure id=\"attachment_18645\" aria-describedby=\"caption-attachment-18645\" style=\"width: 500px\" class=\"wp-caption aligncenter\"><img loading=\"lazy\" decoding=\"async\" class=\"size-full wp-image-18645\" src=\"https:\/\/cimbcc.org\/test2\/wp-content\/uploads\/CA_2017_2018-1.jpg\" alt=\"CA 2017-2018\" width=\"500\" height=\"313\" srcset=\"https:\/\/cimbcc.org\/test2\/wp-content\/uploads\/CA_2017_2018-1.jpg 500w, https:\/\/cimbcc.org\/test2\/wp-content\/uploads\/CA_2017_2018-1-300x188.jpg 300w\" sizes=\"auto, (max-width: 500px) 100vw, 500px\" \/><figcaption id=\"caption-attachment-18645\" class=\"wp-caption-text\">Premi\u00e8re rang\u00e9e : Huguette Turgeon, Berthe Demers, Danielle Barab\u00e9, Danielle Bourque. Deuxi\u00e8me rang\u00e9e : Sylvie Mazur, R\u00e9jean C\u00f4t\u00e9, Richard Gervais, Jacques Lalibert\u00e9, Michel Gagn\u00e9. Absent de la photo : R\u00e9jean Daigle.<\/figcaption><\/figure>\n<p style=\"text-align: justify;\">Afin d\u2019\u00eatre disponibles pour la <em>Journ\u00e9e d\u2019information et d\u2019inscription<\/em> du 5\u00a0septembre, les administrateurs du club ont devanc\u00e9 leur r\u00e9union de septembre au 29\u00a0ao\u00fbt. Il y a beaucoup \u00e9t\u00e9 question des b\u00e9n\u00e9voles\u00a0: ceux qui \u0153uvrent au club sans qui rien ne serait possible et ceux que l\u2019on recherche soit pour remplacer ou soulager un b\u00e9n\u00e9vole, soit pour enrichir et diversifier l\u2019offre de services du club.<\/p>\n<p style=\"text-align: justify;\">Et en ce d\u00e9but de session automnale, le conseil a fait le point sur quelques activit\u00e9s qui red\u00e9marrent\u00a0: les ateliers et les s\u00e9ances de pr\u00e9sentations, et le soutien logistique essentiel.<\/p>\n<p><!--more--><\/p>\n<hr \/>\n<h4><strong>B\u00e9n\u00e9voles<\/strong><\/h4>\n<p style=\"text-align: justify;\">Aucun nouveau b\u00e9n\u00e9vole n\u2019est \u00e0 signaler, mais il y a toujours des <strong>besoins<\/strong>. C\u2019est d\u2019ailleurs ces besoins que le conseil cherche \u00e0 combler en poursuivant ses <strong>objectifs prioritaires<\/strong> (voir les <em>\u00c9chos du conseil d\u2019administration<\/em> du 1<sup>er<\/sup>\u00a0ao\u00fbt <a href=\"https:\/\/cimbcc.org\/test2\/echos-du-conseil-dadministration-1er-aout-2017\" target=\"_blank\" rel=\"noopener\">en cliquant ici<\/a>).<\/p>\n<p style=\"text-align: justify;\">Entre autres, on est \u00e0 la recherche\u00a0:<\/p>\n<ul>\n<li style=\"text-align: justify;\">d\u2019une personne pour assister la responsable du registre de membres;<\/li>\n<li style=\"text-align: justify;\">d\u2019une personne qui pourrait, au besoin, agir comme substitut du responsable du <em>CHIP;<\/em><\/li>\n<li style=\"text-align: justify;\">de pr\u00e9sentateurs sur des sujets qui n\u2019ont pas encore \u00e9t\u00e9 touch\u00e9s lors des s\u00e9ances de pr\u00e9sentations;<\/li>\n<li style=\"text-align: justify;\">de nouveau animateurs.<\/li>\n<\/ul>\n<hr \/>\n<h4><strong>Ateliers<\/strong><\/h4>\n<p style=\"text-align: justify;\">Entre le 19\u00a0septembre et le 12\u00a0d\u00e9cembre, douze animateurs et coanimateurs offriront <strong>treize ateliers<\/strong> dans trois villes diff\u00e9rentes\u00a0: Saint-Bruno, Sainte-Julie et Saint-Basile. Trois ateliers se tiendront en soir\u00e9e et dix ateliers se tiendront en apr\u00e8s-midi. La r\u00e9servation des salles pour les 48\u00a0r\u00e9unions planifi\u00e9es cet automne n\u2019a repr\u00e9sent\u00e9 aucune difficult\u00e9, les demandes du club ont toutes \u00e9t\u00e9 accept\u00e9es y compris par le Centre communautaire de Saint-Bruno, ce qui est une am\u00e9lioration tr\u00e8s appr\u00e9ciable au grand soulagement des responsables, Berthe Demers et Genevi\u00e8ve Renaud.<\/p>\n<p style=\"text-align: justify;\">Genevi\u00e8ve\u00a0Renaud et Danielle\u00a0Barab\u00e9 ont travaill\u00e9\u00a0ensemble \u00e0 la pr\u00e9paration du calendrier des ateliers dans le but de transf\u00e9rer la responsabilit\u00e9 de l\u2019une \u00e0 l\u2019autre. Danielle Barab\u00e9 pourra sans doute prendre la rel\u00e8ve de Genevi\u00e8ve Renaud pour les ateliers de l\u2019hiver prochain.<\/p>\n<p style=\"text-align: justify;\">Les ateliers offerts sont les m\u00eames depuis quelques sessions, le plus r\u00e9cent \u00e9tant celui sur Excel. Le conseil d\u2019administration est pr\u00e9occup\u00e9 par le fait qu\u2019aucun nouveau sujet d\u2019atelier n\u2019est en pr\u00e9paration. Pour maintenir l\u2019int\u00e9r\u00eat de nos membres, il faudrait pouvoir offrir de nouveaux ateliers, mais le probl\u00e8me reste le m\u00eame\u00a0: <strong>recruter de nouveaux animateurs<\/strong> qui contribueront \u00e0 la vari\u00e9t\u00e9 des formations offertes.<\/p>\n<hr \/>\n<h4><strong>S\u00e9ances de pr\u00e9sentations<\/strong><\/h4>\n<p style=\"text-align: justify;\">Le 1<sup>er<\/sup>\u00a0ao\u00fbt, le conseil avait approuv\u00e9 les orientations propos\u00e9es pour la s\u00e9rie <em>Facile<\/em> de m\u00eame que le plan d\u2019action \u00e9labor\u00e9 par les responsables et les pr\u00e9sentateurs. \u00c0 cette r\u00e9union de fin ao\u00fbt, le conseil a approuv\u00e9 le projet des s\u00e9ances de pr\u00e9sentations pour l\u2019ann\u00e9e\u00a02017-2018. Tout \u00e9tait pr\u00eat et les calendriers ont \u00e9t\u00e9 mis \u00e0 jour sur le site du club o\u00f9 ils seront toujours accessibles par un lien sur la page d\u2019accueil. Le conseil partage le souhait des responsables des s\u00e9ances de pr\u00e9sentation, Guy\u00a0B\u00e9langer et C\u00e9line\u00a0Dufresne, de trouver de <strong>nouveaux pr\u00e9sentateurs<\/strong> afin d\u2019enrichir l\u2019offre du club.<\/p>\n<hr \/>\n<h4><strong>Logistique<\/strong><\/h4>\n<p style=\"text-align: justify;\">Le responsable de la logistique, Yvon Gaudreau, et son \u00e9quipe continueront \u00e0 rendre agr\u00e9ables et s\u00e9curitaires les rencontres du mercredi et du vendredi au Chalet Marie-Victorin. Le conseil d\u2019administration reconna\u00eet l\u2019apport indispensable de cette \u00e9quipe.<\/p>\n<p style=\"text-align: justify;\">Par ailleurs, R\u00e9jean C\u00f4t\u00e9 nous a appris que l\u2019affiche annon\u00e7ant la capacit\u00e9 maximale de la salle du Chalet Marie-Victorin a enfin \u00e9t\u00e9 mise en place \u00e0 l\u2019entr\u00e9e de la salle. Le conseil d\u2019administration l\u2019avait r\u00e9clam\u00e9 l\u2019an dernier.<\/p>\n<hr \/>\n<p>Sylvie\u00a0Mazur, secr\u00e9taire du CIMBCC<\/p>\n<p>&nbsp;<\/p>\n","protected":false},"excerpt":{"rendered":"<p>Afin d\u2019\u00eatre disponibles pour la Journ\u00e9e d\u2019information et d\u2019inscription du 5\u00a0septembre, les administrateurs du club ont devanc\u00e9 leur r\u00e9union de septembre au 29\u00a0ao\u00fbt. Il y a beaucoup \u00e9t\u00e9 question des b\u00e9n\u00e9voles\u00a0: ceux qui \u0153uvrent au club sans qui rien ne serait possible et ceux que l\u2019on recherche soit pour remplacer ou soulager un b\u00e9n\u00e9vole, soit &hellip; <a href=\"https:\/\/cimbcc.org\/test2\/echos-du-conseil-dadministration-29-aout-2017\/\" class=\"more-link\">Continuer la lecture de <span class=\"screen-reader-text\">\u00c9chos du conseil d&rsquo;administration &#8211; 29 ao\u00fbt 2017<\/span>  <span class=\"meta-nav\">&rarr;<\/span><\/a><\/p>\n","protected":false},"author":43,"featured_media":0,"comment_status":"open","ping_status":"closed","sticky":false,"template":"","format":"standard","meta":{"footnotes":""},"categories":[386],"tags":[269,126,664,271],"class_list":["post-18786","post","type-post","status-publish","format-standard","hentry","category-echos-du-conseil-dadministration","tag-ateliers","tag-benevoles","tag-logistique","tag-presentations"],"_links":{"self":[{"href":"https:\/\/cimbcc.org\/test2\/wp-json\/wp\/v2\/posts\/18786","targetHints":{"allow":["GET"]}}],"collection":[{"href":"https:\/\/cimbcc.org\/test2\/wp-json\/wp\/v2\/posts"}],"about":[{"href":"https:\/\/cimbcc.org\/test2\/wp-json\/wp\/v2\/types\/post"}],"author":[{"embeddable":true,"href":"https:\/\/cimbcc.org\/test2\/wp-json\/wp\/v2\/users\/43"}],"replies":[{"embeddable":true,"href":"https:\/\/cimbcc.org\/test2\/wp-json\/wp\/v2\/comments?post=18786"}],"version-history":[{"count":5,"href":"https:\/\/cimbcc.org\/test2\/wp-json\/wp\/v2\/posts\/18786\/revisions"}],"predecessor-version":[{"id":18788,"href":"https:\/\/cimbcc.org\/test2\/wp-json\/wp\/v2\/posts\/18786\/revisions\/18788"}],"wp:attachment":[{"href":"https:\/\/cimbcc.org\/test2\/wp-json\/wp\/v2\/media?parent=18786"}],"wp:term":[{"taxonomy":"category","embeddable":true,"href":"https:\/\/cimbcc.org\/test2\/wp-json\/wp\/v2\/categories?post=18786"},{"taxonomy":"post_tag","embeddable":true,"href":"https:\/\/cimbcc.org\/test2\/wp-json\/wp\/v2\/tags?post=18786"}],"curies":[{"name":"wp","href":"https:\/\/api.w.org\/{rel}","templated":true}]}}