{"id":19240,"date":"2017-10-19T06:00:44","date_gmt":"2017-10-19T10:00:44","guid":{"rendered":"https:\/\/cimbcc.org\/test2\/?p=19240"},"modified":"2023-10-16T22:15:09","modified_gmt":"2023-10-17T02:15:09","slug":"19240-2","status":"publish","type":"post","link":"https:\/\/cimbcc.org\/test2\/19240-2\/","title":{"rendered":"\u00c9chos du conseil d\u2019administration \u2014 3 octobre 2017"},"content":{"rendered":"<figure id=\"attachment_18645\" aria-describedby=\"caption-attachment-18645\" style=\"width: 500px\" class=\"wp-caption aligncenter\"><img loading=\"lazy\" decoding=\"async\" class=\"size-full wp-image-18645\" src=\"https:\/\/cimbcc.org\/test2\/wp-content\/uploads\/CA_2017_2018-1.jpg\" alt=\"CA 2017-2018\" width=\"500\" height=\"313\" srcset=\"https:\/\/cimbcc.org\/test2\/wp-content\/uploads\/CA_2017_2018-1.jpg 500w, https:\/\/cimbcc.org\/test2\/wp-content\/uploads\/CA_2017_2018-1-300x188.jpg 300w\" sizes=\"auto, (max-width: 500px) 100vw, 500px\" \/><figcaption id=\"caption-attachment-18645\" class=\"wp-caption-text\">Premi\u00e8re rang\u00e9e : Huguette Turgeon, Berthe Demers, Danielle Barab\u00e9, Danielle Charest (Bourque). Deuxi\u00e8me rang\u00e9e : Sylvie Mazur, R\u00e9jean C\u00f4t\u00e9, Richard Gervais, Jacques Lalibert\u00e9, Michel Gagn\u00e9. Absent de la photo : R\u00e9jean Daigle.<\/figcaption><\/figure>\n<p style=\"text-align: justify;\">Le 3 octobre dernier, le conseil d\u2019administration a \u00e9chang\u00e9 sur des sujets int\u00e9ressants pour la s\u00e9rie <em>D\u00e9couverte<\/em> des s\u00e9ances de pr\u00e9sentations. Il a aussi pris connaissance d\u2019une nouveaut\u00e9 introduite sur le site Web du club\u00a0: le calendrier de Google appliqu\u00e9 aux ateliers. Cette rencontre de d\u00e9but d\u2019automne a aussi permis de faire le bilan des adh\u00e9sions au club, celui des inscriptions aux ateliers et celui de la <em>Journ\u00e9e d\u2019information et d\u2019inscription<\/em> du 5 septembre dernier.<\/p>\n<p><!--more--><\/p>\n<hr \/>\n<p style=\"text-align: justify;\"><strong>Nouveaux sujets pour les s\u00e9ances de pr\u00e9sentations de la s\u00e9rie <em>D\u00e9couverte<\/em><\/strong><\/p>\n<p style=\"text-align: justify;\">Pr\u00e9senter de nouveaux sujets lors des s\u00e9ances de pr\u00e9sentations est un des objectifs prioritaires du conseil d\u2019administration. \u00c0 sa r\u00e9union du 1<sup>er<\/sup>\u00a0ao\u00fbt, il a approuv\u00e9 des orientations pour les s\u00e9ances de la s\u00e9rie <em>Facile<\/em>. Cette fois, le conseil s\u2019est interrog\u00e9 sur les sujets qu\u2019il serait int\u00e9ressant d\u2019inclure dans une future programmation des s\u00e9ances de la s\u00e9rie <em>D\u00e9couverte<\/em>. Parmi les sujets qui ont \u00e9t\u00e9 nomm\u00e9s, quelques-uns ont davantage retenu l\u2019attention\u00a0:<\/p>\n<ul style=\"text-align: justify;\">\n<li>l\u2019intelligence artificielle;<\/li>\n<li>les param\u00e8tres et le panneau de configuration;<\/li>\n<li>les fintechs;<\/li>\n<li>Google Home \u2014 les outils Google \u2014 le calendrier Google;<\/li>\n<li>Cortana;<\/li>\n<li>Netflix;<\/li>\n<li>le commerce \u00e9lectronique (ex.\u00a0: Canadian Tire, SAQ, IGA\u2026).<\/li>\n<\/ul>\n<p style=\"text-align: justify;\">Bien s\u00fbr, ces sujets pourront \u00eatre pr\u00e9sent\u00e9s seulement <strong>si des volontaires se manifestent<\/strong> pour pr\u00e9parer et animer leur pr\u00e9sentation. En vous dirigeant vers le bas de la page, un formulaire pour nous joindre est disponible <a href=\"https:\/\/cimbcc.org\/test2\/adresses-et-directions\" target=\"_blank\" rel=\"noopener\">en cliquant ici<\/a>.<\/p>\n<hr \/>\n<p style=\"text-align: justify;\"><strong>Calendrier Google<\/strong><\/p>\n<p style=\"text-align: justify;\">L\u2019\u00e9quipe des webmestres a d\u00e9j\u00e0 grandement contribu\u00e9 \u00e0 simplifier la gestion des inscriptions aux ateliers, par exemple. Une autre nouveaut\u00e9, d\u00e9velopp\u00e9e par Gilbert Girard de cette \u00e9quipe, a \u00e9t\u00e9 annonc\u00e9e par Michel\u00a0Gagn\u00e9\u00a0: l\u2019utilisation du calendrier de Google pour produire l\u2019<a href=\"https:\/\/cimbcc.org\/test2\/agenda-global-des-ateliers\" target=\"_blank\" rel=\"noopener\"><strong>agenda global des ateliers <\/strong><\/a>auquel on a acc\u00e8s, compl\u00e8tement en bas de la <a href=\"https:\/\/cimbcc.org\/test2\/activites\/les-ateliers\" target=\"_blank\" rel=\"noopener\">page des ateliers<\/a>. Cet agenda fournit les coordonn\u00e9es des 42 r\u00e9unions tenues dans le cadre des ateliers de l\u2019automne. De plus, si on se rend sur la page d\u2019un atelier, on trouvera l\u2019agenda de cet atelier et un lien vers un <strong>tutoriel sur l\u2019utilisation de l\u2019agenda<\/strong>.<\/p>\n<p style=\"text-align: justify;\">Gr\u00e2ce \u00e0 cette application de Google, le membre peut <strong>importer sur son calendrier personnel les donn\u00e9es du calendrier de l\u2019atelier<\/strong> qui l\u2019int\u00e9resse. Tout changement apport\u00e9 \u00e0 ce dernier sera automatiquement inscrit dans le calendrier du membre qui recevra aussi une notification pour le pr\u00e9venir du changement.<\/p>\n<hr \/>\n<p style=\"text-align: justify;\"><strong>Membres du CIMBCC et protection de leurs donn\u00e9es nominatives<\/strong><\/p>\n<p style=\"text-align: justify;\">Fin septembre, le club comptait 578\u00a0membres en r\u00e8gle, soit 472\u00a0renouvellements et 106\u00a0nouvelles adh\u00e9sions. Pr\u00e8s d\u2019une centaine de membres n\u2019avaient pas encore renouvel\u00e9 leur adh\u00e9sion. Le conseil a demand\u00e9 \u00e0 Danielle\u00a0Bourque de leur lancer un rappel et de prolonger la p\u00e9riode de renouvellement jusqu\u2019\u00e0 la fin du mois.<\/p>\n<p style=\"text-align: justify;\">Par ailleurs, le conseil d\u2019administration a confirm\u00e9 l\u2019engagement du CIMBCC \u00e0 prot\u00e9ger les renseignements personnels qu\u2019il conserve sur ses membres et ses b\u00e9n\u00e9voles et \u00e0 n\u2019utiliser cette information que pour les besoins de ses activit\u00e9s. Un nombre tr\u00e8s limit\u00e9 de b\u00e9n\u00e9voles du club ont acc\u00e8s \u00e0 ces renseignements, cet acc\u00e8s \u00e9tant justifi\u00e9 exclusivement par leurs responsabilit\u00e9s au club.<\/p>\n<hr \/>\n<p style=\"text-align: justify;\"><strong>Ateliers<\/strong><\/p>\n<p style=\"text-align: justify;\">Berthe\u00a0Demers a fait le bilan de l\u2019inscription aux 12\u00a0ateliers offerts cet automne. Du 6 au 8\u00a0septembre, 183\u00a0membres se sont inscrits \u00e0 ces ateliers. La majorit\u00e9 s\u2019est inscrite \u00e0 un seul atelier, mais 23\u00a0membres se sont inscrits \u00e0 deux ateliers, et six membres \u00e0 trois ateliers. Les ateliers les plus populaires ont \u00e9t\u00e9 sans surprise ceux portant sur Windows\u00a010, sur Facebook et sur les tablettes \u00e9lectroniques. Dans quelques cas, il a fallu refuser des participants parce que les inscriptions \u00e9taient trop nombreuses. Par ailleurs, l\u2019atelier sur le traitement de texte a \u00e9t\u00e9 annul\u00e9 parce que seulement deux inscriptions ont \u00e9t\u00e9 re\u00e7ues.<\/p>\n<p style=\"text-align: justify;\">Le conseil d\u2019administration s\u2019est associ\u00e9 \u00e0 Berthe\u00a0Demers lorsque celle-ci a t\u00e9moign\u00e9 de sa reconnaissance \u00e0 Genevi\u00e8ve\u00a0Renaud pour sa contribution et sa disponibilit\u00e9 au cours des trois derni\u00e8res ann\u00e9es. M<sup>me<\/sup>\u00a0Renaud, qui souhaitait \u00eatre lib\u00e9r\u00e9e de ses responsabilit\u00e9s \u00e0 l\u2019\u00e9gard des ateliers, a initi\u00e9 Danielle\u00a0Barab\u00e9 aux t\u00e2ches qu\u2019elle assumait. Berthe\u00a0Demers pourra donc compter d\u00e9sormais sur Danielle\u00a0Barab\u00e9 pour l\u2019accompagner dans la coordination des ateliers.<\/p>\n<hr \/>\n<p style=\"text-align: justify;\"><strong><em>Journ\u00e9e d\u2019information et d\u2019inscription<\/em><\/strong><\/p>\n<p style=\"text-align: justify;\">La journ\u00e9e du 5\u00a0septembre 2017 a attir\u00e9 161\u00a0personnes (113 membres et 48\u00a0visiteurs) et a permis l\u2019enregistrement de 189\u00a0adh\u00e9sions\u00a0: 139\u00a0renouvellements et 50\u00a0nouveaux membres. Cette activit\u00e9 annuelle du club a \u00e9t\u00e9 rendue possible par la contribution de 26\u00a0b\u00e9n\u00e9voles. Les personnes qui y ont particip\u00e9 peuvent t\u00e9moigner, comme Danielle\u00a0Bourque, que les nouveaut\u00e9s introduites cette ann\u00e9e ont am\u00e9lior\u00e9 la circulation des visiteurs et l\u2019enregistrement des adh\u00e9sions.<\/p>\n<p style=\"text-align: justify;\">Le conseil d\u2019administration a approuv\u00e9 les orientations propos\u00e9es par Danielle\u00a0Bourque pour l\u2019an prochain\u00a0: tenir la <em>Journ\u00e9e d\u2019information et d\u2019inscription<\/em> un mardi et r\u00e9p\u00e9ter l\u2019organisation mise en place cette ann\u00e9e.<\/p>\n<p style=\"text-align: justify;\">Sylvie\u00a0Mazur, secr\u00e9taire du CIMBCC<\/p>\n<p>&nbsp;<\/p>\n","protected":false},"excerpt":{"rendered":"<p>Le 3 octobre dernier, le conseil d\u2019administration a \u00e9chang\u00e9 sur des sujets int\u00e9ressants pour la s\u00e9rie D\u00e9couverte des s\u00e9ances de pr\u00e9sentations. Il a aussi pris connaissance d\u2019une nouveaut\u00e9 introduite sur le site Web du club\u00a0: le calendrier de Google appliqu\u00e9 aux ateliers. Cette rencontre de d\u00e9but d\u2019automne a aussi permis de faire le bilan des &hellip; <a href=\"https:\/\/cimbcc.org\/test2\/19240-2\/\" class=\"more-link\">Continuer la lecture de <span class=\"screen-reader-text\">\u00c9chos du conseil d\u2019administration \u2014 3 octobre 2017<\/span>  <span class=\"meta-nav\">&rarr;<\/span><\/a><\/p>\n","protected":false},"author":43,"featured_media":0,"comment_status":"open","ping_status":"closed","sticky":false,"template":"","format":"standard","meta":{"footnotes":""},"categories":[386],"tags":[269,682,371,143,271,683],"class_list":["post-19240","post","type-post","status-publish","format-standard","hentry","category-echos-du-conseil-dadministration","tag-ateliers","tag-calendrier-google","tag-decouverte","tag-journee-dinformation-et-dinscription","tag-presentations","tag-protection-des-donnees"],"_links":{"self":[{"href":"https:\/\/cimbcc.org\/test2\/wp-json\/wp\/v2\/posts\/19240","targetHints":{"allow":["GET"]}}],"collection":[{"href":"https:\/\/cimbcc.org\/test2\/wp-json\/wp\/v2\/posts"}],"about":[{"href":"https:\/\/cimbcc.org\/test2\/wp-json\/wp\/v2\/types\/post"}],"author":[{"embeddable":true,"href":"https:\/\/cimbcc.org\/test2\/wp-json\/wp\/v2\/users\/43"}],"replies":[{"embeddable":true,"href":"https:\/\/cimbcc.org\/test2\/wp-json\/wp\/v2\/comments?post=19240"}],"version-history":[{"count":6,"href":"https:\/\/cimbcc.org\/test2\/wp-json\/wp\/v2\/posts\/19240\/revisions"}],"predecessor-version":[{"id":19251,"href":"https:\/\/cimbcc.org\/test2\/wp-json\/wp\/v2\/posts\/19240\/revisions\/19251"}],"wp:attachment":[{"href":"https:\/\/cimbcc.org\/test2\/wp-json\/wp\/v2\/media?parent=19240"}],"wp:term":[{"taxonomy":"category","embeddable":true,"href":"https:\/\/cimbcc.org\/test2\/wp-json\/wp\/v2\/categories?post=19240"},{"taxonomy":"post_tag","embeddable":true,"href":"https:\/\/cimbcc.org\/test2\/wp-json\/wp\/v2\/tags?post=19240"}],"curies":[{"name":"wp","href":"https:\/\/api.w.org\/{rel}","templated":true}]}}