{"id":19512,"date":"2017-12-14T21:00:42","date_gmt":"2017-12-15T02:00:42","guid":{"rendered":"https:\/\/cimbcc.org\/test2\/?p=19512"},"modified":"2023-10-16T22:15:09","modified_gmt":"2023-10-17T02:15:09","slug":"bilan-des-seances-dautomne-2017","status":"publish","type":"post","link":"https:\/\/cimbcc.org\/test2\/bilan-des-seances-dautomne-2017\/","title":{"rendered":"Bilan des s\u00e9ances d\u2019automne 2017"},"content":{"rendered":"<figure id=\"attachment_24078\" aria-describedby=\"caption-attachment-24078\" style=\"width: 125px\" class=\"wp-caption aligncenter\"><img loading=\"lazy\" decoding=\"async\" class=\"size-full wp-image-24078\" src=\"https:\/\/cimbcc.org\/test2\/wp-content\/uploads\/photo_belanger_guy.jpg\" alt=\"\" width=\"125\" height=\"125\" \/><figcaption id=\"caption-attachment-24078\" class=\"wp-caption-text\"><span style=\"color: #ffffff;\">mmmi<\/span>Guy B\u00e9langer<\/figcaption><\/figure>\n<p style=\"text-align: justify;\">La fin novembre marque la fin des pr\u00e9sentations du mercredi et du vendredi. Cette saison a \u00e9t\u00e9 marqu\u00e9e par une nouvelle exp\u00e9rience soit la pr\u00e9sentation en rafale de la s\u00e9rie Facile, les vendredis et de la s\u00e9rie D\u00e9couverte, les mercredis soir. Le total des personnes pr\u00e9sentes lors de ces s\u00e9ances a \u00e9t\u00e9 de <strong>2052<\/strong> (64% pour la s\u00e9rie Facile et 36% pour la s\u00e9rie D\u00e9couverte).<\/p>\n<p style=\"text-align: justify;\"><!--more-->Deux graphiques illustrent la r\u00e9partition de ces personnes selon les s\u00e9ries.<\/p>\n<hr \/>\n<p><img loading=\"lazy\" decoding=\"async\" class=\"aligncenter size-full wp-image-19514\" src=\"https:\/\/cimbcc.org\/test2\/wp-content\/uploads\/CHIP_20171214_Pr\u00e9sentations_1.jpg\" alt=\"\" width=\"526\" height=\"353\" srcset=\"https:\/\/cimbcc.org\/test2\/wp-content\/uploads\/CHIP_20171214_Pr\u00e9sentations_1.jpg 526w, https:\/\/cimbcc.org\/test2\/wp-content\/uploads\/CHIP_20171214_Pr\u00e9sentations_1-300x201.jpg 300w, https:\/\/cimbcc.org\/test2\/wp-content\/uploads\/CHIP_20171214_Pr\u00e9sentations_1-120x80.jpg 120w\" sizes=\"auto, (max-width: 526px) 100vw, 526px\" \/><\/p>\n<p style=\"text-align: justify;\">On remarque que la s\u00e9rie Facile a connu un franc succ\u00e8s avec des pr\u00e9sences au-dessus de 100 personnes sauf pour les deux derni\u00e8res s\u00e9ances. Il existe aussi une tendance \u00e0 la baisse tout au long de l\u2019automne. Cette tendance se retrouve aussi avec la s\u00e9rie D\u00e9couverte.<\/p>\n<p style=\"text-align: justify;\">Pour la s\u00e9rie Facile, les pr\u00e9sentations ont \u00e9t\u00e9 planifi\u00e9es, en ayant pour objectif de familiariser les membres avec les outils de base afin de mieux utiliser son ordinateur:<\/p>\n<ul style=\"text-align: justify;\">\n<li>pour naviguer sur le Web avec le navigateur Chrome de Google;<\/li>\n<li>pour r\u00e9aliser une saine gestion des fichiers en utilisant \u00e0 bon escient les dossiers;<\/li>\n<li>pour g\u00e9rer ses courriels avec Outlook;<\/li>\n<li>pour s\u2019initier au r\u00e9seau social qu\u2019est Facebook;<\/li>\n<li>pour classer et modifier ses photos;<\/li>\n<li>pour prot\u00e9ger son ordinateur contre les virus avec Defender de Microsoft;<\/li>\n<li>pour r\u00e9aliser en toute s\u00e9curit\u00e9 nos transactions mon\u00e9taires avec notre ordinateur;<\/li>\n<li>pour conna\u00eetre diff\u00e9rentes fonctions sp\u00e9cialis\u00e9es offertes par Google;<\/li>\n<li>pour utiliser un outil de traitement de texte de base soit WordPad.<\/li>\n<\/ul>\n<p style=\"text-align: justify;\">Il est \u00e0 noter que toutes ces s\u00e9ances seront reprises int\u00e9gralement \u00e0 l\u2019hiver 2018, les mercredis en soir\u00e9e.<\/p>\n<hr \/>\n<p><img loading=\"lazy\" decoding=\"async\" class=\"aligncenter size-full wp-image-19515\" src=\"https:\/\/cimbcc.org\/test2\/wp-content\/uploads\/CHIP_20171214_Pr\u00e9sentations_2.jpg\" alt=\"\" width=\"526\" height=\"371\" srcset=\"https:\/\/cimbcc.org\/test2\/wp-content\/uploads\/CHIP_20171214_Pr\u00e9sentations_2.jpg 526w, https:\/\/cimbcc.org\/test2\/wp-content\/uploads\/CHIP_20171214_Pr\u00e9sentations_2-300x212.jpg 300w\" sizes=\"auto, (max-width: 526px) 100vw, 526px\" \/><\/p>\n<p style=\"text-align: justify;\">Les s\u00e9ances de la s\u00e9rie D\u00e9couverte ont \u00e9t\u00e9 tr\u00e8s vari\u00e9es et ont couvert des volets un peu plus pointus\u00a0:<\/p>\n<ul style=\"text-align: justify;\">\n<li>l\u2019exploration du navigateur Web du Google qui a \u00e9t\u00e9 une reprise des s\u00e9ances de la s\u00e9rie Facile;<\/li>\n<li>la d\u00e9couverte des tablettes Android et Apple (iPad);<\/li>\n<li>l\u2019identification de probl\u00e8mes fr\u00e9quemment rencontr\u00e9s;<\/li>\n<li>l\u2019utilisation des boutons d\u2019action avec le logiciel PowerPoint;<\/li>\n<li>l\u2019informatique dans les nuages avec OneDrive;<\/li>\n<li>l\u2019exploration du site de Radio-Canada;<\/li>\n<li>l\u2019utilisation judicieuse du Web pour g\u00e9rer sa sant\u00e9;<\/li>\n<li>la mise en oeuvre de sites Internet via l\u2019\u00e9laboration d\u2019un blogue;<\/li>\n<li>l\u2019autopsie d\u2019un ordinateur pour en exposer les principales composantes;<\/li>\n<li>la planification de l\u2019achat d\u2019un ordinateur;<\/li>\n<li>la sauvegarde de diff\u00e9rentes fonctions avec Windows 10;<\/li>\n<li>les fonctions ergonomiques de Windows 10.<\/li>\n<\/ul>\n<p style=\"text-align: justify;\">\u00c0 l\u2019hiver 2018, une grande majorit\u00e9 de ces sujets seront pr\u00e9sent\u00e9s de nouveau les vendredis apr\u00e8s-midi. Trois nouveaux sujets sont au programme\u00a0: la revue des activit\u00e9s du site du Club, l\u2019int\u00e9gration des tablettes, t\u00e9l\u00e9phones intelligents et des ordinateurs et enfin l\u2019application Groove de Windows 10. Enfin, le mercredi 11 avril 2018 en soir\u00e9e, le club tiendra son assembl\u00e9e annuelle.<\/p>\n<p style=\"text-align: justify;\">Il est bon de rappeler que pour la majorit\u00e9 des sujets trait\u00e9s, on retrouve les exercices et\/ou pr\u00e9sentations sur le site du club sous les titres <a href=\"https:\/\/cimbcc.org\/test2\/wp-content\/uploads\/Calendrier-des-s%C3%A9ances-Faciles-2017-2018.pdf\" target=\"_blank\" rel=\"noopener\">S\u00e9rie Facile 2017-2018<\/a> et <a href=\"https:\/\/cimbcc.org\/test2\/wp-content\/uploads\/Calendrier-des-s%C3%A9ances-D%C3%A9couvertes-2017-2018.pdf\" target=\"_blank\" rel=\"noopener\">S\u00e9rie D\u00e9couverte 2017-2018<\/a> via des liens que l\u2019on retrouve sous ces rubriques.<\/p>\n<hr \/>\n<p style=\"text-align: justify;\">Toutes les activit\u00e9s du mercredi et du vendredi sont l\u2019\u0153uvre de nombreux b\u00e9n\u00e9voles qui oeuvrent \u00e0 diff\u00e9rentes fonctions. Un grand merci aux personnes suivantes:<\/p>\n<ul style=\"text-align: justify;\">\n<li>les pr\u00e9sentatrices (F. Couture, C. Dufresne, co-responsable des pr\u00e9sentations, et R. Olsthoorn) et les pr\u00e9sentateurs (R. Bujold, D.\u00a0Charron, R. C\u00f4t\u00e9, M. Gagn\u00e9, S. Garneau, J. Lalibert\u00e9, J. Presne, P. \u00a0St-Aubin, Y. Tijani);<\/li>\n<li>l\u2019\u00e9quipe \u00e0 l\u2019accueil sous la gouverne de D. Bourque;<\/li>\n<li>les responsables de la production des photocopies pour la s\u00e9rie Facile (D. Dulude et A. Lacroix);<\/li>\n<li>l\u2019assistance technique aux pr\u00e9sentatrices et pr\u00e9sentateurs, le montage et le d\u00e9montage de la salle et la pr\u00e9paration de la pause sant\u00e9 (Y. Gaudreau et toute son \u00e9quipe);<\/li>\n<li>la mise en ligne des descriptifs des s\u00e9ances (H. Leblanc-Girard);<\/li>\n<li>les \u00e9quipes d\u2019assistance technique aux membres sous la gouverne de P. Poisson;<\/li>\n<li>l\u2019\u00e9quipe de communication pour les messages aux membres du dimanche et la publicit\u00e9 dans les journaux sous la responsabilit\u00e9 de R. Lemay.<\/li>\n<\/ul>\n<p style=\"text-align: justify;\">Nous vous souhaitons une pause reposante, une belle p\u00e9riode des f\u00eates et au plaisir de vous revoir nombreuses et nombreux \u00e0 compter du mercredi le 24 janvier 2018.<\/p>\n<p style=\"text-align: justify;\">Guy B\u00e9langer, responsable des s\u00e9ances du mercredi et du vendredi.<\/p>\n","protected":false},"excerpt":{"rendered":"<p>La fin novembre marque la fin des pr\u00e9sentations du mercredi et du vendredi. Cette saison a \u00e9t\u00e9 marqu\u00e9e par une nouvelle exp\u00e9rience soit la pr\u00e9sentation en rafale de la s\u00e9rie Facile, les vendredis et de la s\u00e9rie D\u00e9couverte, les mercredis soir. Le total des personnes pr\u00e9sentes lors de ces s\u00e9ances a \u00e9t\u00e9 de 2052 (64% &hellip; <a href=\"https:\/\/cimbcc.org\/test2\/bilan-des-seances-dautomne-2017\/\" class=\"more-link\">Continuer la lecture de <span class=\"screen-reader-text\">Bilan des s\u00e9ances d\u2019automne 2017<\/span>  <span class=\"meta-nav\">&rarr;<\/span><\/a><\/p>\n","protected":false},"author":43,"featured_media":0,"comment_status":"open","ping_status":"closed","sticky":false,"template":"","format":"standard","meta":{"footnotes":""},"categories":[402],"tags":[371,370,271],"class_list":["post-19512","post","type-post","status-publish","format-standard","hentry","category-activites-du-club","tag-decouverte","tag-facile","tag-presentations"],"_links":{"self":[{"href":"https:\/\/cimbcc.org\/test2\/wp-json\/wp\/v2\/posts\/19512","targetHints":{"allow":["GET"]}}],"collection":[{"href":"https:\/\/cimbcc.org\/test2\/wp-json\/wp\/v2\/posts"}],"about":[{"href":"https:\/\/cimbcc.org\/test2\/wp-json\/wp\/v2\/types\/post"}],"author":[{"embeddable":true,"href":"https:\/\/cimbcc.org\/test2\/wp-json\/wp\/v2\/users\/43"}],"replies":[{"embeddable":true,"href":"https:\/\/cimbcc.org\/test2\/wp-json\/wp\/v2\/comments?post=19512"}],"version-history":[{"count":10,"href":"https:\/\/cimbcc.org\/test2\/wp-json\/wp\/v2\/posts\/19512\/revisions"}],"predecessor-version":[{"id":24650,"href":"https:\/\/cimbcc.org\/test2\/wp-json\/wp\/v2\/posts\/19512\/revisions\/24650"}],"wp:attachment":[{"href":"https:\/\/cimbcc.org\/test2\/wp-json\/wp\/v2\/media?parent=19512"}],"wp:term":[{"taxonomy":"category","embeddable":true,"href":"https:\/\/cimbcc.org\/test2\/wp-json\/wp\/v2\/categories?post=19512"},{"taxonomy":"post_tag","embeddable":true,"href":"https:\/\/cimbcc.org\/test2\/wp-json\/wp\/v2\/tags?post=19512"}],"curies":[{"name":"wp","href":"https:\/\/api.w.org\/{rel}","templated":true}]}}