{"id":19610,"date":"2017-12-22T00:00:46","date_gmt":"2017-12-22T05:00:46","guid":{"rendered":"https:\/\/cimbcc.org\/test2\/?p=19610"},"modified":"2023-10-16T22:15:09","modified_gmt":"2023-10-17T02:15:09","slug":"echos-du-conseil-dadministration-5-decembre-2017","status":"publish","type":"post","link":"https:\/\/cimbcc.org\/test2\/echos-du-conseil-dadministration-5-decembre-2017\/","title":{"rendered":"\u00c9chos du conseil d&rsquo;administration &#8211; 5 d\u00e9cembre 2017"},"content":{"rendered":"<figure id=\"attachment_18645\" aria-describedby=\"caption-attachment-18645\" style=\"width: 500px\" class=\"wp-caption aligncenter\"><img loading=\"lazy\" decoding=\"async\" class=\"size-full wp-image-18645\" src=\"https:\/\/cimbcc.org\/test2\/wp-content\/uploads\/CA_2017_2018-1.jpg\" alt=\"CA 2017-2018\" width=\"500\" height=\"313\" srcset=\"https:\/\/cimbcc.org\/test2\/wp-content\/uploads\/CA_2017_2018-1.jpg 500w, https:\/\/cimbcc.org\/test2\/wp-content\/uploads\/CA_2017_2018-1-300x188.jpg 300w\" sizes=\"auto, (max-width: 500px) 100vw, 500px\" \/><figcaption id=\"caption-attachment-18645\" class=\"wp-caption-text\">Premi\u00e8re rang\u00e9e : Huguette Turgeon, Berthe Demers, Danielle Barab\u00e9, Danielle Charest (Bourque). Deuxi\u00e8me rang\u00e9e : Sylvie Mazur, R\u00e9jean C\u00f4t\u00e9, Richard Gervais, Jacques Lalibert\u00e9, Michel Gagn\u00e9. Absent de la photo : R\u00e9jean Daigle.<\/figcaption><\/figure>\n<p>Avant de souhaiter de<\/p>\n<p style=\"text-align: center;\"><span style=\"text-decoration: underline; color: #339966;\"><strong><em>JOYEUSES F\u00caTES \u00c0 TOUS!<\/em><\/strong><\/span><\/p>\n<p style=\"text-align: justify;\">le conseil d\u2019administration s\u2019est int\u00e9ress\u00e9 au nombre de ses membres et de ses b\u00e9n\u00e9voles. Il a aussi fait le point sur les cours d\u2019initiation offerts dans les biblioth\u00e8ques, sur les s\u00e9ances de pr\u00e9sentations de l\u2019automne\u00a02017 et sur les ateliers pr\u00e9vus pour cet hiver.<\/p>\n<p style=\"text-align: justify;\"><!--more--><\/p>\n<h4 style=\"text-align: justify;\"><strong>Membres et b\u00e9n\u00e9voles <\/strong><\/h4>\n<p style=\"text-align: justify;\">Il y a de toute \u00e9vidence une <strong>diminution du nombre de membres<\/strong> par rapport \u00e0 l\u2019an dernier\u00a0: ils \u00e9taient 632 au d\u00e9but de\u00a0d\u00e9cembre contre 716 l\u2019an dernier. Les deux ou trois derni\u00e8res ann\u00e9es, le besoin de s\u2019informer ou de se former \u00e0 sa tablette \u00e9lectronique ou aux nouvelles versions du syst\u00e8me d\u2019exploitation Windows, par exemple, a attir\u00e9 de nombreuses personnes. Par ailleurs, moins de personnes s\u2019inscrivent aux cours d\u2019initiation dans les biblioth\u00e8ques et les journaux locaux font moins de place \u00e0 l\u2019information sur les activit\u00e9s dans la communaut\u00e9. Tout cela concourt \u00e0 r\u00e9duire le bassin des membres potentiels du club.<\/p>\n<p style=\"text-align: justify;\">Le conseil d\u2019administration a aussi not\u00e9 qu\u2019<strong>aucun nouveau b\u00e9n\u00e9vole<\/strong> n\u2019a \u00e9t\u00e9 recrut\u00e9 depuis quelques mois. En 2017-2018, les s\u00e9ances de pr\u00e9sentations ont \u00e9t\u00e9 r\u00e9duites de 13 \u00e0 11 par session faute de pr\u00e9sentateurs et il y a un risque d\u2019annulation de certains ateliers.<\/p>\n<p style=\"text-align: justify;\">Le recrutement de nouveaux b\u00e9n\u00e9voles devrait \u00eatre une priorit\u00e9 pour l\u2019an prochain, car comme nous tous ils vieillissent d\u2019un an chaque ann\u00e9e. Le conseil d\u2019administration est curieux de conna\u00eetre <strong>l\u2019\u00e2ge moyen des b\u00e9n\u00e9voles<\/strong>. Comme il ne d\u00e9tient aucune donn\u00e9e sur l\u2019\u00e2ge des b\u00e9n\u00e9voles, il a confi\u00e9 \u00e0 la secr\u00e9taire du conseil le mandat d\u2019obtenir les informations n\u00e9cessaires pour \u00e9tablir cette moyenne. La cueillette d\u2019information se fera en janvier prochain. Sylvie\u00a0Mazur sera la seule \u00e0 d\u00e9tenir cette information qui servira uniquement \u00e0 \u00e9tablir des statistiques sur l\u2019\u00e2ge des b\u00e9n\u00e9voles du club.<\/p>\n<h4><strong>Cours d\u2019initiation offerts dans les biblioth\u00e8ques<\/strong><\/h4>\n<p style=\"text-align: justify;\">Une <strong>diminution des inscriptions<\/strong> ayant \u00e9t\u00e9 enregistr\u00e9e depuis 2014 (de 79 \u00e0 46\u00a0inscrits par ann\u00e9e), Michel\u00a0Gagn\u00e9 a \u00e9t\u00e9 \u00e9tonn\u00e9 de constater une petite augmentation cette ann\u00e9e avec 51\u00a0personnes inscrites. La diminution des inscriptions semble in\u00e9luctable\u00a0pour l\u2019avenir\u00a0: de moins en moins de personnes ont besoin d\u2019un cours d\u2019initiation comme celui qui est offert dans les biblioth\u00e8ques.<\/p>\n<p style=\"text-align: justify;\">Le conseil d\u2019administration a approuv\u00e9 les orientations et pr\u00e9visions suivantes\u00a0:<\/p>\n<ul>\n<li style=\"text-align: justify;\">continuer \u00e0 offrir des cours d\u2019initiation dans les biblioth\u00e8ques de Saint-Bruno, Saint-Basile et Sainte-Julie;<\/li>\n<li style=\"text-align: justify;\">pr\u00e9voir de 45 \u00e0 50\u00a0personnes inscrites \u00e0 ces cours pour l\u2019ann\u00e9e \u00e0 venir;<\/li>\n<li>confirmer avec les instructeurs, en mai 2018, la position adopt\u00e9e l\u2019an dernier\u00a0:<\/li>\n<li style=\"text-align: justify;\">ne pas inclure les tablettes \u00e9lectroniques, les t\u00e9l\u00e9phones intelligents et les ordinateurs Apple dans le contenu de ces cours;<\/li>\n<li style=\"text-align: justify;\">ne pas \u00e9tendre les cours d\u2019initiation \u00e0 une biblioth\u00e8que suppl\u00e9mentaire;<\/li>\n<li style=\"text-align: justify;\">continuer notre publicit\u00e9 interne aupr\u00e8s des membres du club afin d\u2019inciter certains \u00e0 s\u2019inscrire aux cours d\u2019initiation.<\/li>\n<\/ul>\n<h4><strong>S\u00e9ances de pr\u00e9sentations de l\u2019automne\u00a02017<\/strong><\/h4>\n<p style=\"text-align: justify;\">Cet automne, les s\u00e9ances du vendredi apr\u00e8s-midi ont toutes \u00e9t\u00e9 consacr\u00e9es \u00e0 la s\u00e9rie <em>Facile, <\/em>alors que celles du mercredi soir \u00e9taient r\u00e9serv\u00e9es \u00e0 la s\u00e9rie <em>D\u00e9couverte.<\/em> Un des objectifs de cette nouvelle organisation \u00e9tait en particulier de favoriser l\u2019assiduit\u00e9 des membres aux s\u00e9ances de la s\u00e9rie <em>Facile.<\/em> R\u00e9jean\u00a0Daigle nous a fait part des observations du responsable des s\u00e9ances.<\/p>\n<p style=\"text-align: justify;\">Selon Guy\u00a0B\u00e9langer, la strat\u00e9gie adopt\u00e9e aurait donn\u00e9 les r\u00e9sultats recherch\u00e9s quant \u00e0 l\u2019assistance aux s\u00e9ances de la <strong>s\u00e9rie <em>Facile<\/em><\/strong>. En effet, chacune de ces s\u00e9ances a \u00e9t\u00e9 fr\u00e9quent\u00e9e par plus de 100\u00a0membres, sauf les deux derni\u00e8res. Non seulement les membres \u00e9taient nombreux \u00e0 ces s\u00e9ances, mais 39 d\u2019entre eux ont re\u00e7u un <strong>dipl\u00f4me d\u2019assiduit\u00e9<\/strong> pour avoir particip\u00e9 \u00e0 au moins 10\u00a0s\u00e9ances sur 11 de la s\u00e9rie <em>Facile<\/em>\u00a0: 25\u00a0membres ont assist\u00e9 aux 11\u00a0s\u00e9ances et 14\u00a0ont assist\u00e9 \u00e0 10\u00a0s\u00e9ances. Les personnes qui n\u2019ont pas atteint le nombre requis de pr\u00e9sences recevront un dipl\u00f4me \u00e0 la fin de l\u2019ann\u00e9e si elles continuent \u00e0 participer \u00e0 des s\u00e9ances de la s\u00e9rie <em>Facile<\/em> au cours de l\u2019hiver et si elles accumulent ainsi 10\u00a0pr\u00e9sences de septembre \u00e0 avril.<\/p>\n<p style=\"text-align: justify;\">Les s\u00e9ances de l\u2019automne\u00a02017 ont attir\u00e9 un total de 2052\u00a0membres contre 1877 pour l\u2019automne\u00a02016. Il y a donc eu une augmentation globale de 9\u00a0%. Celle-ci est due \u00e0 l\u2019assistance aux s\u00e9ances de la s\u00e9rie <em>Facile <\/em>qui est pass\u00e9e de 938\u00a0membres en 2016 \u00e0 1314\u00a0membres en 2017, avec une moyenne de 119\u00a0membres par s\u00e9ance. Par contre, les s\u00e9ances de la s\u00e9rie <em>D\u00e9couverte<\/em> ont attir\u00e9, le mercredi soir, 200\u00a0membres de moins en 2017 qu\u2019en 2016, avec une assistance tr\u00e8s variable, mais toujours inf\u00e9rieure \u00e0 celle du vendredi.<\/p>\n<p style=\"text-align: justify;\">L\u2019affluence aux s\u00e9ances de la s\u00e9rie <em>Facile<\/em> est-elle due au moment o\u00f9 ces s\u00e9ances se tiennent? Les membres seront-ils aussi nombreux aux s\u00e9ances de cette s\u00e9rie qui se tiendront les mercredis soirs de janvier \u00e0 avril? Les membres qui ont fr\u00e9quent\u00e9 la s\u00e9rie <em>Facile<\/em> cet automne se pr\u00e9senteront-ils aux s\u00e9ances de la s\u00e9rie <em>D\u00e9couverte<\/em> de l\u2019hiver? Le site du club propose trois calendriers diff\u00e9rents; est-ce que le deuxi\u00e8me calendrier, celui de la s\u00e9rie <em>D\u00e9couverte<\/em>, est moins souvent consult\u00e9 que celui de la s\u00e9rie <em>Facile<\/em>? Ce sont quelques-unes des questions que se pose le conseil d\u2019administration et qui feront l\u2019objet de son attention d\u2019ici la fin de l\u2019ann\u00e9e.<\/p>\n<h4><strong>Ateliers de l\u2019hiver 2018<\/strong><\/h4>\n<p style=\"text-align: justify;\">Berthe\u00a0Demers a fait le point sur les ateliers qui seront offerts cet hiver.<\/p>\n<ul style=\"text-align: justify;\">\n<li>10 animateurs\u00a0offriront\u00a0<strong>15\u00a0ateliers<\/strong> qui\u00a0donneront lieu \u00e0 55\u00a0r\u00e9unions.<\/li>\n<li>On cherche un <strong>animateur pour l\u2019atelier sur Facebook<\/strong> pr\u00e9vu \u00e0 Sainte-Julie. Sans cet animateur, l\u2019atelier devra \u00eatre annul\u00e9.<\/li>\n<li>L\u2019atelier iPad de niveau interm\u00e9diaire sera offert \u00e0 deux reprises afin de former des groupes moins nombreux.<\/li>\n<li>Les biblioth\u00e8ques de Saint-Basile et de Sainte-Julie accueilleront gratuitement 9\u00a0ateliers. Les autres ateliers se tiendront au Centre communautaire de Saint-Bruno.<\/li>\n<li>L\u2019atelier sur Windows\u00a010, qui a \u00e9t\u00e9 offert \u00e0 plusieurs reprises, ne sera pas r\u00e9p\u00e9t\u00e9. Un <strong>tutoriel\u00a0<\/strong>d\u00e9taill\u00e9 pr\u00e9par\u00e9 par l\u2019animateur Jacques\u00a0Lalibert\u00e9 est \u00e0 la disposition de tous sur le site Web du club sous l\u2019onglet <em>Partage de connaissances<\/em>. Les membres sont invit\u00e9s \u00e0 s\u2019y r\u00e9f\u00e9rer.<\/li>\n<\/ul>\n<p style=\"text-align: justify;\">Les membres pourront s\u2019inscrire \u00e0 ces ateliers en utilisant le formulaire \u00e9lectronique qu\u2019ils trouveront au bas de la page descriptive de l\u2019atelier qui les int\u00e9resse (sous l\u2019onglet <em>Partage de connaissances<\/em>, cliquer sur <em>Ateliers<\/em>). Les inscriptions pourront \u00eatre enregistr\u00e9es sur le site Internet du club exclusivement <strong>du jeudi 4\u00a0janvier \u00e0 midi au samedi 6\u00a0janvier \u00e0 minuit<\/strong>.<\/p>\n<p style=\"text-align: justify;\">Sylvie\u00a0Mazur<br \/>\nSecr\u00e9taire du CIMBCC<\/p>\n","protected":false},"excerpt":{"rendered":"<p>Avant de souhaiter de JOYEUSES F\u00caTES \u00c0 TOUS! le conseil d\u2019administration s\u2019est int\u00e9ress\u00e9 au nombre de ses membres et de ses b\u00e9n\u00e9voles. Il a aussi fait le point sur les cours d\u2019initiation offerts dans les biblioth\u00e8ques, sur les s\u00e9ances de pr\u00e9sentations de l\u2019automne\u00a02017 et sur les ateliers pr\u00e9vus pour cet hiver.<\/p>\n","protected":false},"author":43,"featured_media":0,"comment_status":"open","ping_status":"closed","sticky":false,"template":"","format":"standard","meta":{"footnotes":""},"categories":[386],"tags":[269,906,594,271],"class_list":["post-19610","post","type-post","status-publish","format-standard","hentry","category-echos-du-conseil-dadministration","tag-ateliers","tag-cours-dans-les-bibliotheques","tag-membres","tag-presentations"],"_links":{"self":[{"href":"https:\/\/cimbcc.org\/test2\/wp-json\/wp\/v2\/posts\/19610","targetHints":{"allow":["GET"]}}],"collection":[{"href":"https:\/\/cimbcc.org\/test2\/wp-json\/wp\/v2\/posts"}],"about":[{"href":"https:\/\/cimbcc.org\/test2\/wp-json\/wp\/v2\/types\/post"}],"author":[{"embeddable":true,"href":"https:\/\/cimbcc.org\/test2\/wp-json\/wp\/v2\/users\/43"}],"replies":[{"embeddable":true,"href":"https:\/\/cimbcc.org\/test2\/wp-json\/wp\/v2\/comments?post=19610"}],"version-history":[{"count":14,"href":"https:\/\/cimbcc.org\/test2\/wp-json\/wp\/v2\/posts\/19610\/revisions"}],"predecessor-version":[{"id":24648,"href":"https:\/\/cimbcc.org\/test2\/wp-json\/wp\/v2\/posts\/19610\/revisions\/24648"}],"wp:attachment":[{"href":"https:\/\/cimbcc.org\/test2\/wp-json\/wp\/v2\/media?parent=19610"}],"wp:term":[{"taxonomy":"category","embeddable":true,"href":"https:\/\/cimbcc.org\/test2\/wp-json\/wp\/v2\/categories?post=19610"},{"taxonomy":"post_tag","embeddable":true,"href":"https:\/\/cimbcc.org\/test2\/wp-json\/wp\/v2\/tags?post=19610"}],"curies":[{"name":"wp","href":"https:\/\/api.w.org\/{rel}","templated":true}]}}