{"id":19828,"date":"2017-12-18T00:00:23","date_gmt":"2017-12-18T05:00:23","guid":{"rendered":"https:\/\/cimbcc.org\/test2\/?p=19828"},"modified":"2023-10-16T22:15:09","modified_gmt":"2023-10-17T02:15:09","slug":"la-neutralite-du-net-en-danger","status":"publish","type":"post","link":"https:\/\/cimbcc.org\/test2\/la-neutralite-du-net-en-danger\/","title":{"rendered":"La neutralit\u00e9 du Net en danger"},"content":{"rendered":"<figure id=\"attachment_24081\" aria-describedby=\"caption-attachment-24081\" style=\"width: 125px\" class=\"wp-caption aligncenter\"><img loading=\"lazy\" decoding=\"async\" class=\"size-full wp-image-24081\" src=\"https:\/\/cimbcc.org\/test2\/wp-content\/uploads\/photo_charron_denis.jpg\" alt=\"\" width=\"125\" height=\"125\" \/><figcaption id=\"caption-attachment-24081\" class=\"wp-caption-text\"><span style=\"color: #ffffff;\">mmm<\/span>Denis Charron<\/figcaption><\/figure>\n<p style=\"text-align: justify;\">Ces derniers jours, vous avez sans doute entendu parler de la d\u00e9cision de l&rsquo;\u00e9quivalent am\u00e9ricain du CRTC, la FCC,\u00a0 de mettre fin \u00e0 la neutralit\u00e9 du Net aux \u00c9tats-Unis. Heureusement, le Canada a d\u00e9cid\u00e9 de maintenir cette neutralit\u00e9. Cela semble tr\u00e8s abstrait, mais il s&rsquo;agit d&rsquo;une d\u00e9cision historique qui affecte la libert\u00e9 d&rsquo;expression et le droit \u00e0 l&rsquo;information.<\/p>\n<p><!--more--><\/p>\n<p style=\"text-align: justify;\">Actuellement, les fournisseurs d&rsquo;acc\u00e8s Internet doivent traiter \u00e9galement toutes les donn\u00e9es qui circulent sur Internet. Concr\u00e8tement, cela veut dire qu&rsquo;ils ne peuvent pas favoriser leurs contenus en ralentissant ou en coupant l&rsquo;acc\u00e8s aux services d&rsquo;un concurrent.<\/p>\n<p style=\"text-align: justify;\">Prenons un exemple concret. Cette semaine, TVA nous informait que des responsables de mosqu\u00e9es de Montr\u00e9al avaient r\u00e9clam\u00e9 l&rsquo;interdiction de la pr\u00e9sence de femmes sur des chantiers de construction pr\u00e8s de ces mosqu\u00e9es le vendredi. Il s&rsquo;est finalement av\u00e9r\u00e9 que cette nouvelle \u00e9tait non fond\u00e9e.<\/p>\n<p style=\"text-align: justify;\">Le fait de pouvoir acc\u00e9der \u00e0 plusieurs sources de nouvelles diff\u00e9rentes (La Presse, Radio-Canada, etc.) nous a permis de rapidement savoir que cette nouvelle \u00e9tait erron\u00e9e. Cependant, TVA n&rsquo;a corrig\u00e9 sa fausse nouvelle que jeudi soir, soit plusieurs jours apr\u00e8s la parution initiale.<\/p>\n<p style=\"text-align: justify;\">En cas de non-neutralit\u00e9 du Net, les abonn\u00e9s Internet de Vid\u00e9otron auraient pu voir l&rsquo;acc\u00e8s \u00e0 ces autres sources de nouvelles ralenti ou bloqu\u00e9 afin de favoriser le contenu de TVA. De quoi fausser l&rsquo;opinion des utilisateurs de l&rsquo;acc\u00e8s Internet Vid\u00e9otron et amener \u00e0 des pr\u00e9jug\u00e9s non fond\u00e9s contre les personnes fr\u00e9quentant ces mosqu\u00e9es, les musulmans et les immigrants en g\u00e9n\u00e9ral. Une manifestation de protestation annonc\u00e9e a heureusement \u00e9t\u00e9 annul\u00e9e apr\u00e8s la confirmation de la fausse nouvelle.<\/p>\n<p style=\"text-align: justify;\">Plusieurs pays totalitaires dans le monde contr\u00f4lent ainsi l&rsquo;information afin de favoriser leur propagande et d&#8217;emp\u00eacher leur population d&rsquo;avoir acc\u00e8s \u00e0 une information objective. Les \u00c9tats-Unis \u00e9tant un poids lourd sur la sc\u00e8ne internationale, il est \u00e0 craindre que d&rsquo;autres pays leur embo\u00eetent le pas. Esp\u00e9rons que non.<\/p>\n<p style=\"text-align: justify;\">Pour mieux comprendre ces enjeux, vous pourrez consulter un document de Radio-Canada <a href=\"http:\/\/ici.radio-canada.ca\/nouvelle\/1073181\/fin-neutralite-internet-web-deux-vitesses-etats-unis-decision-fcc-commission-federale-communications\" target=\"_blank\" rel=\"noopener\">en cliquant ici<\/a>.<\/p>\n<p>Denis Charron<\/p>\n<p style=\"text-align: justify;\"><strong><em>Note de l&rsquo;\u00e9diteur:<\/em><\/strong><br \/>\n<a href=\"https:\/\/www.crtc.gc.ca\/fra\/accueil-home.htm\" target=\"_blank\" rel=\"noopener\">CRTC<\/a>: Conseil de la radiodiffusion et des t\u00e9l\u00e9communications canadiennes<br \/>\n<a href=\"https:\/\/www.fcc.gov\/\" target=\"_blank\" rel=\"noopener\">FCC<\/a>: Federal Communications Commission<\/p>\n","protected":false},"excerpt":{"rendered":"<p>Ces derniers jours, vous avez sans doute entendu parler de la d\u00e9cision de l&rsquo;\u00e9quivalent am\u00e9ricain du CRTC, la FCC,\u00a0 de mettre fin \u00e0 la neutralit\u00e9 du Net aux \u00c9tats-Unis. Heureusement, le Canada a d\u00e9cid\u00e9 de maintenir cette neutralit\u00e9. Cela semble tr\u00e8s abstrait, mais il s&rsquo;agit d&rsquo;une d\u00e9cision historique qui affecte la libert\u00e9 d&rsquo;expression et le &hellip; <a href=\"https:\/\/cimbcc.org\/test2\/la-neutralite-du-net-en-danger\/\" class=\"more-link\">Continuer la lecture de <span class=\"screen-reader-text\">La neutralit\u00e9 du Net en danger<\/span>  <span class=\"meta-nav\">&rarr;<\/span><\/a><\/p>\n","protected":false},"author":43,"featured_media":0,"comment_status":"open","ping_status":"closed","sticky":false,"template":"","format":"standard","meta":{"footnotes":""},"categories":[1],"tags":[704,301,703,705,426],"class_list":["post-19828","post","type-post","status-publish","format-standard","hentry","category-sans-categories","tag-crtc","tag-democratie","tag-fcc","tag-information","tag-neutralite"],"_links":{"self":[{"href":"https:\/\/cimbcc.org\/test2\/wp-json\/wp\/v2\/posts\/19828","targetHints":{"allow":["GET"]}}],"collection":[{"href":"https:\/\/cimbcc.org\/test2\/wp-json\/wp\/v2\/posts"}],"about":[{"href":"https:\/\/cimbcc.org\/test2\/wp-json\/wp\/v2\/types\/post"}],"author":[{"embeddable":true,"href":"https:\/\/cimbcc.org\/test2\/wp-json\/wp\/v2\/users\/43"}],"replies":[{"embeddable":true,"href":"https:\/\/cimbcc.org\/test2\/wp-json\/wp\/v2\/comments?post=19828"}],"version-history":[{"count":16,"href":"https:\/\/cimbcc.org\/test2\/wp-json\/wp\/v2\/posts\/19828\/revisions"}],"predecessor-version":[{"id":25132,"href":"https:\/\/cimbcc.org\/test2\/wp-json\/wp\/v2\/posts\/19828\/revisions\/25132"}],"wp:attachment":[{"href":"https:\/\/cimbcc.org\/test2\/wp-json\/wp\/v2\/media?parent=19828"}],"wp:term":[{"taxonomy":"category","embeddable":true,"href":"https:\/\/cimbcc.org\/test2\/wp-json\/wp\/v2\/categories?post=19828"},{"taxonomy":"post_tag","embeddable":true,"href":"https:\/\/cimbcc.org\/test2\/wp-json\/wp\/v2\/tags?post=19828"}],"curies":[{"name":"wp","href":"https:\/\/api.w.org\/{rel}","templated":true}]}}