{"id":20061,"date":"2018-02-15T00:00:44","date_gmt":"2018-02-15T05:00:44","guid":{"rendered":"https:\/\/cimbcc.org\/test2\/?p=20061"},"modified":"2023-10-16T22:14:49","modified_gmt":"2023-10-17T02:14:49","slug":"lobsolescence-programmee-mythe-ou-realite","status":"publish","type":"post","link":"https:\/\/cimbcc.org\/test2\/lobsolescence-programmee-mythe-ou-realite\/","title":{"rendered":"L&rsquo;obsolescence programm\u00e9e: mythe ou r\u00e9alit\u00e9 ?"},"content":{"rendered":"<figure id=\"attachment_24081\" aria-describedby=\"caption-attachment-24081\" style=\"width: 125px\" class=\"wp-caption aligncenter\"><img loading=\"lazy\" decoding=\"async\" class=\"size-full wp-image-24081\" src=\"https:\/\/cimbcc.org\/test2\/wp-content\/uploads\/photo_charron_denis.jpg\" alt=\"\" width=\"125\" height=\"125\" \/><figcaption id=\"caption-attachment-24081\" class=\"wp-caption-text\"><span style=\"color: #ffffff;\">mmm<\/span>Denis Charron<\/figcaption><\/figure>\n<p style=\"text-align: justify;\">Qui n&rsquo;a pas d\u00e9j\u00e0 entendu: \u00ab\u00a0Avant, c&rsquo;\u00e9tait fait solide et \u00e7a durait plus longtemps !\u00a0\u00bb On a l&rsquo;impression que les produits manufactur\u00e9s brisent plus vite afin de nous obliger \u00e0 en acheter de nouveaux.<\/p>\n<p style=\"text-align: justify;\"><!--more--><\/p>\n<p style=\"text-align: justify;\"><a href=\"http:\/\/ici.radio-canada.ca\/nouvelle\/1074734\/iphone-lent-ios-apple-recours-collectif-poursuite\" target=\"_blank\" rel=\"noopener\">Les recours collectifs r\u00e9cents contre le iPhone de Apple<\/a> sont un exemple de cette r\u00e9alit\u00e9. L\u00e9gende urbaine ou r\u00e9alit\u00e9 ?<\/p>\n<p style=\"text-align: justify;\">Vous pourrez consulter l&rsquo;opinion \u00e0 ce sujet de R\u00e9mi Leroux du magazine <em>Prot\u00e9gez-vous<\/em> <a href=\"https:\/\/www.protegez-vous.ca\/Blogue\/Remi-Leroux\/Non-l-obsolescence-programmee-n-est-pas-une-legende-urbaine\" target=\"_blank\" rel=\"noopener\">en cliquant ici<\/a>.<\/p>\n<p>Denis Charron<\/p>\n<p>&nbsp;<\/p>\n","protected":false},"excerpt":{"rendered":"<p>Qui n&rsquo;a pas d\u00e9j\u00e0 entendu: \u00ab\u00a0Avant, c&rsquo;\u00e9tait fait solide et \u00e7a durait plus longtemps !\u00a0\u00bb On a l&rsquo;impression que les produits manufactur\u00e9s brisent plus vite afin de nous obliger \u00e0 en acheter de nouveaux.<\/p>\n","protected":false},"author":43,"featured_media":0,"comment_status":"open","ping_status":"closed","sticky":false,"template":"","format":"standard","meta":{"footnotes":""},"categories":[1],"tags":[112,735,727,389,379,734],"class_list":["post-20061","post","type-post","status-publish","format-standard","hentry","category-sans-categories","tag-achat","tag-batterie","tag-obsolescence-programmee","tag-ordinateur-portable","tag-protegez-vous","tag-rappel"],"_links":{"self":[{"href":"https:\/\/cimbcc.org\/test2\/wp-json\/wp\/v2\/posts\/20061","targetHints":{"allow":["GET"]}}],"collection":[{"href":"https:\/\/cimbcc.org\/test2\/wp-json\/wp\/v2\/posts"}],"about":[{"href":"https:\/\/cimbcc.org\/test2\/wp-json\/wp\/v2\/types\/post"}],"author":[{"embeddable":true,"href":"https:\/\/cimbcc.org\/test2\/wp-json\/wp\/v2\/users\/43"}],"replies":[{"embeddable":true,"href":"https:\/\/cimbcc.org\/test2\/wp-json\/wp\/v2\/comments?post=20061"}],"version-history":[{"count":5,"href":"https:\/\/cimbcc.org\/test2\/wp-json\/wp\/v2\/posts\/20061\/revisions"}],"predecessor-version":[{"id":25121,"href":"https:\/\/cimbcc.org\/test2\/wp-json\/wp\/v2\/posts\/20061\/revisions\/25121"}],"wp:attachment":[{"href":"https:\/\/cimbcc.org\/test2\/wp-json\/wp\/v2\/media?parent=20061"}],"wp:term":[{"taxonomy":"category","embeddable":true,"href":"https:\/\/cimbcc.org\/test2\/wp-json\/wp\/v2\/categories?post=20061"},{"taxonomy":"post_tag","embeddable":true,"href":"https:\/\/cimbcc.org\/test2\/wp-json\/wp\/v2\/tags?post=20061"}],"curies":[{"name":"wp","href":"https:\/\/api.w.org\/{rel}","templated":true}]}}