{"id":20225,"date":"2018-01-26T00:20:20","date_gmt":"2018-01-26T05:20:20","guid":{"rendered":"https:\/\/cimbcc.org\/test2\/?p=20225"},"modified":"2023-10-16T22:15:08","modified_gmt":"2023-10-17T02:15:08","slug":"echos-du-conseil-dadministration-9-janvier-2018","status":"publish","type":"post","link":"https:\/\/cimbcc.org\/test2\/echos-du-conseil-dadministration-9-janvier-2018\/","title":{"rendered":"\u00c9chos du conseil d\u2019administration \u2014 9 janvier 2018"},"content":{"rendered":"<figure id=\"attachment_18645\" aria-describedby=\"caption-attachment-18645\" style=\"width: 434px\" class=\"wp-caption aligncenter\"><img loading=\"lazy\" decoding=\"async\" class=\" wp-image-18645\" src=\"https:\/\/cimbcc.org\/test2\/wp-content\/uploads\/CA_2017_2018-1-300x188.jpg\" alt=\"CA 2017-2018\" width=\"434\" height=\"272\" srcset=\"https:\/\/cimbcc.org\/test2\/wp-content\/uploads\/CA_2017_2018-1-300x188.jpg 300w, https:\/\/cimbcc.org\/test2\/wp-content\/uploads\/CA_2017_2018-1.jpg 500w\" sizes=\"auto, (max-width: 434px) 100vw, 434px\" \/><figcaption id=\"caption-attachment-18645\" class=\"wp-caption-text\">Premi\u00e8re rang\u00e9e : Huguette Turgeon, Berthe Demers, Danielle Barab\u00e9, Danielle Charest (Bourque). Deuxi\u00e8me rang\u00e9e : Sylvie Mazur, R\u00e9jean C\u00f4t\u00e9, Richard Gervais, Jacques Lalibert\u00e9, Michel Gagn\u00e9. Absent de la photo : R\u00e9jean Daigle.<\/figcaption><\/figure>\n<p style=\"text-align: justify;\">La r\u00e9union du conseil d\u2019administration du 9\u00a0janvier fut la premi\u00e8re activit\u00e9 du club en 2018. Cette r\u00e9union a permis de s\u2019interroger sur l\u2019\u00e2ge des b\u00e9n\u00e9voles, d\u2019approuver les projets de l\u2019\u00e9quipe responsable des activit\u00e9s sociales, de reconduire les r\u00e8gles de gestion des achats, des contrats et des d\u00e9penses ainsi que les r\u00e8gles de gestion des membres honoraires et des membres associ\u00e9s.<\/p>\n<p style=\"text-align: justify;\"><!--more--><\/p>\n<hr \/>\n<p style=\"text-align: justify;\"><strong>Membres et b\u00e9n\u00e9voles<\/strong><\/p>\n<p style=\"text-align: justify;\">Au d\u00e9but du mois, les 635\u00a0membres du club pouvaient compter sur 73\u00a0b\u00e9n\u00e9voles. Ce nombre inclut une nouvelle venue, Louise\u00a0Bonin, qui assistera Denis\u00a0Charron cet hiver dans l\u2019animation de l\u2019atelier sur Android de niveau d\u00e9butant.<\/p>\n<p style=\"text-align: justify;\">Nous vieillissons tous d\u2019un an, chaque ann\u00e9e, et nos b\u00e9n\u00e9voles aussi! Le conseil d\u2019administration est curieux de conna\u00eetre <strong>l\u2019\u00e2ge moyen des b\u00e9n\u00e9voles<\/strong> du club. Il a mandat\u00e9 la secr\u00e9taire du conseil pour recueillir cette information aupr\u00e8s de chaque b\u00e9n\u00e9vole. Cette information servira uniquement \u00e0 \u00e9tablir des statistiques sur l\u2019\u00e2ge des b\u00e9n\u00e9voles. La collecte des donn\u00e9es se fera \u00e0 la fin de janvier et le rapport d\u00e9pos\u00e9 au conseil \u00e0 la r\u00e9union de f\u00e9vrier ne comportera aucune donn\u00e9e nominative.<\/p>\n<hr \/>\n<p style=\"text-align: justify;\"><strong>\u00a0<\/strong><strong>Activit\u00e9s sociales<\/strong><\/p>\n<p style=\"text-align: justify;\">Huguette\u00a0Turgeon, marraine de l\u2019\u00e9quipe des activit\u00e9s sociales, a confirm\u00e9 que le souper de No\u00ebl a accueilli 121\u00a0personnes qui ont appr\u00e9ci\u00e9 le repas et l\u2019ambiance amicale.<\/p>\n<p style=\"text-align: justify;\">L\u2019\u00e9quipe responsable des activit\u00e9s sociales a obtenu l\u2019accord du conseil pour organiser en 2018 les activit\u00e9s\u00a0habituelles \u00e0 l\u2019intention des membres et des b\u00e9n\u00e9voles du club\u00a0:<\/p>\n<ul style=\"text-align: justify;\">\n<li>le brunch des b\u00e9n\u00e9voles (21\u00a0janvier),<\/li>\n<li>la soir\u00e9e des membres (25\u00a0avril),<\/li>\n<li>le souper des b\u00e9n\u00e9voles (2\u00a0mai),<\/li>\n<li>le souper de No\u00ebl (5\u00a0d\u00e9cembre).<\/li>\n<\/ul>\n<p style=\"text-align: justify;\">Cette \u00e9quipe form\u00e9e de Louise\u00a0Carrier, France\u00a0Massicotte et Walter\u00a0Pearce contribuera aussi \u00e0 l\u2019organisation de \u00e0 la <em>Journ\u00e9e d\u2019information et d\u2019inscription<\/em> de septembre prochain.<\/p>\n<p style=\"text-align: justify;\">Par ailleurs, le conseil a approuv\u00e9 la suggestion de souligner <strong>les 35\u00a0ans du club<\/strong> de diverses mani\u00e8res en 2018. Par exemple, la population de Saint-Bruno sera invit\u00e9e \u00e0 participer gratuitement \u00e0 certaines s\u00e9ances de pr\u00e9sentations pr\u00e9vues pour f\u00eater cet anniversaire qui sera particuli\u00e8rement c\u00e9l\u00e9br\u00e9 au souper de No\u00ebl de d\u00e9cembre prochain.<\/p>\n<hr \/>\n<p style=\"text-align: justify;\"><strong>Gestion des achats, des contrats et des d\u00e9penses<\/strong><\/p>\n<p style=\"text-align: justify;\">Le conseil a revu et reconduit son document de r\u00e9f\u00e9rence qui d\u00e9crit les r\u00e8gles \u00e0 suivre pour l\u2019autorisation d\u2019un achat, la signature d\u2019un contrat et le remboursement d\u2019une d\u00e9pense. Par exemple, un achat doit \u00eatre pr\u00e9autoris\u00e9 et le niveau d\u2019autorisation varie en fonction de la d\u00e9pense associ\u00e9e \u00e0 l\u2019achat\u00a0:<\/p>\n<ul style=\"text-align: justify;\">\n<li>le tr\u00e9sorier peut autoriser un achat de moins de 100\u00a0$;<\/li>\n<li>une d\u00e9pense comprise entre 100\u00a0$ et 500\u00a0$ doit \u00eatre autoris\u00e9e par la tr\u00e9sori\u00e8re et le pr\u00e9sident;<\/li>\n<li>une d\u00e9pense comprise entre 500\u00a0$ et 1500\u00a0$ doit \u00eatre autoris\u00e9e par le comit\u00e9 de direction form\u00e9 par le pr\u00e9sident, le vice-pr\u00e9sident, la tr\u00e9sori\u00e8re et la secr\u00e9taire du conseil d\u2019administration;<\/li>\n<li>toute d\u00e9pense sup\u00e9rieure \u00e0 1500\u00a0$ doit \u00eatre autoris\u00e9e par le conseil d\u2019administration.<\/li>\n<\/ul>\n<p style=\"text-align: justify;\">Le conseil a aussi autoris\u00e9 Danielle\u00a0Barab\u00e9, tr\u00e9sori\u00e8re du club, \u00e0 proc\u00e9der au r\u00e8glement de la facture de 3454\u00a0$ re\u00e7ue de la Ville de Saint-Bruno pour la location des salles par le CIMBCC et pour les photocopies r\u00e9alis\u00e9es. Cette facture couvre la p\u00e9riode de juin \u00e0 d\u00e9cembre 2017.<\/p>\n<hr \/>\n<p style=\"text-align: justify;\"><strong>Gestion des membres honoraires et des membres associ\u00e9s<\/strong><\/p>\n<p style=\"text-align: justify;\">Comme chaque ann\u00e9e, la r\u00e9vision du document de r\u00e9f\u00e9rence sur les membres honoraires et les membres associ\u00e9s a aussi \u00e9t\u00e9 l\u2019occasion de sugg\u00e9rer des personnes qui m\u00e9ritent d\u2019\u00eatre d\u00e9sign\u00e9es comme <a href=\"https:\/\/cimbcc.org\/test2\/le-club-2\/nos-membres-honoraires\" target=\"_blank\" rel=\"noopener\">membres honoraires<\/a>. Une seule personne sera retenue en 2018 et son nom sera d\u00e9voil\u00e9 \u00e0 l\u2019occasion de <strong>la soir\u00e9e des membres du 25\u00a0avril prochain<\/strong>.<\/p>\n<p style=\"text-align: justify;\">\u00a0Sylvie\u00a0Mazur, secr\u00e9taire du CIMBCC<\/p>\n<p>&nbsp;<\/p>\n","protected":false},"excerpt":{"rendered":"<p>La r\u00e9union du conseil d\u2019administration du 9\u00a0janvier fut la premi\u00e8re activit\u00e9 du club en 2018. Cette r\u00e9union a permis de s\u2019interroger sur l\u2019\u00e2ge des b\u00e9n\u00e9voles, d\u2019approuver les projets de l\u2019\u00e9quipe responsable des activit\u00e9s sociales, de reconduire les r\u00e8gles de gestion des achats, des contrats et des d\u00e9penses ainsi que les r\u00e8gles de gestion des membres &hellip; <a href=\"https:\/\/cimbcc.org\/test2\/echos-du-conseil-dadministration-9-janvier-2018\/\" class=\"more-link\">Continuer la lecture de <span class=\"screen-reader-text\">\u00c9chos du conseil d\u2019administration \u2014 9 janvier 2018<\/span>  <span class=\"meta-nav\">&rarr;<\/span><\/a><\/p>\n","protected":false},"author":43,"featured_media":0,"comment_status":"open","ping_status":"closed","sticky":false,"template":"","format":"standard","meta":{"footnotes":""},"categories":[386],"tags":[737,553,594,552],"class_list":["post-20225","post","type-post","status-publish","format-standard","hentry","category-echos-du-conseil-dadministration","tag-activites-sociales","tag-gestion-financiere","tag-membres","tag-membres-honoraires"],"_links":{"self":[{"href":"https:\/\/cimbcc.org\/test2\/wp-json\/wp\/v2\/posts\/20225","targetHints":{"allow":["GET"]}}],"collection":[{"href":"https:\/\/cimbcc.org\/test2\/wp-json\/wp\/v2\/posts"}],"about":[{"href":"https:\/\/cimbcc.org\/test2\/wp-json\/wp\/v2\/types\/post"}],"author":[{"embeddable":true,"href":"https:\/\/cimbcc.org\/test2\/wp-json\/wp\/v2\/users\/43"}],"replies":[{"embeddable":true,"href":"https:\/\/cimbcc.org\/test2\/wp-json\/wp\/v2\/comments?post=20225"}],"version-history":[{"count":10,"href":"https:\/\/cimbcc.org\/test2\/wp-json\/wp\/v2\/posts\/20225\/revisions"}],"predecessor-version":[{"id":20252,"href":"https:\/\/cimbcc.org\/test2\/wp-json\/wp\/v2\/posts\/20225\/revisions\/20252"}],"wp:attachment":[{"href":"https:\/\/cimbcc.org\/test2\/wp-json\/wp\/v2\/media?parent=20225"}],"wp:term":[{"taxonomy":"category","embeddable":true,"href":"https:\/\/cimbcc.org\/test2\/wp-json\/wp\/v2\/categories?post=20225"},{"taxonomy":"post_tag","embeddable":true,"href":"https:\/\/cimbcc.org\/test2\/wp-json\/wp\/v2\/tags?post=20225"}],"curies":[{"name":"wp","href":"https:\/\/api.w.org\/{rel}","templated":true}]}}