{"id":20417,"date":"2018-02-23T07:00:49","date_gmt":"2018-02-23T12:00:49","guid":{"rendered":"https:\/\/cimbcc.org\/test2\/?p=20417"},"modified":"2023-10-16T22:14:49","modified_gmt":"2023-10-17T02:14:49","slug":"echos-du-conseil-dadministration-6-fevrier-2018","status":"publish","type":"post","link":"https:\/\/cimbcc.org\/test2\/echos-du-conseil-dadministration-6-fevrier-2018\/","title":{"rendered":"\u00c9chos du conseil d\u2019administration \u2014 6 f\u00e9vrier 2018"},"content":{"rendered":"<figure id=\"attachment_18645\" aria-describedby=\"caption-attachment-18645\" style=\"width: 500px\" class=\"wp-caption alignnone\"><img loading=\"lazy\" decoding=\"async\" class=\"size-full wp-image-18645\" src=\"https:\/\/cimbcc.org\/test2\/wp-content\/uploads\/CA_2017_2018-1.jpg\" alt=\"CA 2017-2018\" width=\"500\" height=\"313\" srcset=\"https:\/\/cimbcc.org\/test2\/wp-content\/uploads\/CA_2017_2018-1.jpg 500w, https:\/\/cimbcc.org\/test2\/wp-content\/uploads\/CA_2017_2018-1-300x188.jpg 300w\" sizes=\"auto, (max-width: 500px) 100vw, 500px\" \/><figcaption id=\"caption-attachment-18645\" class=\"wp-caption-text\">Premi\u00e8re rang\u00e9e : Huguette Turgeon, Berthe Demers, Danielle Barab\u00e9, Danielle Charest (Bourque). Deuxi\u00e8me rang\u00e9e : Sylvie Mazur, R\u00e9jean C\u00f4t\u00e9, Richard Gervais, Jacques Lalibert\u00e9, Michel Gagn\u00e9. Absent de la photo : R\u00e9jean Daigle.<\/figcaption><\/figure>\n<p style=\"text-align: justify;\">\u00c0 sa r\u00e9union du 6\u00a0f\u00e9vrier, le conseil d\u2019administration du club a pris connaissance de l\u2019\u00e2ge moyen de ses b\u00e9n\u00e9voles et d\u2019informations sur les ateliers de l\u2019hiver\u00a02018, sur les articles qui sont publi\u00e9s dans le <em>CHIP<\/em> et sur des modifications au calendrier des s\u00e9ances de pr\u00e9sentations. Les r\u00e8glements g\u00e9n\u00e9raux ont \u00e9t\u00e9 reconduits, la pr\u00e9paration de l\u2019assembl\u00e9e g\u00e9n\u00e9rale annuelle a \u00e9t\u00e9 enclench\u00e9e et le club a re\u00e7u des remerciements.<\/p>\n<p><!--more--><\/p>\n<h4><strong>Membres et b\u00e9n\u00e9voles<\/strong><\/h4>\n<p style=\"text-align: justify;\">D\u00e9but f\u00e9vrier, le club comptait 662\u00a0membres et 73\u00a0b\u00e9n\u00e9voles. En janvier, le conseil d\u2019administration s\u2019est interrog\u00e9 sur l\u2019\u00e2ge moyen de ces derniers. La secr\u00e9taire du conseil a \u00e9t\u00e9 mandat\u00e9e pour communiquer avec chaque b\u00e9n\u00e9vole afin de noter son \u00e2ge, information qui restera confidentielle et ne servira qu\u2019\u00e0 produire les statistiques pr\u00e9sent\u00e9es au conseil. Elle a obtenu une r\u00e9ponse de la part de 72\u00a0b\u00e9n\u00e9voles sur\u00a073.<\/p>\n<p><img loading=\"lazy\" decoding=\"async\" class=\"aligncenter wp-image-20427 size-full\" src=\"https:\/\/cimbcc.org\/test2\/wp-content\/uploads\/2018-02-23-Age-des-b\u00e9n\u00e9voles.png\" alt=\"\" width=\"485\" height=\"259\" srcset=\"https:\/\/cimbcc.org\/test2\/wp-content\/uploads\/2018-02-23-Age-des-b\u00e9n\u00e9voles.png 485w, https:\/\/cimbcc.org\/test2\/wp-content\/uploads\/2018-02-23-Age-des-b\u00e9n\u00e9voles-300x160.png 300w\" sizes=\"auto, (max-width: 485px) 100vw, 485px\" \/><\/p>\n<p style=\"text-align: justify;\">Comme on peut le constater dans le graphique ci-dessus\u00a0:<\/p>\n<ul style=\"text-align: justify;\">\n<li>pr\u00e8s de 6\u00a0b\u00e9n\u00e9voles sur 10 ont entre 65 et 74\u00a0ans\u00a0: 42 b\u00e9n\u00e9voles sur 72, soit 58\u00a0%;<\/li>\n<li>pr\u00e8s de 8 b\u00e9n\u00e9voles sur 10 ont entre 60 et 74\u00a0ans\u00a0: 56 b\u00e9n\u00e9voles sur 72, soit 78 %, alors que 5\u00a0b\u00e9n\u00e9voles ont moins de 60\u00a0ans et 11\u00a0b\u00e9n\u00e9voles ont 75\u00a0ans et plus.<\/li>\n<li>l\u2019<strong>\u00e2ge moyen des b\u00e9n\u00e9voles est de<\/strong> <strong>68\u00a0ans. <\/strong><\/li>\n<\/ul>\n<p style=\"text-align: justify;\">Ces donn\u00e9es ne sont pas \u00e9tonnantes, car c\u2019est \u00e0 l\u2019\u00e2ge de la retraite qu\u2019on a plus de disponibilit\u00e9. Par ailleurs, il est impossible d\u2019affirmer que l\u2019\u00e2ge observ\u00e9 chez les b\u00e9n\u00e9voles est le reflet exact de l\u2019\u00e2ge des membres du club puisque le club ne d\u00e9tient pas cette information.<\/p>\n<p style=\"text-align: justify;\">Tous les b\u00e9n\u00e9voles sont pr\u00e9cieux, du plus jeune au plus \u00e2g\u00e9. Le conseil esp\u00e8re seulement que, parmi les nouveaux b\u00e9n\u00e9voles, il y en ait aussi de plus jeunes afin d\u2019assurer la p\u00e9rennit\u00e9 du club.<\/p>\n<h4><strong>Ateliers<\/strong><\/h4>\n<p style=\"text-align: justify;\">Les responsables des ateliers, Berthe\u00a0Demers et Danielle\u00a0Barab\u00e9, ont lanc\u00e9 un appel aux membres le 10\u00a0janvier pour recruter des animateurs pour deux nouveaux ateliers sur les <strong>transactions \u00e9lectroniques<\/strong> et sur une <strong>liseuse \u00e9lectronique<\/strong>. Des membres, qui sont d\u00e9j\u00e0 b\u00e9n\u00e9voles, ont r\u00e9pondu \u00e0 cet appel et les deux ateliers sont en pr\u00e9paration pour la saison prochaine.<\/p>\n<p style=\"text-align: justify;\">Quant aux <strong>14\u00a0ateliers de l\u2019hiver\u00a02018<\/strong>, ils ont suscit\u00e9 l\u2019inscription de 137\u00a0membres. On observe une diminution des inscriptions par rapport aux ateliers des hivers pr\u00e9c\u00e9dents. Plusieurs facteurs peuvent expliquer cette situation qui sera discut\u00e9e avec les animateurs d\u2019ateliers. On peut d\u00e9j\u00e0 se demander s\u2019il est n\u00e9cessaire d\u2019offrir deux ateliers \u00e0 chaque saison sur chacun des th\u00e8mes suivants\u00a0: Facebook, les tablettes iPad et les tablettes Android.<\/p>\n<p style=\"text-align: justify;\">L\u2019atelier de trois rencontres pr\u00e9vu sur <strong>Facebook<\/strong> en mars et avril, \u00e0 Sainte-Julie, a perdu son animateur. Il est donc urgent de remplacer ce dernier, sinon l\u2019atelier devra \u00eatre annul\u00e9. Les volontaires pour animer cet atelier sont invit\u00e9s \u00e0 laisser leur num\u00e9ro de t\u00e9l\u00e9phone par courriel \u00e0 <a href=\"mailto:ateliers.du.cimbcc@outlook.com\" target=\"_blank\" rel=\"noopener\">ateliers.du.cimbcc@outlook.com<\/a>. Berthe\u00a0Demers communiquera avec eux et leur offrira tout le soutien n\u00e9cessaire, qu\u2019ils soient membres ou non du club.<\/p>\n<h4><strong>Publication dans le <em>CHIP<\/em> <\/strong><\/h4>\n<p style=\"text-align: justify;\">Le conseil d\u2019administration invite toute personne qui le d\u00e9sire \u00e0 soumettre un article pour publication dans le <em>CHIP<\/em>. Pour conna\u00eetre les crit\u00e8res appliqu\u00e9s pour d\u00e9cider de la publication d\u2019un article, il est utile de consulter la page suivante du site Internet\u00a0: <a href=\"https:\/\/cimbcc.org\/test2\/services\/chip\" target=\"_blank\" rel=\"noopener\">https:\/\/cimbcc.org\/test2\/services\/chip<\/a>.<\/p>\n<p style=\"text-align: justify;\">Le conseil a toutefois pr\u00e9cis\u00e9 qu\u2019<strong>aucune publicit\u00e9<\/strong> ne sera publi\u00e9e dans le <em>CHIP<\/em>. Pour rendre compte de cette d\u00e9cision, la phrase suivante a \u00e9t\u00e9 ajout\u00e9e \u00e0 la description des articles soumis\u00a0: <em>Il est aussi n\u00e9cessaire de respecter la politique de neutralit\u00e9 politique, religieuse et commerciale du club<\/em>. Il s\u2019agit du rappel d\u2019un \u00e9l\u00e9ment de la mission du club (voir\u00a0: <a href=\"https:\/\/cimbcc.org\/test2\/le-club-2\/la-mission-et-la-politique\" target=\"_blank\" rel=\"noopener\">https:\/\/cimbcc.org\/test2\/le-club-2\/la-mission-et-la-politique<\/a>).<\/p>\n<h4 style=\"text-align: justify;\"><strong>Modifications au calendrier des s\u00e9ances de pr\u00e9sentations<\/strong><\/h4>\n<p style=\"text-align: justify;\">Les s\u00e9ances tenues le 14\u00a0f\u00e9vrier des derni\u00e8res ann\u00e9es ont attir\u00e9 peu de participants. Il a donc \u00e9t\u00e9 d\u00e9cid\u00e9 d\u2019annuler la s\u00e9ance du 14\u00a0f\u00e9vrier 2018. Son contenu a \u00e9t\u00e9 d\u00e9plac\u00e9 tout comme celui des s\u00e9ances des 21 et 28\u00a0f\u00e9vrier, et une s\u00e9ance a \u00e9t\u00e9 ajout\u00e9e au calendrier. Enfin, la <strong><em>Soir\u00e9e des membres<\/em><\/strong> a \u00e9t\u00e9 d\u00e9cal\u00e9e au <strong>2\u00a0mai<\/strong>.<\/p>\n<h4 style=\"text-align: justify;\"><strong>R\u00e8glements g\u00e9n\u00e9raux et pr\u00e9paration de l\u2019assembl\u00e9e g\u00e9n\u00e9rale annuelle<\/strong><\/h4>\n<p style=\"text-align: justify;\">Le conseil a reconduit les r\u00e8glements g\u00e9n\u00e9raux du club qui peuvent \u00eatre consult\u00e9s en cliquant ici\u00a0: <a href=\"https:\/\/cimbcc.org\/test2\/le-club-2\/reglements-du-club\" target=\"_blank\" rel=\"noopener\">https:\/\/cimbcc.org\/test2\/le-club-2\/reglements-du-club<\/a>.<\/p>\n<p style=\"text-align: justify;\">La prochaine <strong>assembl\u00e9e g\u00e9n\u00e9rale annuelle<\/strong> aura lieu le <strong>11\u00a0avril <\/strong>prochain. Le conseil a d\u00e9sign\u00e9 sa secr\u00e9taire pour en assurer la pr\u00e9paration avec le pr\u00e9sident. Elle est aussi charg\u00e9e de r\u00e9diger le rapport annuel auquel chaque responsable d\u2019activit\u00e9 sera invit\u00e9 \u00e0 contribuer.<\/p>\n<h4><strong>Remerciements de la Paroisse de Saint-Bruno<\/strong><\/h4>\n<p style=\"text-align: justify;\">L\u2019\u00e9quipe de la r\u00e9cup\u00e9ration du mat\u00e9riel informatique a re\u00e7u une lettre de remerciements de la Paroisse de Saint-Bruno. Cette lettre exprime sa gratitude au Club informatique du Mont-Bruno pour un don de 500\u00a0$ vers\u00e9s \u00e0 l\u2019\u0153uvre des paniers de No\u00ebl de la Paroisse. Cette somme fait partie des revenus g\u00e9n\u00e9r\u00e9s par la r\u00e9cup\u00e9ration de mat\u00e9riel informatique et int\u00e9gralement vers\u00e9s \u00e0 des organismes communautaires.<\/p>\n<p>Sylvie\u00a0Mazur<br \/>\nSecr\u00e9taire du CIMBCC<\/p>\n","protected":false},"excerpt":{"rendered":"<p>\u00c0 sa r\u00e9union du 6\u00a0f\u00e9vrier, le conseil d\u2019administration du club a pris connaissance de l\u2019\u00e2ge moyen de ses b\u00e9n\u00e9voles et d\u2019informations sur les ateliers de l\u2019hiver\u00a02018, sur les articles qui sont publi\u00e9s dans le CHIP et sur des modifications au calendrier des s\u00e9ances de pr\u00e9sentations. Les r\u00e8glements g\u00e9n\u00e9raux ont \u00e9t\u00e9 reconduits, la pr\u00e9paration de l\u2019assembl\u00e9e &hellip; <a href=\"https:\/\/cimbcc.org\/test2\/echos-du-conseil-dadministration-6-fevrier-2018\/\" class=\"more-link\">Continuer la lecture de <span class=\"screen-reader-text\">\u00c9chos du conseil d\u2019administration \u2014 6 f\u00e9vrier 2018<\/span>  <span class=\"meta-nav\">&rarr;<\/span><\/a><\/p>\n","protected":false},"author":43,"featured_media":0,"comment_status":"open","ping_status":"closed","sticky":false,"template":"","format":"standard","meta":{"footnotes":""},"categories":[386],"tags":[569,269,126,20],"class_list":["post-20417","post","type-post","status-publish","format-standard","hentry","category-echos-du-conseil-dadministration","tag-assemblee-generale-annuelle","tag-ateliers","tag-benevoles","tag-facebook"],"_links":{"self":[{"href":"https:\/\/cimbcc.org\/test2\/wp-json\/wp\/v2\/posts\/20417","targetHints":{"allow":["GET"]}}],"collection":[{"href":"https:\/\/cimbcc.org\/test2\/wp-json\/wp\/v2\/posts"}],"about":[{"href":"https:\/\/cimbcc.org\/test2\/wp-json\/wp\/v2\/types\/post"}],"author":[{"embeddable":true,"href":"https:\/\/cimbcc.org\/test2\/wp-json\/wp\/v2\/users\/43"}],"replies":[{"embeddable":true,"href":"https:\/\/cimbcc.org\/test2\/wp-json\/wp\/v2\/comments?post=20417"}],"version-history":[{"count":11,"href":"https:\/\/cimbcc.org\/test2\/wp-json\/wp\/v2\/posts\/20417\/revisions"}],"predecessor-version":[{"id":24638,"href":"https:\/\/cimbcc.org\/test2\/wp-json\/wp\/v2\/posts\/20417\/revisions\/24638"}],"wp:attachment":[{"href":"https:\/\/cimbcc.org\/test2\/wp-json\/wp\/v2\/media?parent=20417"}],"wp:term":[{"taxonomy":"category","embeddable":true,"href":"https:\/\/cimbcc.org\/test2\/wp-json\/wp\/v2\/categories?post=20417"},{"taxonomy":"post_tag","embeddable":true,"href":"https:\/\/cimbcc.org\/test2\/wp-json\/wp\/v2\/tags?post=20417"}],"curies":[{"name":"wp","href":"https:\/\/api.w.org\/{rel}","templated":true}]}}