{"id":2051,"date":"2012-03-16T11:00:12","date_gmt":"2012-03-16T16:00:12","guid":{"rendered":"https:\/\/cimbcc.org\/test2\/?p=2051"},"modified":"2023-10-16T22:17:14","modified_gmt":"2023-10-17T02:17:14","slug":"sites-web-a-decouvrir-mars-2012","status":"publish","type":"post","link":"https:\/\/cimbcc.org\/test2\/sites-web-a-decouvrir-mars-2012\/","title":{"rendered":"Arboretum Gabri\u00e9lis"},"content":{"rendered":"<figure id=\"attachment_17138\" aria-describedby=\"caption-attachment-17138\" style=\"width: 150px\" class=\"wp-caption aligncenter\"><img loading=\"lazy\" decoding=\"async\" class=\"size-full wp-image-17138\" src=\"https:\/\/cimbcc.org\/test2\/wp-content\/uploads\/photo_honor_bigras.jpg\" alt=\"photo_honor_bigras\" width=\"150\" height=\"150\" srcset=\"https:\/\/cimbcc.org\/test2\/wp-content\/uploads\/photo_honor_bigras.jpg 150w, https:\/\/cimbcc.org\/test2\/wp-content\/uploads\/photo_honor_bigras-125x125.jpg 125w\" sizes=\"auto, (max-width: 150px) 100vw, 150px\" \/><figcaption id=\"caption-attachment-17138\" class=\"wp-caption-text\"><span style=\"color: #ffffff;\">mmm<\/span>Fr\u00e8re Oscar Bigras<\/figcaption><\/figure>\n<h4><strong>Pr\u00e9sentation du site Arboretum Gabri\u00e9lis<\/strong><\/h4>\n<p style=\"text-align: justify;\">Je vous propose de d\u00e9couvrir le site A<em>rboretum Gabrielis <\/em>mont\u00e9 par Oscar\u00a0Bigras de la communaut\u00e9 des Fr\u00e8res de Saint-Gabriel. Oscar Bigras participe activement \u00e0 notre atelier sur le montage de sites que j\u2019anime mensuellement.<\/p>\n<p style=\"text-align: justify;\"><!--more--><\/p>\n<p style=\"text-align: justify;\">\u00c0 travers le site Web qu\u2019a b\u00e2ti Oscar, partagez son admiration pour le fr\u00e8re Gabri\u00e9lis. En tant que guide de <em>l&rsquo;arboretum Gabri\u00e9lis, <\/em>Oscar nous fait d\u00e9couvrir les sentiers bord\u00e9s de sp\u00e9cimens venant des quatre\u00a0coins du monde tout en d\u00e9crivant, en p\u00e9dagogue qu&rsquo;il est (une d\u00e9formation d&rsquo;ancien \u00abprof\u00bb), leurs caract\u00e9ristiques. Le coll\u00e8ge n&rsquo;est plus qu&rsquo;un m\u00e9morial, mais des traces, \u00e0 qui sait fl\u00e2ner dans le parc, raviveront l&rsquo;\u0153uvre de ses d\u00e9fricheurs. Laissez-vous guider par cet amoureux de la nature! En visitant ce site, fermez les yeux, vous entendrez peut-\u00eatre les cris des \u00e9l\u00e8ves du juv\u00e9nat qui s&rsquo;y sont \u00e9pivard\u00e9s.<\/p>\n<p style=\"text-align: justify;\">Faire m\u00e9moire, vouloir transmettre, partager avec d&rsquo;autres, laisser sa marque&#8230; voil\u00e0 ce qui nous anime! C&rsquo;est aussi rendre hommage \u00e0 ceux qui nous ont transmis, enseign\u00e9, valoris\u00e9s et, ainsi, c\u00e9l\u00e9brer la g\u00e9n\u00e9rosit\u00e9 de nos pr\u00e9d\u00e9cesseurs.<\/p>\n<p style=\"text-align: justify;\">D\u00e9couvrez ce site <a href=\"http:\/\/arboretum8gabrielis.wordpress.com\/\" target=\"_blank\" rel=\"noopener\">en cliquant ici<\/a>.<\/p>\n<p style=\"text-align: justify;\">Apr\u00e8s avoir visit\u00e9 le site Web de <em>l\u2019arboretum Gabri\u00e9lis<\/em> et d\u00e9couvert une page de l\u2019histoire de Saint-Bruno, pourquoi ne pas aller visiter l\u2019arboretum l\u2019\u00e9t\u00e9 prochain au parc Mont-Saint-Bruno?<\/p>\n<p style=\"text-align: justify;\">P.-S. \u00ad L&rsquo;atelier pour monter un site Web vous ouvre ses portes et permet \u00e0 chacun de partager sa cr\u00e9ativit\u00e9!<\/p>\n","protected":false},"excerpt":{"rendered":"<p>Pr\u00e9sentation du site Arboretum Gabri\u00e9lis Je vous propose de d\u00e9couvrir le site Arboretum Gabrielis mont\u00e9 par Oscar\u00a0Bigras de la communaut\u00e9 des Fr\u00e8res de Saint-Gabriel. Oscar Bigras participe activement \u00e0 notre atelier sur le montage de sites que j\u2019anime mensuellement.<\/p>\n","protected":false},"author":43,"featured_media":0,"comment_status":"closed","ping_status":"closed","sticky":false,"template":"","format":"standard","meta":{"footnotes":""},"categories":[12],"tags":[303,144,316,186],"class_list":["post-2051","post","type-post","status-publish","format-standard","hentry","category-sites-coup-de-coeur","tag-arboretum-gabrielis","tag-histoire","tag-oscar-bigras","tag-saint-bruno-de-montarville"],"_links":{"self":[{"href":"https:\/\/cimbcc.org\/test2\/wp-json\/wp\/v2\/posts\/2051","targetHints":{"allow":["GET"]}}],"collection":[{"href":"https:\/\/cimbcc.org\/test2\/wp-json\/wp\/v2\/posts"}],"about":[{"href":"https:\/\/cimbcc.org\/test2\/wp-json\/wp\/v2\/types\/post"}],"author":[{"embeddable":true,"href":"https:\/\/cimbcc.org\/test2\/wp-json\/wp\/v2\/users\/43"}],"replies":[{"embeddable":true,"href":"https:\/\/cimbcc.org\/test2\/wp-json\/wp\/v2\/comments?post=2051"}],"version-history":[{"count":29,"href":"https:\/\/cimbcc.org\/test2\/wp-json\/wp\/v2\/posts\/2051\/revisions"}],"predecessor-version":[{"id":26162,"href":"https:\/\/cimbcc.org\/test2\/wp-json\/wp\/v2\/posts\/2051\/revisions\/26162"}],"wp:attachment":[{"href":"https:\/\/cimbcc.org\/test2\/wp-json\/wp\/v2\/media?parent=2051"}],"wp:term":[{"taxonomy":"category","embeddable":true,"href":"https:\/\/cimbcc.org\/test2\/wp-json\/wp\/v2\/categories?post=2051"},{"taxonomy":"post_tag","embeddable":true,"href":"https:\/\/cimbcc.org\/test2\/wp-json\/wp\/v2\/tags?post=2051"}],"curies":[{"name":"wp","href":"https:\/\/api.w.org\/{rel}","templated":true}]}}