{"id":20703,"date":"2018-04-05T00:00:15","date_gmt":"2018-04-05T04:00:15","guid":{"rendered":"https:\/\/cimbcc.org\/test2\/?p=20703"},"modified":"2023-10-16T22:14:49","modified_gmt":"2023-10-17T02:14:49","slug":"mot-du-president-davril","status":"publish","type":"post","link":"https:\/\/cimbcc.org\/test2\/mot-du-president-davril\/","title":{"rendered":"Mot du pr\u00e9sident &#8211; avril 2018"},"content":{"rendered":"<figure id=\"attachment_23836\" aria-describedby=\"caption-attachment-23836\" style=\"width: 125px\" class=\"wp-caption aligncenter\"><img loading=\"lazy\" decoding=\"async\" class=\"size-full wp-image-23836\" src=\"https:\/\/cimbcc.org\/test2\/wp-content\/uploads\/photo_cote_rejean.jpg\" alt=\"\" width=\"125\" height=\"125\" \/><figcaption id=\"caption-attachment-23836\" class=\"wp-caption-text\"><span style=\"color: #ffffff;\">mmmm<\/span>R\u00e9jean C\u00f4t\u00e9<\/figcaption><\/figure>\n<h4><strong>Le b\u00e9n\u00e9volat<\/strong><\/h4>\n<p style=\"text-align: justify;\">Je lisais derni\u00e8rement un article o\u00f9 il \u00e9tait dit que le b\u00e9n\u00e9volat est bon pour la sant\u00e9 des personnes qui re\u00e7oivent un soutien social, et qu\u2019il est bon aussi pour la sant\u00e9 des personnes qui offrent leur aide comme b\u00e9n\u00e9vole.<\/p>\n<p style=\"text-align: justify;\">Des preuves scientifiques soutiennent aussi l\u2019id\u00e9e que les actes de g\u00e9n\u00e9rosit\u00e9 peuvent \u00eatre b\u00e9n\u00e9fiques psychologiquement pour les gens qui font du b\u00e9n\u00e9volat.<\/p>\n<p><!--more--><\/p>\n<p style=\"text-align: justify;\">Pourquoi le premier r\u00e9flexe de certaines personnes est-il de faire du b\u00e9n\u00e9volat? Une des raisons est, qu\u2019en tant qu\u2019\u00eatres humains, nous avons \u00e9volu\u00e9 pour survivre en groupe en nous entraidant. De plus, en aidant les autres, nous nous sentons moins seuls.<\/p>\n<p style=\"text-align: justify;\">L\u2019article disait aussi\u00a0: \u00ab\u00a0<em>Quand nous nous engageons dans des actes de g\u00e9n\u00e9rosit\u00e9 comme le b\u00e9n\u00e9volat, ces exp\u00e9riences d\u2019\u00e9motion positive peuvent \u00eatre plus durables et durer plus longtemps que l\u2019\u00e9pisode sp\u00e9cifique dans lequel nous sommes engag\u00e9s.\u00a0<\/em>\u00bb<\/p>\n<p style=\"text-align: justify;\">Pour certaines personnes, aider les autres donne un sens \u00e0 leur vie.<\/p>\n<hr \/>\n<h4><strong>La d\u00e9mocratie au club<\/strong><\/h4>\n<p style=\"text-align: justify;\">La loi oblige le club \u00e0 tenir au moins une assembl\u00e9e g\u00e9n\u00e9rale par ann\u00e9e et tous les membres y sont convoqu\u00e9s. C\u2019est aussi \u00e0 cette assembl\u00e9e que<strong> les nouveaux membres du conseil d\u2019administration <\/strong>sont \u00e9lus.<\/p>\n<p style=\"text-align: justify;\">Le conseil d\u2019administration est compos\u00e9 d\u2019un maximum de 12\u00a0membres qui se r\u00e9unissent le premier mardi de chaque mois, sauf en juillet. Chaque administrateur exerce un mandat de deux ans. Afin d\u2019assurer la continuit\u00e9 dans la gestion du club, six (6)\u00a0postes d\u2019administrateurs sont \u00e0 pourvoir chaque ann\u00e9e.<\/p>\n<p style=\"text-align: justify;\">Pour \u00eatre \u00e9ligible, il faut \u00eatre <strong><u>membre et<\/u><\/strong><u> <strong>b\u00e9n\u00e9vole<\/strong><\/u> du club et avoir pos\u00e9 sa candidature dans les d\u00e9lais fix\u00e9s. Ensuite, il faut \u00eatre \u00e9lu par les membres pr\u00e9sents \u00e0 l\u2019assembl\u00e9e g\u00e9n\u00e9rale annuelle.<\/p>\n<p style=\"text-align: justify;\">Au moment o\u00f9 vous lisez ces lignes, vous avez d\u00e9j\u00e0 re\u00e7u la convocation \u00e0 l\u2019assembl\u00e9e g\u00e9n\u00e9rale du <strong>mercredi 11\u00a0avril<\/strong> et l\u2019invitation \u00e0 <strong>poser votre candidature comme administrateur du club<\/strong>, car le club ne peut exister sans son conseil d\u2019administration.<\/p>\n<p style=\"text-align: justify;\">Vos administrateurs ont besoin de sentir que les membres les appuient. Une bonne fa\u00e7on de leur manifester votre soutien, c\u2019est de <strong>participer \u00e0 l\u2019assembl\u00e9e g\u00e9n\u00e9rale<\/strong> qui dure environ une heure.<\/p>\n<p style=\"text-align: justify;\">L\u2019assembl\u00e9e g\u00e9n\u00e9rale sera suivie par une pr\u00e9sentation de <strong>Sylvain\u00a0Garneau<\/strong> sur les <strong>fonctionnalit\u00e9s int\u00e9ressantes de<\/strong> <strong>Chrome<\/strong>\u00a0: venez d\u00e9couvrir les diff\u00e9rents types de recherche disponibles \u00e0 partir de votre ordinateur et l\u2019historique de navigation dans <strong>Chrome<\/strong>.<\/p>\n<p style=\"text-align: justify;\">L\u2019ann\u00e9e derni\u00e8re, plus 80\u00a0membres ont assist\u00e9 \u00e0 l\u2019assembl\u00e9e g\u00e9n\u00e9rale. J\u2019esp\u00e8re que cette ann\u00e9e vous serez au moins aussi nombreux. Venez \u00e0 l\u2019assembl\u00e9e g\u00e9n\u00e9rale, vos administrateurs vous en seront reconnaissants. Vous servirez aussi la d\u00e9mocratie parce que le club, c\u2019est votre affaire et ce sera une belle fa\u00e7on de vous en occuper.<\/p>\n<p style=\"text-align: justify;\">Au plaisir de vous y retrouver encore nombreux cette ann\u00e9e,<\/p>\n<p>R\u00e9jean\u00a0C\u00f4t\u00e9, pr\u00e9sident<\/p>\n<p>&nbsp;<\/p>\n","protected":false},"excerpt":{"rendered":"<p>Le b\u00e9n\u00e9volat Je lisais derni\u00e8rement un article o\u00f9 il \u00e9tait dit que le b\u00e9n\u00e9volat est bon pour la sant\u00e9 des personnes qui re\u00e7oivent un soutien social, et qu\u2019il est bon aussi pour la sant\u00e9 des personnes qui offrent leur aide comme b\u00e9n\u00e9vole. Des preuves scientifiques soutiennent aussi l\u2019id\u00e9e que les actes de g\u00e9n\u00e9rosit\u00e9 peuvent \u00eatre &hellip; <a href=\"https:\/\/cimbcc.org\/test2\/mot-du-president-davril\/\" class=\"more-link\">Continuer la lecture de <span class=\"screen-reader-text\">Mot du pr\u00e9sident &#8211; avril 2018<\/span>  <span class=\"meta-nav\">&rarr;<\/span><\/a><\/p>\n","protected":false},"author":43,"featured_media":0,"comment_status":"open","ping_status":"closed","sticky":false,"template":"","format":"standard","meta":{"footnotes":""},"categories":[11],"tags":[755,126,756],"class_list":["post-20703","post","type-post","status-publish","format-standard","hentry","category-mots-du-president","tag-aga","tag-benevoles","tag-conseil-dadministration"],"_links":{"self":[{"href":"https:\/\/cimbcc.org\/test2\/wp-json\/wp\/v2\/posts\/20703","targetHints":{"allow":["GET"]}}],"collection":[{"href":"https:\/\/cimbcc.org\/test2\/wp-json\/wp\/v2\/posts"}],"about":[{"href":"https:\/\/cimbcc.org\/test2\/wp-json\/wp\/v2\/types\/post"}],"author":[{"embeddable":true,"href":"https:\/\/cimbcc.org\/test2\/wp-json\/wp\/v2\/users\/43"}],"replies":[{"embeddable":true,"href":"https:\/\/cimbcc.org\/test2\/wp-json\/wp\/v2\/comments?post=20703"}],"version-history":[{"count":6,"href":"https:\/\/cimbcc.org\/test2\/wp-json\/wp\/v2\/posts\/20703\/revisions"}],"predecessor-version":[{"id":25946,"href":"https:\/\/cimbcc.org\/test2\/wp-json\/wp\/v2\/posts\/20703\/revisions\/25946"}],"wp:attachment":[{"href":"https:\/\/cimbcc.org\/test2\/wp-json\/wp\/v2\/media?parent=20703"}],"wp:term":[{"taxonomy":"category","embeddable":true,"href":"https:\/\/cimbcc.org\/test2\/wp-json\/wp\/v2\/categories?post=20703"},{"taxonomy":"post_tag","embeddable":true,"href":"https:\/\/cimbcc.org\/test2\/wp-json\/wp\/v2\/tags?post=20703"}],"curies":[{"name":"wp","href":"https:\/\/api.w.org\/{rel}","templated":true}]}}