{"id":20728,"date":"2018-03-29T00:20:47","date_gmt":"2018-03-29T04:20:47","guid":{"rendered":"https:\/\/cimbcc.org\/test2\/?p=20728"},"modified":"2023-10-16T22:14:49","modified_gmt":"2023-10-17T02:14:49","slug":"echos-du-conseil-dadministration-15-mars-2018","status":"publish","type":"post","link":"https:\/\/cimbcc.org\/test2\/echos-du-conseil-dadministration-15-mars-2018\/","title":{"rendered":"\u00c9chos du conseil d\u2019administration &#8211; 15 mars 2018"},"content":{"rendered":"<figure id=\"attachment_18645\" aria-describedby=\"caption-attachment-18645\" style=\"width: 500px\" class=\"wp-caption aligncenter\"><img loading=\"lazy\" decoding=\"async\" class=\"size-full wp-image-18645\" src=\"https:\/\/cimbcc.org\/test2\/wp-content\/uploads\/CA_2017_2018-1.jpg\" alt=\"CA 2017-2018\" width=\"500\" height=\"313\" srcset=\"https:\/\/cimbcc.org\/test2\/wp-content\/uploads\/CA_2017_2018-1.jpg 500w, https:\/\/cimbcc.org\/test2\/wp-content\/uploads\/CA_2017_2018-1-300x188.jpg 300w\" sizes=\"auto, (max-width: 500px) 100vw, 500px\" \/><figcaption id=\"caption-attachment-18645\" class=\"wp-caption-text\">Premi\u00e8re rang\u00e9e : Huguette Turgeon, Berthe Demers, Danielle Barab\u00e9, Danielle Charest (Bourque). Deuxi\u00e8me rang\u00e9e : Sylvie Mazur, R\u00e9jean C\u00f4t\u00e9, Richard Gervais, Jacques Lalibert\u00e9, Michel Gagn\u00e9. Absent de la photo : R\u00e9jean Daigle.<\/figcaption><\/figure>\n<p style=\"text-align: justify;\">\u00c0 sa r\u00e9union du 15\u00a0mars, le conseil d\u2019administration du CIMBCC a consacr\u00e9 du temps \u00e0 la question des b\u00e9n\u00e9voles qui se retirent, \u00e0 ceux que l\u2019on cherche et \u00e0 ceux \u00e0 qui le club veut t\u00e9moigner sa reconnaissance.<\/p>\n<p style=\"text-align: justify;\">La convocation de l\u2019assembl\u00e9e g\u00e9n\u00e9rale annuelle ayant \u00e9t\u00e9 pr\u00e9par\u00e9e, le conseil a explor\u00e9 ce qui pourrait \u00eatre fait pour f\u00eater les 35\u00a0ans du club. Quelques documents de r\u00e9f\u00e9rence ont aussi \u00e9t\u00e9 r\u00e9vis\u00e9s.<\/p>\n<p><!--more--><\/p>\n<hr \/>\n<h6 style=\"text-align: justify;\"><strong>B\u00c9N\u00c9VOLES<\/strong><\/h6>\n<p style=\"text-align: justify;\">Il n\u2019y a aucun nouveau b\u00e9n\u00e9vole \u00e0 signaler. Par contre, Suzanne\u00a0Martel se retire des cours donn\u00e9s dans les biblioth\u00e8ques et Marie-Jos\u00e9\u00a0B\u00e2cle se retire comme webmestre. Le conseil d\u2019administration tient \u00e0 les remercier de leur pr\u00e9cieuse contribution au club. Heureusement pour nous, Marie-Jos\u00e9 continuera \u00e0 nous faire profiter de ses talents de graphiste.<\/p>\n<p style=\"text-align: justify;\">Malgr\u00e9 les nombreuses d\u00e9marches faites par Berthe\u00a0Demers, personne ne s\u2019est port\u00e9 volontaire pour animer l\u2019<strong>atelier sur Facebook <\/strong>pr\u00e9vu en mars \u00e0 Sainte-Julie. L\u2019atelier a donc \u00e9t\u00e9 annul\u00e9. Les membres qui s\u2019y \u00e9taient inscrits ont \u00e9t\u00e9 invit\u00e9s \u00e0 assister \u00e0 la pr\u00e9sentation du 21\u00a0mars sur le m\u00eame sujet.<\/p>\n<p style=\"text-align: justify;\">Le conseil d\u2019administration a d\u00e9cid\u00e9 de plusieurs actions pour <strong>t\u00e9moigner sa reconnaissance aux b\u00e9n\u00e9voles, <\/strong>car le club ne pourrait fonctionner sans eux.<\/p>\n<p style=\"text-align: justify;\"><strong>Tous les b\u00e9n\u00e9voles<\/strong> seront invit\u00e9s au <em>Souper des b\u00e9n\u00e9voles<\/em> du 9\u00a0mai prochain o\u00f9 on leur offrira un gage de notre reconnaissance.<\/p>\n<ul style=\"text-align: justify;\">\n<li>Les membres qui ont accumul\u00e9 <strong>5, 10 et 15\u00a0ans de b\u00e9n\u00e9volat<\/strong> seront honor\u00e9s \u00e0 la <em>Soir\u00e9e des membres<\/em>.<\/li>\n<li>Une personne \u00ab\u00a0<em>qui,\u00a0<\/em><strong><em>comme b\u00e9n\u00e9vole<\/em><\/strong><em>, a contribu\u00e9 de fa\u00e7on tr\u00e8s significative et durant une longue p\u00e9riode \u00e0 la gestion et aux activit\u00e9s du club\u00a0\u00bb a \u00e9t\u00e9 retenue pour recevoir le statut de <\/em><strong>membre honoraire<\/strong>; le nom de cette personne sera d\u00e9voil\u00e9 \u00e0 la <em>Soir\u00e9e des membres. <\/em>(Voir la page du site Internet sur les membres honoraires <a href=\"https:\/\/cimbcc.org\/test2\/le-club-2\/nos-membres-honoraires\" target=\"_blank\" rel=\"noopener\">en cliquant ici<\/a>\u00a0.)<\/li>\n<\/ul>\n<p style=\"text-align: justify;\">La <strong><em>Soir\u00e9e des membres<\/em> du 2\u00a0mai<\/strong> conclura la saison\u00a02017-2018. Tous les membres y seront invit\u00e9s pour, entre autres, manifester leur gratitude \u00e0 nos g\u00e9n\u00e9reux b\u00e9n\u00e9voles.<\/p>\n<hr \/>\n<h6 style=\"text-align: justify;\"><strong>ASSEMBL\u00c9E G\u00c9N\u00c9RALE ANNUELLE (AGA) DU 11\u00a0AVRIL 2018<\/strong><\/h6>\n<p style=\"text-align: justify;\">Le texte de la convocation \u00e0 l\u2019assembl\u00e9e g\u00e9n\u00e9rale a \u00e9t\u00e9 approuv\u00e9 de m\u00eame que les pi\u00e8ces jointes\u00a0qui sont le projet d\u2019ordre du jour et le projet de proc\u00e8s-verbal de l\u2019assembl\u00e9e g\u00e9n\u00e9rale de 2017. Tous les responsables des activit\u00e9s du club ont \u00e9t\u00e9 invit\u00e9s \u00e0 transmettre leur rapport pour l\u2019ann\u00e9e\u00a02017-2018 \u00e0 la secr\u00e9taire du CIMBCC. Un substitut a \u00e9t\u00e9 identifi\u00e9 pour cette derni\u00e8re.<\/p>\n<p style=\"text-align: justify;\">Dans la convocation \u00e0 l\u2019assembl\u00e9e g\u00e9n\u00e9rale, les membres sont invit\u00e9s \u00e0 poser leur <strong>candidature comme membre du conseil d\u2019administration<\/strong> et \u00e0 transmettre leurs <strong>suggestions<\/strong> et <strong>questions<\/strong>.<\/p>\n<hr \/>\n<h6 style=\"text-align: justify;\"><strong>35 ANS EN 2018<\/strong><\/h6>\n<p style=\"text-align: justify;\">Le club f\u00eatera 35\u00a0ans d\u2019activit\u00e9s au cours de l\u2019automne et de l\u2019hiver prochains. Le conseil d\u2019administration a \u00e9num\u00e9r\u00e9 certaines activit\u00e9s sp\u00e9ciales qui pourraient \u00eatre retenues pour souligner cet anniversaire. Le sujet sera rediscut\u00e9 \u00e0 la r\u00e9union d\u2019avril o\u00f9 les diff\u00e9rentes propositions pourront \u00eatre revues et o\u00f9 de nouvelles suggestions pourront \u00eatre examin\u00e9es.<\/p>\n<hr \/>\n<h6 style=\"text-align: justify;\"><strong>DOCUMENTS DE R\u00c9F\u00c9RENCE SUR LE FONCTIONNEMENT DU CLUB<\/strong><\/h6>\n<p style=\"text-align: justify;\">Le club s\u2019est dot\u00e9 de fiches pour documenter et am\u00e9liorer la gestion de ses activit\u00e9s. Le conseil d\u2019administration r\u00e9vise r\u00e9guli\u00e8rement chacune de ces fiches pour s\u2019assurer que les activit\u00e9s du club sont conformes \u00e0 leur contenu et pour les mettre \u00e0 jour si n\u00e9cessaire.<\/p>\n<p style=\"text-align: justify;\">\u00c0 la r\u00e9union du 15\u00a0mars, le conseil a ainsi r\u00e9vis\u00e9 les fiches suivantes\u00a0:<\/p>\n<ul>\n<li style=\"text-align: justify;\"><em>Initiation d\u2019un nouveau membre du conseil d\u2019administration<\/em>: cette fiche d\u00e9crit le soutien accord\u00e9 \u00e0 tout nouvel administrateur du club afin de l\u2019initier au fonctionnement du conseil.<\/li>\n<li style=\"text-align: justify;\"><em>Formulaire d\u2019entente sur les r\u00e8gles de conduite des membres du conseil d\u2019administration<\/em>: cette fiche inclut un formulaire que chaque nouvel administrateur du club est invit\u00e9 \u00e0 signer. Ce faisant, l\u2019administrateur s\u2019engage \u00e0 respecter certaines r\u00e8gles d\u2019\u00e9thique et de confidentialit\u00e9.<\/li>\n<li style=\"text-align: justify;\"><em>Parrainage des activit\u00e9s au sein du conseil d\u2019administration\u00a0<\/em>: cette fiche d\u00e9crit le r\u00f4le de la marraine et du parrain qui sont des interm\u00e9diaires entre le conseil d\u2019administration et le responsable de chaque activit\u00e9 du club.<\/li>\n<li style=\"text-align: justify;\"><em>Gestion des logiciels payants\u00a0<\/em>: cette fiche d\u00e9finit les r\u00e8gles de gestion des logiciels payants par le responsable du logiciel et par ses utilisateurs.<\/li>\n<\/ul>\n<p>Sylvie\u00a0Mazur, secr\u00e9taire du CIMBCC<\/p>\n","protected":false},"excerpt":{"rendered":"<p>\u00c0 sa r\u00e9union du 15\u00a0mars, le conseil d\u2019administration du CIMBCC a consacr\u00e9 du temps \u00e0 la question des b\u00e9n\u00e9voles qui se retirent, \u00e0 ceux que l\u2019on cherche et \u00e0 ceux \u00e0 qui le club veut t\u00e9moigner sa reconnaissance. La convocation de l\u2019assembl\u00e9e g\u00e9n\u00e9rale annuelle ayant \u00e9t\u00e9 pr\u00e9par\u00e9e, le conseil a explor\u00e9 ce qui pourrait \u00eatre &hellip; <a href=\"https:\/\/cimbcc.org\/test2\/echos-du-conseil-dadministration-15-mars-2018\/\" class=\"more-link\">Continuer la lecture de <span class=\"screen-reader-text\">\u00c9chos du conseil d\u2019administration &#8211; 15 mars 2018<\/span>  <span class=\"meta-nav\">&rarr;<\/span><\/a><\/p>\n","protected":false},"author":43,"featured_media":0,"comment_status":"open","ping_status":"closed","sticky":false,"template":"","format":"standard","meta":{"footnotes":""},"categories":[386],"tags":[760,755,126,761,552,762,763],"class_list":["post-20728","post","type-post","status-publish","format-standard","hentry","category-echos-du-conseil-dadministration","tag-35e-anniversaire","tag-aga","tag-benevoles","tag-documents-de-reference","tag-membres-honoraires","tag-reconnaissance-de-benevoles","tag-soiree-des-membres"],"_links":{"self":[{"href":"https:\/\/cimbcc.org\/test2\/wp-json\/wp\/v2\/posts\/20728","targetHints":{"allow":["GET"]}}],"collection":[{"href":"https:\/\/cimbcc.org\/test2\/wp-json\/wp\/v2\/posts"}],"about":[{"href":"https:\/\/cimbcc.org\/test2\/wp-json\/wp\/v2\/types\/post"}],"author":[{"embeddable":true,"href":"https:\/\/cimbcc.org\/test2\/wp-json\/wp\/v2\/users\/43"}],"replies":[{"embeddable":true,"href":"https:\/\/cimbcc.org\/test2\/wp-json\/wp\/v2\/comments?post=20728"}],"version-history":[{"count":5,"href":"https:\/\/cimbcc.org\/test2\/wp-json\/wp\/v2\/posts\/20728\/revisions"}],"predecessor-version":[{"id":21081,"href":"https:\/\/cimbcc.org\/test2\/wp-json\/wp\/v2\/posts\/20728\/revisions\/21081"}],"wp:attachment":[{"href":"https:\/\/cimbcc.org\/test2\/wp-json\/wp\/v2\/media?parent=20728"}],"wp:term":[{"taxonomy":"category","embeddable":true,"href":"https:\/\/cimbcc.org\/test2\/wp-json\/wp\/v2\/categories?post=20728"},{"taxonomy":"post_tag","embeddable":true,"href":"https:\/\/cimbcc.org\/test2\/wp-json\/wp\/v2\/tags?post=20728"}],"curies":[{"name":"wp","href":"https:\/\/api.w.org\/{rel}","templated":true}]}}