{"id":2074,"date":"2012-03-19T11:00:48","date_gmt":"2012-03-19T16:00:48","guid":{"rendered":"https:\/\/cimbcc.org\/test2\/?p=2074"},"modified":"2023-10-16T22:17:14","modified_gmt":"2023-10-17T02:17:14","slug":"echos-du-comite-de-direction-mars-2012","status":"publish","type":"post","link":"https:\/\/cimbcc.org\/test2\/echos-du-comite-de-direction-mars-2012\/","title":{"rendered":"\u00c9chos du Comit\u00e9 de direction &#8211; mars 2012"},"content":{"rendered":"<h5><\/h5>\n<figure id=\"attachment_5745\" aria-describedby=\"caption-attachment-5745\" style=\"width: 320px\" class=\"wp-caption aligncenter\"><img loading=\"lazy\" decoding=\"async\" class=\"size-full wp-image-5745\" src=\"https:\/\/cimbcc.org\/test2\/wp-content\/uploads\/Photo-Du-CA-2011-2012.jpg\" alt=\"\" width=\"320\" height=\"85\" srcset=\"https:\/\/cimbcc.org\/test2\/wp-content\/uploads\/Photo-Du-CA-2011-2012.jpg 320w, https:\/\/cimbcc.org\/test2\/wp-content\/uploads\/Photo-Du-CA-2011-2012-300x79.jpg 300w\" sizes=\"auto, (max-width: 320px) 100vw, 320px\" \/><figcaption id=\"caption-attachment-5745\" class=\"wp-caption-text\">De gauche \u00e0 droite : Yvon Gaudreau, Roch Lafrance, Francine Desrosiers, R\u00e9jean C\u00f4t\u00e9, Annick Ledur, R\u00e9jean Daigle, Denis Dulude, Carmen Gamache, Andr\u00e9 Charest, Danielle Bourque et Michel Gagn\u00e9. Absent au moment de la prise de la photo, Walter Pearce.<\/figcaption><\/figure>\n<p style=\"text-align: justify;\">\u00c0 sa r\u00e9union du 7\u00a0f\u00e9vrier, votre <strong>Comit\u00e9 de direction<\/strong> (<strong>CD)<\/strong> s\u2019est pench\u00e9 sur la convocation \u00e0 envoyer aux membres en vue de l\u2019assembl\u00e9e g\u00e9n\u00e9rale extraordinaire pr\u00e9vue pour le 14\u00a0mars. Le comit\u00e9 a adopt\u00e9 une r\u00e9solution pour l\u2019envoi du courriel de convocation vers le 15\u00a0f\u00e9vrier avec tous les renseignements n\u00e9cessaires.<\/p>\n<p style=\"text-align: justify;\"><!--more--><\/p>\n<p style=\"text-align: justify;\">Il a aussi \u00e9t\u00e9 question du travail effectu\u00e9 par le sous-comit\u00e9 \u00e0 la r\u00e9daction des r\u00e8glements g\u00e9n\u00e9raux et des documents aff\u00e9rents. Ce travail se poursuit. Plusieurs corrections ont toutefois \u00e9t\u00e9 apport\u00e9es lors de la revue de la derni\u00e8re version des r\u00e8glements g\u00e9n\u00e9raux, car l\u2019objectif du CD est d\u2019adopter ce document \u00e0 sa prochaine r\u00e9union.<\/p>\n<p style=\"text-align: justify;\">Par la suite, le CD a pr\u00e9par\u00e9 l\u2019assembl\u00e9e g\u00e9n\u00e9rale annuelle qui doit se tenir le 11\u00a0avril. Un projet d\u2019ordre du jour a \u00e9t\u00e9 propos\u00e9 et accept\u00e9 apr\u00e8s quelques modifications et comprendra, en particulier, l\u2019adoption de la version d\u00e9finitive de nos r\u00e8glements g\u00e9n\u00e9raux.<\/p>\n<p style=\"text-align: justify;\">La r\u00e9union de mars a \u00e9t\u00e9 pr\u00e9vue pour le 6 du mois.<\/p>\n<p style=\"text-align: justify;\">Andr\u00e9 Charest<\/p>\n","protected":false},"excerpt":{"rendered":"<p>\u00c0 sa r\u00e9union du 7\u00a0f\u00e9vrier, votre Comit\u00e9 de direction (CD) s\u2019est pench\u00e9 sur la convocation \u00e0 envoyer aux membres en vue de l\u2019assembl\u00e9e g\u00e9n\u00e9rale extraordinaire pr\u00e9vue pour le 14\u00a0mars. Le comit\u00e9 a adopt\u00e9 une r\u00e9solution pour l\u2019envoi du courriel de convocation vers le 15\u00a0f\u00e9vrier avec tous les renseignements n\u00e9cessaires.<\/p>\n","protected":false},"author":43,"featured_media":0,"comment_status":"closed","ping_status":"closed","sticky":false,"template":"","format":"standard","meta":{"footnotes":""},"categories":[386],"tags":[569,952,568],"class_list":["post-2074","post","type-post","status-publish","format-standard","hentry","category-echos-du-conseil-dadministration","tag-assemblee-generale-annuelle","tag-assemblee-generale-extraordinaire","tag-reglements-generaux"],"_links":{"self":[{"href":"https:\/\/cimbcc.org\/test2\/wp-json\/wp\/v2\/posts\/2074","targetHints":{"allow":["GET"]}}],"collection":[{"href":"https:\/\/cimbcc.org\/test2\/wp-json\/wp\/v2\/posts"}],"about":[{"href":"https:\/\/cimbcc.org\/test2\/wp-json\/wp\/v2\/types\/post"}],"author":[{"embeddable":true,"href":"https:\/\/cimbcc.org\/test2\/wp-json\/wp\/v2\/users\/43"}],"replies":[{"embeddable":true,"href":"https:\/\/cimbcc.org\/test2\/wp-json\/wp\/v2\/comments?post=2074"}],"version-history":[{"count":31,"href":"https:\/\/cimbcc.org\/test2\/wp-json\/wp\/v2\/posts\/2074\/revisions"}],"predecessor-version":[{"id":25885,"href":"https:\/\/cimbcc.org\/test2\/wp-json\/wp\/v2\/posts\/2074\/revisions\/25885"}],"wp:attachment":[{"href":"https:\/\/cimbcc.org\/test2\/wp-json\/wp\/v2\/media?parent=2074"}],"wp:term":[{"taxonomy":"category","embeddable":true,"href":"https:\/\/cimbcc.org\/test2\/wp-json\/wp\/v2\/categories?post=2074"},{"taxonomy":"post_tag","embeddable":true,"href":"https:\/\/cimbcc.org\/test2\/wp-json\/wp\/v2\/tags?post=2074"}],"curies":[{"name":"wp","href":"https:\/\/api.w.org\/{rel}","templated":true}]}}