{"id":20845,"date":"2018-04-24T00:00:45","date_gmt":"2018-04-24T04:00:45","guid":{"rendered":"https:\/\/cimbcc.org\/test2\/?p=20845"},"modified":"2023-10-16T22:14:48","modified_gmt":"2023-10-17T02:14:48","slug":"recyclable-ou-pas","status":"publish","type":"post","link":"https:\/\/cimbcc.org\/test2\/recyclable-ou-pas\/","title":{"rendered":"Recyclable ou pas"},"content":{"rendered":"<figure id=\"attachment_24081\" aria-describedby=\"caption-attachment-24081\" style=\"width: 125px\" class=\"wp-caption aligncenter\"><img loading=\"lazy\" decoding=\"async\" class=\"size-full wp-image-24081\" src=\"https:\/\/cimbcc.org\/test2\/wp-content\/uploads\/photo_charron_denis.jpg\" alt=\"\" width=\"125\" height=\"125\" \/><figcaption id=\"caption-attachment-24081\" class=\"wp-caption-text\"><span style=\"color: #ffffff;\">mmm<\/span>Denis Charron<\/figcaption><\/figure>\n<p style=\"text-align: justify;\">Si vous \u00eates comme moi, il m&rsquo;arrive souvent de me demander si un objet peut \u00eatre mis dans le bac de recyclage et, si c&rsquo;est non, quoi faire avec.<\/p>\n<p><!--more--><\/p>\n<p style=\"text-align: justify;\"><a href=\"https:\/\/www.recyc-quebec.gouv.qc.ca\/\" target=\"_blank\" rel=\"noopener\">Recyc-Qu\u00e9bec<\/a> vient de lancer une nouvelle application pour t\u00e9l\u00e9phone intelligent appel\u00e9e <a href=\"https:\/\/www.recyc-quebec.gouv.qc.ca\/appmobile-cavaou\" target=\"_blank\" rel=\"noopener\">\u00c7A VA O\u00d9?<\/a> Plus de 800 produits y sont list\u00e9s avec leur destination de recyclage. S&rsquo;ils ne vont pas dans votre bac de maison, on vous indique la fa\u00e7on de le recycler et l&rsquo;endroit o\u00f9 il faut l&rsquo;apporter. On vous indique aussi l&rsquo;adresse de l&rsquo;endroit le plus proche de chez vous et les heures d&rsquo;ouverture. Une page Web est \u00e9galement disponible pour ceux qui utilisent un ordinateur.<\/p>\n<p style=\"text-align: justify;\">La page Web de l&rsquo;outil de recherche peut se trouver <a href=\"https:\/\/www.recyc-quebec.gouv.qc.ca\/points-de-recuperation\" target=\"_blank\" rel=\"noopener\">en cliquant ici<\/a>.\u00a0\u00a0L&rsquo;application <a href=\"https:\/\/www.recyc-quebec.gouv.qc.ca\/appmobile-cavaou\" target=\"_blank\" rel=\"noopener\">\u00c7A VA O\u00d9?<\/a> est disponible sur\u00a0<a href=\"https:\/\/play.google.com\/store\/apps\" target=\"_blank\" rel=\"noopener\">Google Play,<\/a> pour Android, et dans l&rsquo;<a href=\"https:\/\/support.apple.com\/fr-ca\/HT204266\" target=\"_blank\" rel=\"noopener\">App Store<\/a>, pour Apple.<\/p>\n<p style=\"text-align: justify;\">Comme disait mon p\u00e8re: <em>\u00ab\u00a0\u00c7A PARLE PAS, PIS C&rsquo;\u00c9TAIT JUSTE.\u00a0\u00bb<\/em><\/p>\n<p style=\"text-align: justify;\">Alors, il n&rsquo;y a plus de raison de jeter des objets qui peuvent \u00eatre recycl\u00e9s.<\/p>\n<p style=\"text-align: justify;\">Vous pourrez obtenir plus de d\u00e9tails dans cet article de <em>LaPresse.ca<\/em> <a href=\"http:\/\/www.lapresse.ca\/environnement\/consommation\/201804\/09\/01-5160341-recyc-quebec-lance-une-application-mobile-pour-recycler.php\" target=\"_blank\" rel=\"noopener\">en cliquant ici<\/a>.<\/p>\n<p>Denis Charron<\/p>\n","protected":false},"excerpt":{"rendered":"<p>Si vous \u00eates comme moi, il m&rsquo;arrive souvent de me demander si un objet peut \u00eatre mis dans le bac de recyclage et, si c&rsquo;est non, quoi faire avec.<\/p>\n","protected":false},"author":43,"featured_media":0,"comment_status":"open","ping_status":"closed","sticky":false,"template":"","format":"standard","meta":{"footnotes":""},"categories":[403],"tags":[107,772,390,771,770],"class_list":["post-20845","post","type-post","status-publish","format-standard","hentry","category-applications","tag-android","tag-ca-va-ou","tag-ios","tag-recyc-quebec","tag-recyclage"],"_links":{"self":[{"href":"https:\/\/cimbcc.org\/test2\/wp-json\/wp\/v2\/posts\/20845","targetHints":{"allow":["GET"]}}],"collection":[{"href":"https:\/\/cimbcc.org\/test2\/wp-json\/wp\/v2\/posts"}],"about":[{"href":"https:\/\/cimbcc.org\/test2\/wp-json\/wp\/v2\/types\/post"}],"author":[{"embeddable":true,"href":"https:\/\/cimbcc.org\/test2\/wp-json\/wp\/v2\/users\/43"}],"replies":[{"embeddable":true,"href":"https:\/\/cimbcc.org\/test2\/wp-json\/wp\/v2\/comments?post=20845"}],"version-history":[{"count":5,"href":"https:\/\/cimbcc.org\/test2\/wp-json\/wp\/v2\/posts\/20845\/revisions"}],"predecessor-version":[{"id":25108,"href":"https:\/\/cimbcc.org\/test2\/wp-json\/wp\/v2\/posts\/20845\/revisions\/25108"}],"wp:attachment":[{"href":"https:\/\/cimbcc.org\/test2\/wp-json\/wp\/v2\/media?parent=20845"}],"wp:term":[{"taxonomy":"category","embeddable":true,"href":"https:\/\/cimbcc.org\/test2\/wp-json\/wp\/v2\/categories?post=20845"},{"taxonomy":"post_tag","embeddable":true,"href":"https:\/\/cimbcc.org\/test2\/wp-json\/wp\/v2\/tags?post=20845"}],"curies":[{"name":"wp","href":"https:\/\/api.w.org\/{rel}","templated":true}]}}