{"id":20981,"date":"2018-04-26T00:01:00","date_gmt":"2018-04-26T04:01:00","guid":{"rendered":"https:\/\/cimbcc.org\/test2\/?p=20981"},"modified":"2023-10-16T22:14:48","modified_gmt":"2023-10-17T02:14:48","slug":"echos-du-conseil-dadministration-3-avril-2018","status":"publish","type":"post","link":"https:\/\/cimbcc.org\/test2\/echos-du-conseil-dadministration-3-avril-2018\/","title":{"rendered":"\u00c9chos du conseil d&rsquo;administration &#8211; 3 avril 2018"},"content":{"rendered":"<figure id=\"attachment_18645\" aria-describedby=\"caption-attachment-18645\" style=\"width: 500px\" class=\"wp-caption aligncenter\"><img loading=\"lazy\" decoding=\"async\" class=\"size-full wp-image-18645\" src=\"https:\/\/cimbcc.org\/test2\/wp-content\/uploads\/CA_2017_2018-1.jpg\" alt=\"CA 2017-2018\" width=\"500\" height=\"313\" srcset=\"https:\/\/cimbcc.org\/test2\/wp-content\/uploads\/CA_2017_2018-1.jpg 500w, https:\/\/cimbcc.org\/test2\/wp-content\/uploads\/CA_2017_2018-1-300x188.jpg 300w\" sizes=\"auto, (max-width: 500px) 100vw, 500px\" \/><figcaption id=\"caption-attachment-18645\" class=\"wp-caption-text\">Premi\u00e8re rang\u00e9e : Huguette Turgeon, Berthe Demers, Danielle Barab\u00e9, Danielle Charest (Bourque). Deuxi\u00e8me rang\u00e9e : Sylvie Mazur, R\u00e9jean C\u00f4t\u00e9, Richard Gervais, Jacques Lalibert\u00e9, Michel Gagn\u00e9. Absent de la photo : R\u00e9jean Daigle.<\/figcaption><\/figure>\n<p style=\"text-align: justify;\">\u00c0 sa derni\u00e8re r\u00e9union avant l\u2019assembl\u00e9e g\u00e9n\u00e9rale annuelle, le conseil d\u2019administration a fait le point sur le nombre des adh\u00e9rents au club et sur les mouvements parmi ses b\u00e9n\u00e9voles. Il a approuv\u00e9 les \u00e9tats financiers de l\u2019ann\u00e9e \u00e9coul\u00e9e et adopt\u00e9 le budget de 2018-2019. Enfin, il a pris connaissance des pr\u00e9sences aux s\u00e9ances de la s\u00e9rie <em>Facile<\/em>, du bilan annuel des services de r\u00e9cup\u00e9ration de mat\u00e9riel \u00e9lectronique et d\u2019assistance avant les s\u00e9ances de pr\u00e9sentations.<\/p>\n<p><!--more--><\/p>\n<hr \/>\n<p style=\"text-align: justify;\"><strong>MEMBRES ET B\u00c9N\u00c9VOLES<\/strong><\/p>\n<p style=\"text-align: justify;\">Fin mars, le club comptait 686\u00a0membres. La tendance \u00e0 la baisse amorc\u00e9e l\u2019an dernier s\u2019est donc maintenue. Il faudra s\u2019interroger sur les causes et les cons\u00e9quences de la diminution des adh\u00e9rents au club. Ce qui est certain, c\u2019est que des effectifs nombreux permettent le maintien de services de qualit\u00e9 pour un co\u00fbt d\u2019adh\u00e9sion minime. Chacun devrait donc avoir pour souci de faire la promotion du club et de participer au recrutement de nouveaux membres.<\/p>\n<p><img loading=\"lazy\" decoding=\"async\" class=\"aligncenter size-full wp-image-20989\" src=\"https:\/\/cimbcc.org\/test2\/wp-content\/uploads\/CHIP_\u00c9chos_CA_20180426_1.jpg\" alt=\"\" width=\"432\" height=\"221\" srcset=\"https:\/\/cimbcc.org\/test2\/wp-content\/uploads\/CHIP_\u00c9chos_CA_20180426_1.jpg 432w, https:\/\/cimbcc.org\/test2\/wp-content\/uploads\/CHIP_\u00c9chos_CA_20180426_1-300x153.jpg 300w\" sizes=\"auto, (max-width: 432px) 100vw, 432px\" \/><\/p>\n<p style=\"text-align: justify;\">La qualit\u00e9 des services du club est attribuable \u00e0 ses b\u00e9n\u00e9voles. Certains y ont consacr\u00e9 leur temps libre pendant de nombreuses ann\u00e9es. C\u2019est le cas de <strong>Yolande\u00a0Beaudry, Octave\u00a0Allard et Andr\u00e9\u00a0Lacroix<\/strong> qui ont r\u00e9cemment remis leur d\u00e9mission. Le conseil d\u2019administration tient \u00e0 les remercier de leur contribution pour toutes ces ann\u00e9es au service des membres du club.<\/p>\n<p style=\"text-align: justify;\">Alors que certains nous quittent pour de bonnes raisons, d\u2019autres acceptent de s\u2019engager pour une premi\u00e8re fois ou dans de nouvelles fonctions. Ainsi, nous avons appris\u00a0que\u00a0:<\/p>\n<ul style=\"text-align: justify;\">\n<li>Francine\u00a0Desrosiers, qui contribue depuis longtemps aux communications, a r\u00e9cemment accept\u00e9 d\u2019agir au besoin comme substitut de la responsable des communications avec les membres, Raymonde\u00a0Lemay;<\/li>\n<li>Denis\u00a0Dulude devient le responsable de la production des photocopies pour les s\u00e9ances de la s\u00e9rie <em>Facile<\/em>;<\/li>\n<li>Jos\u00e9e\u00a0Desgroseilliers a accept\u00e9 d\u2019assister Nicole\u00a0Godin dans la gestion des informations sur les b\u00e9n\u00e9voles;<\/li>\n<li>Jean-Marie\u00a0Turcotte participe \u00e0 la r\u00e9cup\u00e9ration du mat\u00e9riel \u00e9lectronique. Il animera l\u2019atelier des \u00ab\u00a0mordus\u00a0\u00bb et il pourra agir comme personne-ressource sur la base de donn\u00e9es Access.<\/li>\n<\/ul>\n<hr \/>\n<p style=\"text-align: justify;\"><strong>\u00c9TATS FINANCIERS AU 31\u00a0MARS 2018 <\/strong><\/p>\n<p style=\"text-align: justify;\">Le conseil d\u2019administration a approuv\u00e9 les \u00e9tats financiers de l\u2019ann\u00e9e qui s\u2019est termin\u00e9e le 31\u00a0mars 2018. Ces \u00e9tats financiers devront \u00eatre adopt\u00e9s par l\u2019assembl\u00e9e g\u00e9n\u00e9rale du 11\u00a0avril. Le club est en bonne sant\u00e9 financi\u00e8re, malgr\u00e9 le solde n\u00e9gatif de moins de 1000\u00a0$ qui sera r\u00e9sorb\u00e9 par l\u2019actif. Cet actif est aussi jug\u00e9 suffisant pour faire face \u00e0 une situation difficile, si n\u00e9cessaire.<\/p>\n<hr \/>\n<p style=\"text-align: justify;\"><strong>COTISATIONS ET BUDGET POUR 2018-2019<\/strong><\/p>\n<p style=\"text-align: justify;\">L\u2019an dernier, les membres qui renouvelaient leur adh\u00e9sion ont pu profiter d\u2019une r\u00e9duction de 5\u00a0$. En 2018-2019, le conseil a d\u00e9cid\u00e9 de ramener les cotisations annuelles \u00e0 35\u00a0$ pour les individus et \u00e0 50\u00a0$ pour les couples afin de maintenir un niveau de revenus assez constant malgr\u00e9 la diminution du nombre des membres. Le budget du club qui a \u00e9t\u00e9 adopt\u00e9 par le conseil pour 2018-2019 pr\u00e9voit encore un l\u00e9ger d\u00e9ficit.<\/p>\n<hr \/>\n<p style=\"text-align: justify;\"><strong>PR\u00c9SENCES AUX S\u00c9ANCES DE PR\u00c9SENTATIONS DE L\u2019HIVER\u00a02018<\/strong><\/p>\n<p style=\"text-align: justify;\"><strong>\u00a0<\/strong>Michel\u00a0Gagn\u00e9 a pr\u00e9sent\u00e9 des statistiques sur les pr\u00e9sences aux <strong>15\u00a0premi\u00e8res s\u00e9ances de la s\u00e9rie <em>Facile<\/em><\/strong> de 2018. Cette moyenne a atteint 58,7\u00a0membres, alors qu\u2019elle \u00e9tait de 49,6\u00a0membres pour la m\u00eame p\u00e9riode l\u2019an dernier. Il s\u2019agit <strong>d\u2019une augmentation de 18\u00a0%<\/strong> malgr\u00e9 une diminution de 11\u00a0% du nombre total des membres.<\/p>\n<p style=\"text-align: justify;\">Les assistances tr\u00e8s nombreuses aux s\u00e9ances de la s\u00e9rie <em>Facile<\/em> durant d\u2019automne n\u2019ont pas eu d\u2019effet n\u00e9gatif sur les assistances de l\u2019hiver. Au contraire, la demande semble encore tr\u00e8s grande et les pr\u00e9sentations en rafale semblent plaire aux membres.<\/p>\n<p style=\"text-align: justify;\">De plus, il semble que plusieurs membres qui ont pris l\u2019habitude de venir aux s\u00e9ances de la s\u00e9rie <em>Facile<\/em> le vendredi apr\u00e8s-midi, durant l\u2019automne, continuent \u00e0 se pr\u00e9senter le vendredi apr\u00e8s-midi aux s\u00e9ances de la s\u00e9rie <em>D\u00e9couverte<\/em>, durant l\u2019hiver.<\/p>\n<hr \/>\n<p style=\"text-align: justify;\"><strong>\u00a0<\/strong><strong>R\u00c9CUP\u00c9RATION DE MAT\u00c9RIEL \u00c9LECTRONIQUE<\/strong><\/p>\n<p style=\"text-align: justify;\">Jacques\u00a0Lalibert\u00e9 a fait le bilan des activit\u00e9s de l\u2019\u00e9quipe qui r\u00e9cup\u00e8re le mat\u00e9riel \u00e9lectronique. Non seulement cette \u00e9quipe permet de recycler des mat\u00e9riaux qui autrement se retrouveraient dans les sites d\u2019enfouissement, mais ils r\u00e9visent et r\u00e9parent des ordinateurs qui peuvent encore servir. Le tableau qui suit donne un bon aper\u00e7u de la t\u00e2che r\u00e9alis\u00e9e et le conseil d\u2019administration a approuv\u00e9 la poursuite de cette \u0153uvre remarquable.<\/p>\n<table width=\"0\">\n<tbody>\n<tr>\n<td width=\"227\"><\/td>\n<td width=\"180\"><strong>En 2017 et<br \/>\nau d\u00e9but de 2018<\/strong><\/td>\n<td width=\"180\"><strong>Depuis 2005<\/strong><\/td>\n<\/tr>\n<tr>\n<td width=\"227\">Mat\u00e9riel \u00e9lectronique r\u00e9cup\u00e9r\u00e9<\/td>\n<td width=\"180\">116\u00a0530\u00a0kg<\/td>\n<td width=\"180\">895\u00a0165\u00a0kg<\/td>\n<\/tr>\n<tr>\n<td width=\"227\">Remis aux organismes communautaires<\/td>\n<td width=\"180\">23 ordinateurs<\/p>\n<p>7\u00a0850\u00a0$<\/td>\n<td width=\"180\">163 ordinateurs<\/p>\n<p>33\u00a0136\u00a0$<\/td>\n<\/tr>\n<\/tbody>\n<\/table>\n<hr \/>\n<p><strong>ASSISTANCE AVANT LES S\u00c9ANCES<\/strong><\/p>\n<p style=\"text-align: justify;\">Le conseil a aussi approuv\u00e9 la poursuite du tr\u00e8s utile service d\u2019assistance avant les s\u00e9ances de pr\u00e9sentations des mercredis et vendredis. Huguette\u00a0Turgeon a rapport\u00e9 que les huit b\u00e9n\u00e9voles dont elle fait partie ont r\u00e9pondu, au cours de l\u2019ann\u00e9e\u00a02017-2018, \u00e0 421\u00a0questions provenant de 291\u00a0personnes. Six\u00a0questions sur\u00a010 ont port\u00e9 sur divers sujets, dont Facebook et les tablettes \u00e9lectroniques (17\u00a0%), sur Outlook et d\u2019autres messageries \u00e9lectroniques (17\u00a0%), sur Windows\u00a010 (15\u00a0%) et sur des navigateurs Internet, dont Google (12\u00a0%).<\/p>\n<p>\u00a0Sylvie\u00a0Mazur, secr\u00e9taire du CIMBCC<\/p>\n","protected":false},"excerpt":{"rendered":"<p>\u00c0 sa derni\u00e8re r\u00e9union avant l\u2019assembl\u00e9e g\u00e9n\u00e9rale annuelle, le conseil d\u2019administration a fait le point sur le nombre des adh\u00e9rents au club et sur les mouvements parmi ses b\u00e9n\u00e9voles. Il a approuv\u00e9 les \u00e9tats financiers de l\u2019ann\u00e9e \u00e9coul\u00e9e et adopt\u00e9 le budget de 2018-2019. Enfin, il a pris connaissance des pr\u00e9sences aux s\u00e9ances de la &hellip; <a href=\"https:\/\/cimbcc.org\/test2\/echos-du-conseil-dadministration-3-avril-2018\/\" class=\"more-link\">Continuer la lecture de <span class=\"screen-reader-text\">\u00c9chos du conseil d&rsquo;administration &#8211; 3 avril 2018<\/span>  <span class=\"meta-nav\">&rarr;<\/span><\/a><\/p>\n","protected":false},"author":43,"featured_media":0,"comment_status":"open","ping_status":"closed","sticky":false,"template":"","format":"standard","meta":{"footnotes":""},"categories":[386],"tags":[231,472,471,370,594,110],"class_list":["post-20981","post","type-post","status-publish","format-standard","hentry","category-echos-du-conseil-dadministration","tag-assistance-avant-les-seances","tag-budget","tag-etats-financiers","tag-facile","tag-membres","tag-recuperation"],"_links":{"self":[{"href":"https:\/\/cimbcc.org\/test2\/wp-json\/wp\/v2\/posts\/20981","targetHints":{"allow":["GET"]}}],"collection":[{"href":"https:\/\/cimbcc.org\/test2\/wp-json\/wp\/v2\/posts"}],"about":[{"href":"https:\/\/cimbcc.org\/test2\/wp-json\/wp\/v2\/types\/post"}],"author":[{"embeddable":true,"href":"https:\/\/cimbcc.org\/test2\/wp-json\/wp\/v2\/users\/43"}],"replies":[{"embeddable":true,"href":"https:\/\/cimbcc.org\/test2\/wp-json\/wp\/v2\/comments?post=20981"}],"version-history":[{"count":7,"href":"https:\/\/cimbcc.org\/test2\/wp-json\/wp\/v2\/posts\/20981\/revisions"}],"predecessor-version":[{"id":20993,"href":"https:\/\/cimbcc.org\/test2\/wp-json\/wp\/v2\/posts\/20981\/revisions\/20993"}],"wp:attachment":[{"href":"https:\/\/cimbcc.org\/test2\/wp-json\/wp\/v2\/media?parent=20981"}],"wp:term":[{"taxonomy":"category","embeddable":true,"href":"https:\/\/cimbcc.org\/test2\/wp-json\/wp\/v2\/categories?post=20981"},{"taxonomy":"post_tag","embeddable":true,"href":"https:\/\/cimbcc.org\/test2\/wp-json\/wp\/v2\/tags?post=20981"}],"curies":[{"name":"wp","href":"https:\/\/api.w.org\/{rel}","templated":true}]}}