{"id":21000,"date":"2018-05-03T20:00:44","date_gmt":"2018-05-04T00:00:44","guid":{"rendered":"https:\/\/cimbcc.org\/test2\/?p=21000"},"modified":"2023-10-16T22:14:48","modified_gmt":"2023-10-17T02:14:48","slug":"mot-du-president-mai-2018","status":"publish","type":"post","link":"https:\/\/cimbcc.org\/test2\/mot-du-president-mai-2018\/","title":{"rendered":"Mot du pr\u00e9sident &#8211; mai 2018"},"content":{"rendered":"<figure id=\"attachment_23836\" aria-describedby=\"caption-attachment-23836\" style=\"width: 125px\" class=\"wp-caption aligncenter\"><img loading=\"lazy\" decoding=\"async\" class=\"size-full wp-image-23836\" src=\"https:\/\/cimbcc.org\/test2\/wp-content\/uploads\/photo_cote_rejean.jpg\" alt=\"\" width=\"125\" height=\"125\" \/><figcaption id=\"caption-attachment-23836\" class=\"wp-caption-text\"><span style=\"color: #ffffff;\">mmmm<\/span>R\u00e9jean C\u00f4t\u00e9<\/figcaption><\/figure>\n<h4>Le nouveau conseil d&rsquo;administration pour 2018-2019<\/h4>\n<p style=\"text-align: justify;\">L\u2019assembl\u00e9e g\u00e9n\u00e9rale annuelle du 11\u00a0avril dernier a attir\u00e9 70\u00a0membres. Vos administrateurs ont appr\u00e9ci\u00e9 leur pr\u00e9sence et ils les remercient.<\/p>\n<p style=\"text-align: justify;\">Michel\u00a0C\u00f4t\u00e9 a \u00e9t\u00e9 \u00e9lu pour la premi\u00e8re fois au <a href=\"https:\/\/cimbcc.org\/test2\/le-club-2\/reglements-du-club\" target=\"_blank\" rel=\"noopener noreferrer\">conseil d\u2019administration<\/a> et cinq administrateurs ont \u00e9t\u00e9 r\u00e9\u00e9lus\u00a0: Danielle Charest Bourque, Berthe\u00a0Demers, Michel\u00a0Gagn\u00e9, Huguette\u00a0Turgeon et moi-m\u00eame. Ils se joindront \u00e0 Danielle\u00a0Barab\u00e9, Richard\u00a0Gervais, Sylvie\u00a0Mazur et Jacques\u00a0Lalibert\u00e9 pour composer le conseil d\u2019administration \u00e0 l\u2019\u0153uvre en 2018-2019.<\/p>\n<p style=\"text-align: justify;\">Je remercie l\u2019administrateur sortant, R\u00e9jean\u00a0Daigle, qui a si\u00e9g\u00e9 au conseil d\u2019administration du CIMBCC pendant 8\u00a0ans.<\/p>\n<p><!--more--><\/p>\n<hr \/>\n<h4><strong>Le travail des b\u00e9n\u00e9voles au CIMBCC <\/strong><\/h4>\n<p style=\"text-align: justify;\">Le Club informatique Mont-Bruno s\u2019efforce d\u2019\u00e9voluer avec l\u2019environnement informatique. Afin de proposer \u00e0 ses membres un programme vari\u00e9 et int\u00e9ressant, le club est constamment \u00e0 la <a href=\"https:\/\/cimbcc.org\/test2\/le-club-2\/benevoles-demandes\" target=\"_blank\" rel=\"noopener noreferrer\">recherche de nouveaux sujets, de nouveaux pr\u00e9sentateurs et de nouveaux animateurs pour les ateliers<\/a>.<\/p>\n<p style=\"text-align: justify;\">En 2017-2018, c\u2019est gr\u00e2ce \u00e0 ses <a href=\"https:\/\/cimbcc.org\/test2\/le-club-2\/nos-responsables\" target=\"_blank\" rel=\"noopener noreferrer\">74\u00a0g\u00e9n\u00e9reux b\u00e9n\u00e9voles<\/a> que le CIMBCC a pu accomplir sa mission et offrir des services de qualit\u00e9 \u00e0 ses membres qui \u00e9taient au nombre de 690 \u00e0 la fin d\u2019avril.<\/p>\n<hr \/>\n<h4><strong>S\u00e9ances de pr\u00e9sentations <\/strong><\/h4>\n<p style=\"text-align: justify;\">Nous avons tenu cette ann\u00e9e 21\u00a0s\u00e9ances de <a href=\"https:\/\/cimbcc.org\/test2\/activites\/les-presentations-du-mercredi-et-du-vendredi\" target=\"_blank\" rel=\"noopener noreferrer\">pr\u00e9sentations<\/a> dans la s\u00e9rie <a href=\"https:\/\/cimbcc.org\/test2\/wp-content\/uploads\/Calendrier-des-s%C3%A9ances-Faciles-2017-2018.pdf\" target=\"_blank\" rel=\"noopener noreferrer\"><em>Facile<\/em><\/a> et 24\u00a0s\u00e9ances dans la s\u00e9rie <a href=\"https:\/\/cimbcc.org\/test2\/wp-content\/uploads\/Calendrier-des-s%C3%A9ances-D%C3%A9couvertes-2017-2018.pdf\" target=\"_blank\" rel=\"noopener noreferrer\"><em>D\u00e9couverte<\/em><\/a><strong>. <\/strong>Trois pr\u00e9sentatrices et douze pr\u00e9sentateurs ont anim\u00e9 ces rencontres dont plusieurs portaient sur de nouveaux sujets.<\/p>\n<p style=\"text-align: justify;\">De nouvelles orientations ont \u00e9t\u00e9 adopt\u00e9es afin de favoriser l\u2019assiduit\u00e9 des membres aux s\u00e9ances de pr\u00e9sentations. Entre autres, les s\u00e9ances d\u2019une s\u00e9rie ont \u00e9t\u00e9 pr\u00e9sent\u00e9es en rafale le m\u00eame jour, d\u2019une semaine \u00e0 l\u2019autre. Cette strat\u00e9gie a donn\u00e9 de bons r\u00e9sultats puisque la moyenne des membres pr\u00e9sents par s\u00e9ance est pass\u00e9e de 65\u00a0participants l\u2019an dernier \u00e0 73 cette ann\u00e9e.<\/p>\n<hr \/>\n<h4><strong>Accueil, impression des notes et logistique<\/strong><\/h4>\n<p style=\"text-align: justify;\"><a href=\"https:\/\/cimbcc.org\/test2\/activites\/les-presentations-du-mercredi-et-du-vendredi\" target=\"_blank\" rel=\"noopener noreferrer\">Seize b\u00e9n\u00e9voles<\/a> se sont relay\u00e9s pour accueillir les membres qui se sont pr\u00e9sent\u00e9s aux s\u00e9ances au <a href=\"https:\/\/cimbcc.org\/test2\/chalet-marie-victorin-saint-bruno\" target=\"_blank\" rel=\"noopener noreferrer\">Chalet Marie-Victorin<\/a>. <a href=\"https:\/\/cimbcc.org\/test2\/le-club-2\/nos-responsables\" target=\"_blank\" rel=\"noopener noreferrer\">Trois b\u00e9n\u00e9voles<\/a> ont assur\u00e9 l\u2019impression des notes de la s\u00e9rie <a href=\"https:\/\/cimbcc.org\/test2\/wp-content\/uploads\/Calendrier-des-s%C3%A9ances-Faciles-2017-2018.pdf\" target=\"_blank\" rel=\"noopener noreferrer\"><em>Facile<\/em><\/a>. Enfin, <a href=\"https:\/\/cimbcc.org\/test2\/activites\/les-presentations-du-mercredi-et-du-vendredi\" target=\"_blank\" rel=\"noopener noreferrer\">neuf b\u00e9n\u00e9voles<\/a> ont contribu\u00e9 \u00e0 monter et d\u00e9monter la salle, \u00e0 brancher l\u2019ordinateur et le syst\u00e8me de son, \u00e0 installer le projecteur et \u00e0 pr\u00e9parer et servir le caf\u00e9 et le jus.<\/p>\n<hr \/>\n<h4 style=\"text-align: justify;\"><strong>Assistance avant les s\u00e9ances et assistance par courriel <\/strong><\/h4>\n<p style=\"text-align: justify;\"><a href=\"https:\/\/cimbcc.org\/test2\/entraide\/lassistance-avant-les-seances\" target=\"_blank\" rel=\"noopener noreferrer\">Huit b\u00e9n\u00e9voles<\/a> composaient l\u2019\u00e9quipe de l\u2019<a href=\"https:\/\/cimbcc.org\/test2\/entraide\/lassistance-avant-les-seances\" target=\"_blank\" rel=\"noopener noreferrer\">assistance avant les s\u00e9ances<\/a> de pr\u00e9sentations dans le corridor du <a href=\"https:\/\/cimbcc.org\/test2\/chalet-marie-victorin-saint-bruno\" target=\"_blank\" rel=\"noopener noreferrer\">Chalet Marie-Victorin<\/a>. Deux ou trois de ces b\u00e9n\u00e9voles \u00e9taient toujours disponibles, une demi-heure avant chaque s\u00e9ance, pour r\u00e9pondre aux questions des membres et pour les aider \u00e0 r\u00e9soudre leurs probl\u00e8mes.<\/p>\n<p style=\"text-align: justify;\">Par ailleurs, le service d\u2019<a href=\"https:\/\/cimbcc.org\/test2\/entraide\/lassistance-par-courriel\" target=\"_blank\" rel=\"noopener noreferrer\">assistance par courriel<\/a> a \u00e9t\u00e9 assur\u00e9 par <a href=\"https:\/\/cimbcc.org\/test2\/entraide\/lassistance-par-courriel\" target=\"_blank\" rel=\"noopener noreferrer\">six b\u00e9n\u00e9voles<\/a> r\u00e9guliers et deux b\u00e9n\u00e9voles occasionnels qui ont r\u00e9pondu aux questions que les membres ont transmises par courriel \u00e0 <em><a href=\"mailto:aidecimbcc@gmail.com\">aidecimbcc@gmail.com<\/a><\/em>.<\/p>\n<hr \/>\n<h4><strong>Ateliers<\/strong><\/h4>\n<p style=\"text-align: justify;\">Depuis quelques ann\u00e9es d\u00e9j\u00e0, les <a href=\"https:\/\/cimbcc.org\/test2\/activites\/les-ateliers\" target=\"_blank\" rel=\"noopener noreferrer\">ateliers du club<\/a> contribuent \u00e0 la formation de nos membres. Chaque ann\u00e9e, il faut trouver des animateurs b\u00e9n\u00e9voles pour offrir de nouveaux ateliers. Cette ann\u00e9e, c\u2019est gr\u00e2ce \u00e0 la comp\u00e9tence et \u00e0 la g\u00e9n\u00e9rosit\u00e9 de quatorze animateurs et de sept assistants que 23\u00a0ateliers diff\u00e9rents ont \u00e9t\u00e9 propos\u00e9s aux membres.<\/p>\n<hr \/>\n<h4><strong>Cours d\u2019initiation \u00e0 Internet<\/strong><\/h4>\n<p style=\"text-align: justify;\"><a href=\"https:\/\/cimbcc.org\/test2\/activites\/familiarisation-a-linternet\" target=\"_blank\" rel=\"noopener noreferrer\">Dix b\u00e9n\u00e9voles<\/a> ont donn\u00e9 <a href=\"https:\/\/cimbcc.org\/test2\/activites\/familiarisation-a-linternet\" target=\"_blank\" rel=\"noopener noreferrer\">neuf cours de neuf heures d\u2019initiation \u00e0 Internet<\/a> dans les biblioth\u00e8ques de <a href=\"https:\/\/cimbcc.org\/test2\/bibliotheque-de-saint-bruno\" target=\"_blank\" rel=\"noopener noreferrer\">Saint-Bruno-de-Montarville<\/a>, de <a href=\"https:\/\/cimbcc.org\/test2\/bibliotheque-de-saint-basile\" target=\"_blank\" rel=\"noopener noreferrer\">Saint-Basile-le-Grand<\/a> et de <a href=\"https:\/\/cimbcc.org\/test2\/bibliotheque-de-sainte-julie\" target=\"_blank\" rel=\"noopener noreferrer\">Sainte-Julie<\/a>. <a href=\"https:\/\/cimbcc.org\/test2\/activites\/familiarisation-a-linternet\" target=\"_blank\" rel=\"noopener noreferrer\">Cinq cours pr\u00e9paratoires<\/a> de trois heures ont aussi \u00e9t\u00e9 donn\u00e9s aux personnes inscrites qui n\u2019avaient vraiment aucune exp\u00e9rience de l\u2019ordinateur, mais qui \u00e9taient d\u00e9termin\u00e9es \u00e0 apprendre l\u2019informatique, ce dont je les trouve tr\u00e8s courageuses.<\/p>\n<hr \/>\n<h4><strong>Le site cimbcc.org et le CHIP<\/strong><\/h4>\n<p style=\"text-align: justify;\">Notre site Internet est aliment\u00e9 par <a href=\"https:\/\/cimbcc.org\/test2\/services\/le-site-du-club\" target=\"_blank\" rel=\"noopener noreferrer\">onze b\u00e9n\u00e9voles<\/a>. On peut y trouver toute l\u2019information sur les activit\u00e9s du club. Le<a href=\"https:\/\/cimbcc.org\/test2\/services\/chip\" target=\"_blank\" rel=\"noopener noreferrer\"><em> CHIP<\/em><\/a> est le blogue du club et il compte maintenant 1400\u00a0abonn\u00e9s \u00e0 travers le monde. <a href=\"https:\/\/cimbcc.org\/test2\/services\/le-site-du-club\" target=\"_blank\" rel=\"noopener noreferrer\">Quatre b\u00e9n\u00e9voles<\/a> ont assur\u00e9 son \u00e9dition et dix-sept collaborateurs ont r\u00e9dig\u00e9 107\u00a0articles. Le blogue permet aussi \u00e0 ceux qui le d\u00e9sirent de commenter les articles qui sont publi\u00e9s.<\/p>\n<hr \/>\n<h4 style=\"text-align: justify;\"><strong>Communication, activit\u00e9s sociales et r\u00e9cup\u00e9ration<\/strong><\/h4>\n<p style=\"text-align: justify;\">L\u2019\u00e9quipe des communications \u00e9tait compos\u00e9e de <a href=\"https:\/\/cimbcc.org\/test2\/le-club-2\/nos-responsables\" target=\"_blank\" rel=\"noopener noreferrer\">trois b\u00e9n\u00e9voles<\/a>. C\u2019est de cette \u00e9quipe que les membres ont re\u00e7u l\u2019infolettre hebdomadaire annon\u00e7ant le programme de la semaine ainsi que d\u2019autres communications au besoin.<\/p>\n<p style=\"text-align: justify;\">Les <a href=\"https:\/\/cimbcc.org\/test2\/services\/les-activites-sociales\" target=\"_blank\" rel=\"noopener noreferrer\">quatre b\u00e9n\u00e9voles<\/a> responsables des <a href=\"https:\/\/cimbcc.org\/test2\/services\/les-activites-sociales\" target=\"_blank\" rel=\"noopener noreferrer\">activit\u00e9s sociales<\/a> ont organis\u00e9 le souper de No\u00ebl et la soir\u00e9e des membres en mai. Ils ont aussi \u00e9t\u00e9 charg\u00e9s d\u2019organiser les activit\u00e9s de reconnaissance des b\u00e9n\u00e9voles,\u00a0dont un brunch en janvier et un souper qui, cette ann\u00e9e, aura lieu le 9\u00a0mai.<\/p>\n<p style=\"text-align: justify;\"><a href=\"https:\/\/cimbcc.org\/test2\/services\/le-soutien-a-la-recuperation-de-materiel-informatique\" target=\"_blank\" rel=\"noopener noreferrer\">Trois b\u00e9n\u00e9voles<\/a> ont travaill\u00e9 \u00e0 la <a href=\"https:\/\/cimbcc.org\/test2\/services\/le-soutien-a-la-recuperation-de-materiel-informatique\" target=\"_blank\" rel=\"noopener noreferrer\">r\u00e9cup\u00e9ration de mat\u00e9riel informatique<\/a> \u00e0 l\u2019<a href=\"https:\/\/www.stbruno.ca\/ecocentre\" target=\"_blank\" rel=\"noopener noreferrer\"><em>\u00c9cocentre<\/em> de Saint-Bruno-de-Montarville<\/a>. Vingt-trois ordinateurs et portables ont \u00e9t\u00e9 reconstruits et donn\u00e9s \u00e0 des organismes communautaires. Tous les profits obtenus pour le mat\u00e9riel r\u00e9cup\u00e9r\u00e9, sans exception, ont \u00e9t\u00e9 remis \u00e0 des organismes communautaires. Depuis 2005, c\u2019est plus de 895\u00a0tonnes m\u00e9triques de mat\u00e9riel informatique qui ont ainsi \u00e9t\u00e9 r\u00e9cup\u00e9r\u00e9es.<\/p>\n<hr \/>\n<h4>Nos pr\u00e9cieux b\u00e9n\u00e9voles<\/h4>\n<p style=\"text-align: justify;\">Dans ce <em>Mot du pr\u00e9sident<\/em>, vous avez pu constater le travail exceptionnel r\u00e9alis\u00e9 par les <a href=\"https:\/\/cimbcc.org\/test2\/le-club-2\/nos-responsables\" target=\"_blank\" rel=\"noopener noreferrer\">b\u00e9n\u00e9voles du club<\/a> que je remercie ici. Je sais que je le dis souvent, mais il est important de les remercier \u00e0 l\u2019occasion et de reconna\u00eetre combien ils sont importants et pr\u00e9cieux pour le bon fonctionnement du club. Il ne faut jamais oublier que <strong>votre reconnaissance<\/strong>,<strong> c\u2019est un peu leur salaire<\/strong>.<\/p>\n<hr \/>\n<h4>L\u2019avenir<\/h4>\n<p style=\"text-align: justify;\">Le club continuera toujours d\u2019avoir besoin de <a href=\"https:\/\/cimbcc.org\/test2\/le-club-2\/benevoles-demandes\" target=\"_blank\" rel=\"noopener noreferrer\">nouveaux b\u00e9n\u00e9voles<\/a>. Vous serez toujours les bienvenus si vous d\u00e9sirez contribuer comme b\u00e9n\u00e9vole \u00e0 quelque t\u00e2che que ce soit. Dans une organisation comme la n\u00f4tre, il y a toujours plus de travail que de bras ou de cerveaux pour tout faire. Plus il y aura de membres qui s\u2019engageront, plus nous pourrons enrichir nos activit\u00e9s au profit de tous. L\u2019avenir du club ne peut \u00eatre assur\u00e9 autrement.<\/p>\n<p style=\"text-align: justify;\">Avez-vous un sujet de pr\u00e9sentation ou d\u2019atelier \u00e0 nous proposer? Si oui, dites-le-nous en laissant un commentaire \u00e0 la fin de cet article. Si vous avez un <a href=\"https:\/\/cimbcc.org\/test2\/services\/chip\" target=\"_blank\" rel=\"noopener noreferrer\">article int\u00e9ressant<\/a> reli\u00e9 \u00e0 l\u2019informatique ou \u00e0 la s\u00e9curit\u00e9 informatique, faites-nous-le parvenir et nous serons heureux de le publier.<\/p>\n<p style=\"text-align: justify;\">N\u2019oubliez pas qu\u2019<strong><em>a<\/em><\/strong><strong><em>u club on s\u2019entraide<\/em><\/strong>, mais le partage des connaissances se fait sans <a href=\"https:\/\/cimbcc.org\/test2\/le-club-2\/reglements-du-club\" target=\"_blank\" rel=\"noopener noreferrer\"><strong><em>aucune forme de garantie<\/em><\/strong><\/a>. Ni le club ni les b\u00e9n\u00e9voles\u00a0ne peuvent garantir l\u2019exactitude de l\u2019information pr\u00e9sent\u00e9e, ni le club ni les b\u00e9n\u00e9voles\u00a0<strong><em>ne peuvent \u00eatre<\/em><\/strong> <strong><em>responsables<\/em><\/strong> des cons\u00e9quences de l\u2019utilisation de cette information par les membres ou par toute autre personne.<\/p>\n<p style=\"text-align: justify;\">Bonnes vacances estivales et au plaisir de vous revoir en septembre,<\/p>\n<p>R\u00e9jean\u00a0C\u00f4t\u00e9, pr\u00e9sident<\/p>\n<p>&nbsp;<\/p>\n","protected":false},"excerpt":{"rendered":"<p>Le nouveau conseil d&rsquo;administration pour 2018-2019 L\u2019assembl\u00e9e g\u00e9n\u00e9rale annuelle du 11\u00a0avril dernier a attir\u00e9 70\u00a0membres. Vos administrateurs ont appr\u00e9ci\u00e9 leur pr\u00e9sence et ils les remercient. Michel\u00a0C\u00f4t\u00e9 a \u00e9t\u00e9 \u00e9lu pour la premi\u00e8re fois au conseil d\u2019administration et cinq administrateurs ont \u00e9t\u00e9 r\u00e9\u00e9lus\u00a0: Danielle Charest Bourque, Berthe\u00a0Demers, Michel\u00a0Gagn\u00e9, Huguette\u00a0Turgeon et moi-m\u00eame. Ils se joindront \u00e0 Danielle\u00a0Barab\u00e9, &hellip; <a href=\"https:\/\/cimbcc.org\/test2\/mot-du-president-mai-2018\/\" class=\"more-link\">Continuer la lecture de <span class=\"screen-reader-text\">Mot du pr\u00e9sident &#8211; mai 2018<\/span>  <span class=\"meta-nav\">&rarr;<\/span><\/a><\/p>\n","protected":false},"author":43,"featured_media":0,"comment_status":"open","ping_status":"closed","sticky":false,"template":"","format":"standard","meta":{"footnotes":""},"categories":[11],"tags":[777,231,232,269,126,608,246,906,778,664,271],"class_list":["post-21000","post","type-post","status-publish","format-standard","hentry","category-mots-du-president","tag-accueil","tag-assistance-avant-les-seances","tag-assistance-par-courriel","tag-ateliers","tag-benevoles","tag-ca","tag-chip","tag-cours-dans-les-bibliotheques","tag-impression","tag-logistique","tag-presentations"],"_links":{"self":[{"href":"https:\/\/cimbcc.org\/test2\/wp-json\/wp\/v2\/posts\/21000","targetHints":{"allow":["GET"]}}],"collection":[{"href":"https:\/\/cimbcc.org\/test2\/wp-json\/wp\/v2\/posts"}],"about":[{"href":"https:\/\/cimbcc.org\/test2\/wp-json\/wp\/v2\/types\/post"}],"author":[{"embeddable":true,"href":"https:\/\/cimbcc.org\/test2\/wp-json\/wp\/v2\/users\/43"}],"replies":[{"embeddable":true,"href":"https:\/\/cimbcc.org\/test2\/wp-json\/wp\/v2\/comments?post=21000"}],"version-history":[{"count":17,"href":"https:\/\/cimbcc.org\/test2\/wp-json\/wp\/v2\/posts\/21000\/revisions"}],"predecessor-version":[{"id":27849,"href":"https:\/\/cimbcc.org\/test2\/wp-json\/wp\/v2\/posts\/21000\/revisions\/27849"}],"wp:attachment":[{"href":"https:\/\/cimbcc.org\/test2\/wp-json\/wp\/v2\/media?parent=21000"}],"wp:term":[{"taxonomy":"category","embeddable":true,"href":"https:\/\/cimbcc.org\/test2\/wp-json\/wp\/v2\/categories?post=21000"},{"taxonomy":"post_tag","embeddable":true,"href":"https:\/\/cimbcc.org\/test2\/wp-json\/wp\/v2\/tags?post=21000"}],"curies":[{"name":"wp","href":"https:\/\/api.w.org\/{rel}","templated":true}]}}