{"id":21082,"date":"2018-05-17T21:00:59","date_gmt":"2018-05-18T01:00:59","guid":{"rendered":"https:\/\/cimbcc.org\/test2\/?p=21082"},"modified":"2023-10-16T22:14:48","modified_gmt":"2023-10-17T02:14:48","slug":"echos-du-conseil-dadministration-2-mai-2018","status":"publish","type":"post","link":"https:\/\/cimbcc.org\/test2\/echos-du-conseil-dadministration-2-mai-2018\/","title":{"rendered":"\u00c9chos du conseil d\u2019administration &#8211; 2 mai 2018"},"content":{"rendered":"<figure id=\"attachment_21147\" aria-describedby=\"caption-attachment-21147\" style=\"width: 500px\" class=\"wp-caption aligncenter\"><img loading=\"lazy\" decoding=\"async\" class=\"size-full wp-image-21147\" src=\"https:\/\/cimbcc.org\/test2\/wp-content\/uploads\/CIMBCC-2018-2019r.jpg\" alt=\"CA 2018-2019\" width=\"500\" height=\"228\" srcset=\"https:\/\/cimbcc.org\/test2\/wp-content\/uploads\/CIMBCC-2018-2019r.jpg 500w, https:\/\/cimbcc.org\/test2\/wp-content\/uploads\/CIMBCC-2018-2019r-300x137.jpg 300w\" sizes=\"auto, (max-width: 500px) 100vw, 500px\" \/><figcaption id=\"caption-attachment-21147\" class=\"wp-caption-text\">Sur la premi\u00e8re rang\u00e9e : Huguette Turgeon, Danielle Bourque, Danielle Barab\u00e9, Berthe Demers, Sylvie Mazur. Sur la deuxi\u00e8me rang\u00e9e : Michel C\u00f4t\u00e9, Jacques Lalibert\u00e9, Michel Gagn\u00e9, Richard Gervais, R\u00e9jean C\u00f4t\u00e9.<\/figcaption><\/figure>\n<p style=\"text-align: justify;\">La r\u00e9union de mai a \u00e9t\u00e9 l\u2019occasion pour le conseil d\u2019administration de s\u2019organiser pour l\u2019ann\u00e9e qui d\u00e9bute\u00a0: \u00e9lection de l\u2019ex\u00e9cutif, \u00e9tablissement du calendrier des r\u00e9unions, partage des responsabilit\u00e9s entre les administrateurs.<\/p>\n<p style=\"text-align: justify;\">Il a aussi \u00e9t\u00e9 question des b\u00e9n\u00e9voles et des activit\u00e9s pr\u00e9vues pour souligner le <strong>35<sup>e<\/sup>\u00a0anniversaire du club<\/strong>.<\/p>\n<p><!--more--><\/p>\n<hr \/>\n<h5><strong>Le conseil d\u2019administration et l\u2019ex\u00e9cutif pour 2018-2019<\/strong><\/h5>\n<p style=\"text-align: justify;\">Le conseil est compos\u00e9 de personnes connues qui poursuivront leur mandat jusqu&rsquo;en 2019 ou qui ont \u00e9t\u00e9 r\u00e9\u00e9lues pour un mandat de deux ans. \u00c0 ceux-ci s\u2019est joint Michel\u00a0C\u00f4t\u00e9 dont c\u2019est la premi\u00e8re exp\u00e9rience au conseil et qui est le bienvenu.<\/p>\n<p style=\"text-align: justify;\">L\u2019\u00e9lection du comit\u00e9 ex\u00e9cutif a \u00e9t\u00e9 dirig\u00e9e par Jacques\u00a0Lalibert\u00e9. En voici le r\u00e9sultat\u00a0:<\/p>\n<ul>\n<li style=\"text-align: justify;\">R\u00e9jean\u00a0C\u00f4t\u00e9, pr\u00e9sident\u00a0;<\/li>\n<li style=\"text-align: justify;\">Michel\u00a0Gagn\u00e9, vice-pr\u00e9sident\u00a0;<\/li>\n<li style=\"text-align: justify;\">Danielle\u00a0Barab\u00e9, tr\u00e9sori\u00e8re\u00a0;<\/li>\n<li style=\"text-align: justify;\">Sylvie\u00a0Mazur, secr\u00e9taire.<\/li>\n<\/ul>\n<hr \/>\n<h5><strong>Calendrier des r\u00e9unions et partage des responsabilit\u00e9s<\/strong><\/h5>\n<p style=\"text-align: justify;\">Le conseil se r\u00e9unira le premier mardi de chaque mois, sauf\u00a0:<\/p>\n<ul>\n<li style=\"text-align: justify;\">en mars, o\u00f9 la r\u00e9union se tiendra dans la deuxi\u00e8me semaine\u00a0;<\/li>\n<li style=\"text-align: justify;\">en septembre, o\u00f9 la r\u00e9union est avanc\u00e9e d\u2019une semaine.<\/li>\n<\/ul>\n<p style=\"text-align: justify;\">Le conseil fera rel\u00e2che en juillet.<\/p>\n<p style=\"text-align: justify;\">Les autres dates importantes \u00e0 mettre \u00e0 l\u2019agenda des membres sont\u00a0:<\/p>\n<ul style=\"text-align: justify;\">\n<li>mardi <strong>4\u00a0septembre 2018\u00a0: <\/strong><em><strong>Journ\u00e9e d\u2019information et d\u2019inscription<\/strong>\u00a0;<\/em><\/li>\n<li>mercredi <strong>12\u00a0septembre 2018\u00a0: d\u00e9but des s\u00e9ances de pr\u00e9sentations<\/strong>\u00a0;<\/li>\n<li>mercredi 5\u00a0d\u00e9cembre 2018\u00a0: souper de No\u00ebl\u00a0;<\/li>\n<li>mercredi 17\u00a0avril 2019\u00a0: assembl\u00e9e g\u00e9n\u00e9rale annuelle\u00a0;<\/li>\n<li>mercredi 1<sup>er\u00a0<\/sup>mai 2019\u00a0: soir\u00e9e des membres (\u00e0 confirmer)\u00a0;<\/li>\n<li>mercredi 8\u00a0mai 2019\u00a0: souper des b\u00e9n\u00e9voles (\u00e0 confirmer).<\/li>\n<\/ul>\n<p style=\"text-align: justify;\">Les activit\u00e9s du club ont \u00e9t\u00e9 pass\u00e9es en revue pour s\u2019assurer que chacune est sous la responsabilit\u00e9 d\u2019un b\u00e9n\u00e9vole et que celui-ci est appuy\u00e9 par un membre du conseil qui agira comme parrain ou marraine.<\/p>\n<p style=\"text-align: justify;\">Le parrain et la marraine ont pour r\u00f4le de tr\u00e8s bien comprendre le fonctionnement de l\u2019activit\u00e9 pour pouvoir l\u2019expliquer aux autres administrateurs et pour comprendre l\u2019impact des d\u00e9cisions du conseil d\u2019administration sur l\u2019activit\u00e9. Le parrain et la marraine doivent donc assurer la communication entre le conseil d\u2019administration et le responsable d\u2019une activit\u00e9 et son \u00e9quipe. Chaque membre du conseil est le parrain ou la marraine d\u2019une ou plusieurs activit\u00e9s du club.<\/p>\n<hr \/>\n<h5><strong>Nouvelles des b\u00e9n\u00e9voles<\/strong><\/h5>\n<ul>\n<li style=\"text-align: justify;\">Diane\u00a0Ferland est maintenant disponible toute l\u2019ann\u00e9e et pourra davantage participer \u00e0 l\u2019accueil des s\u00e9ances de pr\u00e9sentations.<\/li>\n<li style=\"text-align: justify;\">Marie-Reine\u00a0Paul s\u2019est jointe \u00e0 l\u2019\u00e9quipe de l\u2019accueil des s\u00e9ances de pr\u00e9sentations.<\/li>\n<li style=\"text-align: justify;\">Line\u00a0Gaulin a accept\u00e9 d\u2019assister l\u2019animateur de l\u2019atelier sur Acc\u00e8sD.<\/li>\n<\/ul>\n<hr \/>\n<h5><strong>Activit\u00e9s pr\u00e9vues pour souligner le 35<sup>e<\/sup>\u00a0anniversaire du club en 2018<\/strong><\/h5>\n<p style=\"text-align: justify;\">Le remue-m\u00e9ninge amorc\u00e9 au cours des deux derni\u00e8res r\u00e9unions s\u2019est poursuivi. Certaines propositions exigent une recherche d\u2019information et une d\u00e9cision \u00e0 leur sujet ne peut \u00eatre prise imm\u00e9diatement.<\/p>\n<p style=\"text-align: justify;\">Il a toutefois d\u00e9j\u00e0 \u00e9t\u00e9 d\u00e9cid\u00e9 de mettre \u00e0 jour l\u2019histoire du club, qu\u2019<a href=\"https:\/\/cimbcc.org\/test2\/le-club-2\/b-generalites-et-historique\" target=\"_blank\" rel=\"noopener\">on peut consulter ici<\/a>, et de se doter d\u2019un signet qui pourra \u00eatre distribu\u00e9 pour fournir les coordonn\u00e9es du club et une information succincte sur ses activit\u00e9s. Il a aussi \u00e9t\u00e9 d\u00e9cid\u00e9 d\u2019entrer en contact avec le journal local pour susciter la publication d\u2019un article sur le club \u00e0 l\u2019occasion de ce 35<sup>e<\/sup> anniversaire.<\/p>\n<p style=\"text-align: justify;\">Par ailleurs, il avait \u00e9t\u00e9 d\u00e9cid\u00e9 en avril d\u2019offrir aux biblioth\u00e8ques de Saint-Bruno, Sainte-Julie et Saint-Basile de tenir chez elles une conf\u00e9rence par un b\u00e9n\u00e9vole du club sur un sujet reli\u00e9 \u00e0 l\u2019informatique. Berthe\u00a0Demers avait \u00e9t\u00e9 mandat\u00e9e pour communiquer avec les responsables de ces biblioth\u00e8ques qui ont tr\u00e8s bien accueilli la proposition.<\/p>\n<p style=\"text-align: justify;\">Ces conf\u00e9rences seront incluses dans la programmation d\u2019automne de chaque biblioth\u00e8que qui en fera la publicit\u00e9 par divers moyens\u00a0: le site Web de la ville, les publications distribu\u00e9es aux citoyens\u2026 Ces conf\u00e9rences seront gratuites, mais la r\u00e9servation sera obligatoire.<\/p>\n<p style=\"text-align: justify;\">Ces conf\u00e9rences ont pour but pr\u00e9cis d\u2019informer sur un sujet donn\u00e9, mais elles serviront \u00e9galement \u00e0 faire conna\u00eetre le club et les activit\u00e9s qu\u2019il propose \u00e0 ses membres.<\/p>\n<p>Sylvie Mazur<br \/>\nSecr\u00e9taire du CIMBCC<\/p>\n","protected":false},"excerpt":{"rendered":"<p>La r\u00e9union de mai a \u00e9t\u00e9 l\u2019occasion pour le conseil d\u2019administration de s\u2019organiser pour l\u2019ann\u00e9e qui d\u00e9bute\u00a0: \u00e9lection de l\u2019ex\u00e9cutif, \u00e9tablissement du calendrier des r\u00e9unions, partage des responsabilit\u00e9s entre les administrateurs. Il a aussi \u00e9t\u00e9 question des b\u00e9n\u00e9voles et des activit\u00e9s pr\u00e9vues pour souligner le 35e\u00a0anniversaire du club.<\/p>\n","protected":false},"author":43,"featured_media":0,"comment_status":"open","ping_status":"closed","sticky":false,"template":"","format":"standard","meta":{"footnotes":""},"categories":[386],"tags":[760,126,310,608,785,784,144,786,787],"class_list":["post-21082","post","type-post","status-publish","format-standard","hentry","category-echos-du-conseil-dadministration","tag-35e-anniversaire","tag-benevoles","tag-bibliotheque","tag-ca","tag-calendrier","tag-executif","tag-histoire","tag-partage-des-responsabilites","tag-signet"],"_links":{"self":[{"href":"https:\/\/cimbcc.org\/test2\/wp-json\/wp\/v2\/posts\/21082","targetHints":{"allow":["GET"]}}],"collection":[{"href":"https:\/\/cimbcc.org\/test2\/wp-json\/wp\/v2\/posts"}],"about":[{"href":"https:\/\/cimbcc.org\/test2\/wp-json\/wp\/v2\/types\/post"}],"author":[{"embeddable":true,"href":"https:\/\/cimbcc.org\/test2\/wp-json\/wp\/v2\/users\/43"}],"replies":[{"embeddable":true,"href":"https:\/\/cimbcc.org\/test2\/wp-json\/wp\/v2\/comments?post=21082"}],"version-history":[{"count":6,"href":"https:\/\/cimbcc.org\/test2\/wp-json\/wp\/v2\/posts\/21082\/revisions"}],"predecessor-version":[{"id":21152,"href":"https:\/\/cimbcc.org\/test2\/wp-json\/wp\/v2\/posts\/21082\/revisions\/21152"}],"wp:attachment":[{"href":"https:\/\/cimbcc.org\/test2\/wp-json\/wp\/v2\/media?parent=21082"}],"wp:term":[{"taxonomy":"category","embeddable":true,"href":"https:\/\/cimbcc.org\/test2\/wp-json\/wp\/v2\/categories?post=21082"},{"taxonomy":"post_tag","embeddable":true,"href":"https:\/\/cimbcc.org\/test2\/wp-json\/wp\/v2\/tags?post=21082"}],"curies":[{"name":"wp","href":"https:\/\/api.w.org\/{rel}","templated":true}]}}