{"id":21106,"date":"2018-05-24T07:00:29","date_gmt":"2018-05-24T11:00:29","guid":{"rendered":"https:\/\/cimbcc.org\/test2\/?p=21106"},"modified":"2023-10-16T22:14:48","modified_gmt":"2023-10-17T02:14:48","slug":"bilan-des-seances-du-mercredi-et-du-vendredi-hiver-2018","status":"publish","type":"post","link":"https:\/\/cimbcc.org\/test2\/bilan-des-seances-du-mercredi-et-du-vendredi-hiver-2018\/","title":{"rendered":"Bilan des s\u00e9ances du mercredi et du vendredi &#8211; hiver 2018"},"content":{"rendered":"<figure id=\"attachment_24078\" aria-describedby=\"caption-attachment-24078\" style=\"width: 125px\" class=\"wp-caption aligncenter\"><img loading=\"lazy\" decoding=\"async\" class=\"size-full wp-image-24078\" src=\"https:\/\/cimbcc.org\/test2\/wp-content\/uploads\/photo_belanger_guy.jpg\" alt=\"\" width=\"125\" height=\"125\" \/><figcaption id=\"caption-attachment-24078\" class=\"wp-caption-text\"><span style=\"color: #ffffff;\">mmm<\/span>Guy B\u00e9langer<\/figcaption><\/figure>\n<p style=\"text-align: justify;\">Le mercredi 25 avril marquait la fin de la saison d\u2019hiver 2018 des pr\u00e9sentations techniques du CIMBCC. Cette p\u00e9riode a \u00e9t\u00e9 marqu\u00e9e pour la poursuite de la politique instaur\u00e9e \u00e0 l\u2019automne, soit la pr\u00e9sentation en rafale les mercredis soir de la s\u00e9rie <a href=\"https:\/\/cimbcc.org\/test2\/wp-content\/uploads\/Calendrier-des-s%C3%A9ances-Faciles-2017-2018.pdf\" target=\"_blank\" rel=\"noopener\">Facile<\/a>. Dix pr\u00e9sentations, comparativement \u00e0 11 \u00e0 l\u2019automne, ont \u00e9t\u00e9 r\u00e9alis\u00e9es.<\/p>\n<p style=\"text-align: justify;\">Pour la s\u00e9rie <a href=\"https:\/\/cimbcc.org\/test2\/wp-content\/uploads\/Calendrier-des-s%C3%A9ances-D%C3%A9couvertes-2017-2018.pdf\" target=\"_blank\" rel=\"noopener\">D\u00e9couverte<\/a>, 8 pr\u00e9sentations de l\u2019automne ont \u00e9t\u00e9 reprises et 3 nouvelles ont \u00e9t\u00e9 ajout\u00e9es les vendredis apr\u00e8s-midi.<\/p>\n<p style=\"text-align: justify;\"><!--more--><\/p>\n<p style=\"text-align: justify;\">Le d\u00e9roulement des s\u00e9ances a \u00e9t\u00e9 perturb\u00e9 par une annulation pour cause de mauvais temps et par l\u2019annulation de la pr\u00e9sentation du 14 f\u00e9vrier pour permettre aux couples de f\u00eater la St-Valentin.<\/p>\n<p style=\"text-align: justify;\">Des modifications \u00e0 l\u2019horaire ont \u00e9t\u00e9 apport\u00e9es pour des raisons hors de notre contr\u00f4le\u00a0: le d\u00e9sistement d\u2019un pr\u00e9sentateur et l\u2019extinction de voix d\u2019une pr\u00e9sentatrice. Des efforts ont \u00e9t\u00e9 faits pour aviser tous les membres, mais certains avis n\u2019ont pas pu se rendre \u00e0 destination en raison des limites de notre serveur. Cependant, les changements ont \u00e9t\u00e9 int\u00e9gr\u00e9s aux calendriers des s\u00e9ries <a href=\"https:\/\/cimbcc.org\/test2\/wp-content\/uploads\/Calendrier-des-s%C3%A9ances-Faciles-2017-2018.pdf\" target=\"_blank\" rel=\"noopener\">Facile<\/a> et <a href=\"https:\/\/cimbcc.org\/test2\/wp-content\/uploads\/Calendrier-des-s%C3%A9ances-D%C3%A9couvertes-2017-2018.pdf\" target=\"_blank\" rel=\"noopener\">D\u00e9couverte<\/a> que l\u2019on retrouve sur le site du CIMBCC.<\/p>\n<hr \/>\n<h4 style=\"text-align: justify;\">S\u00e9rie Facile<\/h4>\n<p style=\"text-align: justify;\">Pour la s\u00e9rie <a href=\"https:\/\/cimbcc.org\/test2\/wp-content\/uploads\/Calendrier-des-s%C3%A9ances-Faciles-2017-2018.pdf\" target=\"_blank\" rel=\"noopener\"><strong>Facile<\/strong><\/a>, l\u2019emphase a port\u00e9 sur l\u2019exploration en profondeur des diff\u00e9rents outils offerts par Google. Ces s\u00e9ances ont \u00e9t\u00e9 encadr\u00e9es par les pr\u00e9sentations d\u2019outils de base pour tirer le maximum de notre ordinateur\u00a0:<\/p>\n<ul>\n<li>gestion des dossiers et fichiers;<\/li>\n<li>gestion des photos;<\/li>\n<li>utilisation du courriel Outlook;<\/li>\n<li>diff\u00e9rentes pr\u00e9sentations associ\u00e9es \u00e0 des notions de s\u00e9curit\u00e9;<\/li>\n<li>une initiation \u00e0 Facebook.<\/li>\n<\/ul>\n<p style=\"text-align: justify;\">Des dipl\u00f4mes de pr\u00e9sences ont \u00e9t\u00e9 remis \u00e0 33 membres pour souligner leur pr\u00e9sence \u00e0 10 s\u00e9ances de la s\u00e9rie Facile au cours de l\u2019ann\u00e9e.<\/p>\n<hr \/>\n<h4 style=\"text-align: justify;\">S\u00e9rie D\u00e9couverte<\/h4>\n<p style=\"text-align: justify;\">Pour la s\u00e9rie <a href=\"https:\/\/cimbcc.org\/test2\/wp-content\/uploads\/Calendrier-des-s%C3%A9ances-D%C3%A9couvertes-2017-2018.pdf\" target=\"_blank\" rel=\"noopener\"><strong>D\u00e9couverte<\/strong><\/a>, les sujets ont \u00e9t\u00e9 vari\u00e9s et les pr\u00e9sentateurs ont explor\u00e9 diverses th\u00e9matiques plus sp\u00e9cialis\u00e9es, composantes de l\u2019ordinateur, production de blogues, pouvant int\u00e9resser les membres \u00e0 explorer plus avant leur ordinateur.<\/p>\n<p style=\"text-align: justify;\">Comme nouveaut\u00e9 pour la saison d\u2019hiver, on a pr\u00e9sent\u00e9 des outils de synchronisation de notre ordinateur avec notre tablette et notre t\u00e9l\u00e9phone intelligent ainsi que des outils sp\u00e9cialis\u00e9s de Chrome avec entre autres Groove pour l\u2019\u00e9coute et la gestion de notre musique sous Windows 10.<\/p>\n<hr \/>\n<h4>Pr\u00e9sences<\/h4>\n<p style=\"text-align: justify;\">Pour cette p\u00e9riode, 1221 personnes ont assist\u00e9 aux pr\u00e9sentations, incluant l\u2019assemble g\u00e9n\u00e9rale annuelle. La figure suivante nous pr\u00e9sente le nombre de personnes ayant particip\u00e9 aux s\u00e9ances du club. On y retrouve aussi la participation de 70 membres lors de l\u2019assembl\u00e9e g\u00e9n\u00e9rale annuelle le 11 avril.<\/p>\n<p><img loading=\"lazy\" decoding=\"async\" class=\"aligncenter size-full wp-image-21119\" src=\"https:\/\/cimbcc.org\/test2\/wp-content\/uploads\/CHIP_20180524_Bilan_pr\u00e9sentations.jpg\" alt=\"\" width=\"605\" height=\"372\" srcset=\"https:\/\/cimbcc.org\/test2\/wp-content\/uploads\/CHIP_20180524_Bilan_pr\u00e9sentations.jpg 605w, https:\/\/cimbcc.org\/test2\/wp-content\/uploads\/CHIP_20180524_Bilan_pr\u00e9sentations-300x184.jpg 300w\" sizes=\"auto, (max-width: 605px) 100vw, 605px\" \/><\/p>\n<hr \/>\n<h4>Pr\u00e9sentatrices, pr\u00e9sentateurs et b\u00e9n\u00e9voles<\/h4>\n<p style=\"text-align: justify;\">Comme par le pass\u00e9, toutes ces r\u00e9alisations ne seraient possibles sans le d\u00e9vouement de plusieurs b\u00e9n\u00e9voles. En premier lieu les pr\u00e9sentatrices et pr\u00e9sentateurs qui fournissent un effort constant pour vulgariser et rendre les divers sujets pr\u00e9sent\u00e9s int\u00e9ressants et utiles.<\/p>\n<p>Pour la p\u00e9riode de janvier \u00e0 avril, nous signalons les efforts de :<\/p>\n<ul>\n<li>Mme F. Couture;<\/li>\n<li>Mme C. Dufresne;<\/li>\n<li>Mme R. Olsthoorn;<\/li>\n<li>M. R. Bujold;<\/li>\n<li>M. D. Charron;<\/li>\n<li>M. R. C\u00f4t\u00e9;<\/li>\n<li>M. B. Fournier;<\/li>\n<li>M. M. Gagn\u00e9;<\/li>\n<li>M. S. Garneau;<\/li>\n<li>M. J. Presne;<\/li>\n<li>M. P. St-Aubin.<\/li>\n<\/ul>\n<p>Ces personnes sont second\u00e9es par diff\u00e9rentes \u00e9quipes\u00a0:<\/p>\n<ul>\n<li style=\"text-align: justify;\">l\u2019accueil sous la responsabilit\u00e9 de madame D. Bourque;<\/li>\n<li style=\"text-align: justify;\">la pr\u00e9paration de la salle avant les pr\u00e9sentations et le service du caf\u00e9 avec monsieur Y.\u00a0Gaudreau;<\/li>\n<li style=\"text-align: justify;\">la publication des descriptifs des s\u00e9ances par madame H. Leblanc-Girard;<\/li>\n<li style=\"text-align: justify;\"><a href=\"https:\/\/cimbcc.org\/test2\/entraide\/lassistance-avant-les-seances\" target=\"_blank\" rel=\"noopener\">l&rsquo;assistance avant les s\u00e9ances<\/a> sous la gouverne de monsieur P.\u00a0Poisson;<\/li>\n<li style=\"text-align: justify;\">l\u2019impression des <a href=\"https:\/\/cimbcc.org\/test2\/wp-content\/uploads\/Calendrier-des-s%C3%A9ances-Faciles-2017-2018.pdf\" target=\"_blank\" rel=\"noopener\">notes de la s\u00e9rie Facile<\/a> sous la responsabilit\u00e9 de monsieur D. Dulude.<\/li>\n<\/ul>\n<p style=\"text-align: justify;\">Nous aimerions signaler les excellents services qui ont \u00e9t\u00e9 rendus pendant plusieurs ann\u00e9es par monsieur A. Lacroix qui \u00e9tait responsable de l\u2019impression des notes des pr\u00e9sentations Facile et qui a d\u00e9cid\u00e9 de passer le flambeau \u00e0 monsieur Denis Dulude.<\/p>\n<hr \/>\n<h4>Saison 2018-2019<\/h4>\n<p style=\"text-align: justify;\">Les pr\u00e9sentatrices et pr\u00e9sentateurs seront \u00e0 l\u2019oeuvre au cours des prochaines semaines pour jeter les bases de la programmation de la prochaine saison 2018-2019. Cette planification sera publi\u00e9e sur le site du CIMCC aussit\u00f4t que les sujets seront d\u00e9finis.<\/p>\n<p style=\"text-align: justify;\">Enfin, un gros merci aux membres qui ont assist\u00e9 et particip\u00e9 par leurs questions ou commentaires aux diff\u00e9rentes pr\u00e9sentations. Cet int\u00e9r\u00eat souligne la pertinence des s\u00e9ances du mercredi et du vendredi. Il encourage les pr\u00e9sentatrices et pr\u00e9sentateurs \u00e0 \u00e9laborer des s\u00e9ances qui sont instructives et agr\u00e9ables \u00e0 suivre. Il justifie aussi les efforts de tous les membres des diff\u00e9rentes \u00e9quipes de support.<\/p>\n<p style=\"text-align: justify;\">Nous vous attendons nombreux pour savourer la programmation 2018-2019 en septembre prochain.<\/p>\n<p>Guy B\u00e9langer<br \/>\nResponsable des s\u00e9ances du mercredi et du vendredi<\/p>\n","protected":false},"excerpt":{"rendered":"<p>Le mercredi 25 avril marquait la fin de la saison d\u2019hiver 2018 des pr\u00e9sentations techniques du CIMBCC. Cette p\u00e9riode a \u00e9t\u00e9 marqu\u00e9e pour la poursuite de la politique instaur\u00e9e \u00e0 l\u2019automne, soit la pr\u00e9sentation en rafale les mercredis soir de la s\u00e9rie Facile. Dix pr\u00e9sentations, comparativement \u00e0 11 \u00e0 l\u2019automne, ont \u00e9t\u00e9 r\u00e9alis\u00e9es. Pour la &hellip; <a href=\"https:\/\/cimbcc.org\/test2\/bilan-des-seances-du-mercredi-et-du-vendredi-hiver-2018\/\" class=\"more-link\">Continuer la lecture de <span class=\"screen-reader-text\">Bilan des s\u00e9ances du mercredi et du vendredi &#8211; hiver 2018<\/span>  <span class=\"meta-nav\">&rarr;<\/span><\/a><\/p>\n","protected":false},"author":43,"featured_media":0,"comment_status":"open","ping_status":"closed","sticky":false,"template":"","format":"standard","meta":{"footnotes":""},"categories":[402],"tags":[371,370,271],"class_list":["post-21106","post","type-post","status-publish","format-standard","hentry","category-activites-du-club","tag-decouverte","tag-facile","tag-presentations"],"_links":{"self":[{"href":"https:\/\/cimbcc.org\/test2\/wp-json\/wp\/v2\/posts\/21106","targetHints":{"allow":["GET"]}}],"collection":[{"href":"https:\/\/cimbcc.org\/test2\/wp-json\/wp\/v2\/posts"}],"about":[{"href":"https:\/\/cimbcc.org\/test2\/wp-json\/wp\/v2\/types\/post"}],"author":[{"embeddable":true,"href":"https:\/\/cimbcc.org\/test2\/wp-json\/wp\/v2\/users\/43"}],"replies":[{"embeddable":true,"href":"https:\/\/cimbcc.org\/test2\/wp-json\/wp\/v2\/comments?post=21106"}],"version-history":[{"count":16,"href":"https:\/\/cimbcc.org\/test2\/wp-json\/wp\/v2\/posts\/21106\/revisions"}],"predecessor-version":[{"id":25102,"href":"https:\/\/cimbcc.org\/test2\/wp-json\/wp\/v2\/posts\/21106\/revisions\/25102"}],"wp:attachment":[{"href":"https:\/\/cimbcc.org\/test2\/wp-json\/wp\/v2\/media?parent=21106"}],"wp:term":[{"taxonomy":"category","embeddable":true,"href":"https:\/\/cimbcc.org\/test2\/wp-json\/wp\/v2\/categories?post=21106"},{"taxonomy":"post_tag","embeddable":true,"href":"https:\/\/cimbcc.org\/test2\/wp-json\/wp\/v2\/tags?post=21106"}],"curies":[{"name":"wp","href":"https:\/\/api.w.org\/{rel}","templated":true}]}}