{"id":21307,"date":"2018-06-14T00:00:29","date_gmt":"2018-06-14T04:00:29","guid":{"rendered":"https:\/\/cimbcc.org\/test2\/?p=21307"},"modified":"2023-10-16T22:14:48","modified_gmt":"2023-10-17T02:14:48","slug":"vous-demenagez","status":"publish","type":"post","link":"https:\/\/cimbcc.org\/test2\/vous-demenagez\/","title":{"rendered":"Vous d\u00e9m\u00e9nagez?"},"content":{"rendered":"<p style=\"text-align: justify;\"><img loading=\"lazy\" decoding=\"async\" class=\"aligncenter size-full wp-image-21315\" src=\"https:\/\/cimbcc.org\/test2\/wp-content\/uploads\/CHIP_201806_Boites.jpg\" alt=\"\" width=\"167\" height=\"125\" \/><\/p>\n<p style=\"text-align: justify;\">Nous approchons bient\u00f4t du 1<sup>er<\/sup> juillet, c&rsquo;est-\u00e0-dire de la f\u00eate qu\u00e9b\u00e9coise annuelle du d\u00e9m\u00e9nagement. Si vous devez vous astreindre \u00e0 ce rituel, vous retrouverez dans cet article quelques informations qui pourraient vous \u00eatre utiles.<\/p>\n<p style=\"text-align: justify;\"><!--more--><\/p>\n<p style=\"text-align: justify;\">Tout d&rsquo;abord, il semble que beaucoup de Qu\u00e9b\u00e9cois changent de logis dans la semaine pr\u00e9c\u00e9dant ou suivant le 1<sup>er<\/sup> juillet. Un total de 66\u00a0816 personnes ont averti Hydro-Qu\u00e9bec de leur d\u00e9m\u00e9nagement en date du\u00a01<sup>er<\/sup> juillet 2016 selon <a href=\"https:\/\/ici.radio-canada.ca\/nouvelle\/1040705\/verif-demenagements-premier-1er-juillet-quebec-hydro-fete-canada-couche-tard-st-hubert-pizza\" target=\"_blank\" rel=\"noopener\">cette information publi\u00e9e par Radio-Canada<\/a>.<\/p>\n<p style=\"text-align: justify;\">Le gouvernement f\u00e9d\u00e9ral vous offre un petit d\u00e9pliant sur le sujet que vous pourrez consulter <a href=\"http:\/\/publications.gc.ca\/collections\/Collection\/Iu4-63-2004F.pdf\" target=\"_blank\" rel=\"noopener\">en cliquant ici<\/a>. Comme son contenu date de 2004, il faut garder \u00e0 l&rsquo;esprit que certaines choses ont pu changer depuis 14 ans.<\/p>\n<p style=\"text-align: justify;\">En mai 2015, le magazine <em>Prot\u00e9gez-vous<\/em> a publi\u00e9 une enqu\u00eate sur le d\u00e9m\u00e9nagement que vous pourrez relire <a href=\"https:\/\/www.protegez-vous.ca\/Maison\/demenagement\" target=\"_blank\" rel=\"noopener\">en cliquant ici<\/a>.<\/p>\n<p style=\"text-align: justify;\">Il peut devenir tr\u00e8s fastidieux de faire les multiples changements d&rsquo;adresse requis apr\u00e8s un d\u00e9m\u00e9nagement. Il est possible de modifier gratuitement votre adresse aupr\u00e8s des gouvernements et de vos fournisseurs de service en utilisant le site <a href=\"http:\/\/www.movingwaldo.ca\/fr\" target=\"_blank\" rel=\"noopener\">www.movingwaldo.ca<\/a>.<\/p>\n<p style=\"text-align: justify;\">En tant que membre du CIMBCC ou abonn\u00e9 du CHIP, vous pouvez aviser les responsables du club de vos modifications \u00e0 votre adresse, \u00e0 votre num\u00e9ro de t\u00e9l\u00e9phone ou \u00e0 votre adresse de courriel en remplissant le formulaire \u00ab\u00a0<span style=\"font-size: 12pt;\">CHANGEMENT D&rsquo;ADRESSE \u00c9LECTRONIQUE OU D&rsquo;AUTRES COORDONN\u00c9ES\u00a0<\/span>\u00bb que vous retrouverez <a href=\"https:\/\/cimbcc.org\/test2\/adresses-et-directions\" target=\"_blank\" rel=\"noopener\">en cliquant ici<\/a>.<\/p>\n<p style=\"text-align: justify;\">Je souhaite de la bonne temp\u00e9rature \u00e0 tous ceux qui d\u00e9m\u00e9nageront bient\u00f4t. Prenez bien garde pour ne pas vous blesser.<\/p>\n<p style=\"text-align: justify;\">Richard Gervais<\/p>\n<p><strong>Notes :<\/strong><\/p>\n<ul>\n<li style=\"text-align: justify;\"><em>Je tiens \u00e0 remercier Jean-Victor C\u00f4t\u00e9 de m&rsquo;avoir sugg\u00e9r\u00e9 le sujet de cet article.<\/em><\/li>\n<li style=\"text-align: justify;\"><em>L&rsquo;illustration au d\u00e9but de cet article provient de <a href=\"https:\/\/commons.wikimedia.org\/wiki\/File:Almost_done_(9046914035).jpg\" target=\"_blank\" rel=\"noopener\">Wikimedia Commons<\/a>.<\/em><\/li>\n<\/ul>\n","protected":false},"excerpt":{"rendered":"<p>Nous approchons bient\u00f4t du 1er juillet, c&rsquo;est-\u00e0-dire de la f\u00eate qu\u00e9b\u00e9coise annuelle du d\u00e9m\u00e9nagement. Si vous devez vous astreindre \u00e0 ce rituel, vous retrouverez dans cet article quelques informations qui pourraient vous \u00eatre utiles.<\/p>\n","protected":false},"author":43,"featured_media":0,"comment_status":"open","ping_status":"closed","sticky":false,"template":"","format":"standard","meta":{"footnotes":""},"categories":[24],"tags":[698,793,794],"class_list":["post-21307","post","type-post","status-publish","format-standard","hentry","category-conseils-pratiques","tag-changement-dadresse","tag-demenagement","tag-moving-waldo"],"_links":{"self":[{"href":"https:\/\/cimbcc.org\/test2\/wp-json\/wp\/v2\/posts\/21307","targetHints":{"allow":["GET"]}}],"collection":[{"href":"https:\/\/cimbcc.org\/test2\/wp-json\/wp\/v2\/posts"}],"about":[{"href":"https:\/\/cimbcc.org\/test2\/wp-json\/wp\/v2\/types\/post"}],"author":[{"embeddable":true,"href":"https:\/\/cimbcc.org\/test2\/wp-json\/wp\/v2\/users\/43"}],"replies":[{"embeddable":true,"href":"https:\/\/cimbcc.org\/test2\/wp-json\/wp\/v2\/comments?post=21307"}],"version-history":[{"count":19,"href":"https:\/\/cimbcc.org\/test2\/wp-json\/wp\/v2\/posts\/21307\/revisions"}],"predecessor-version":[{"id":21607,"href":"https:\/\/cimbcc.org\/test2\/wp-json\/wp\/v2\/posts\/21307\/revisions\/21607"}],"wp:attachment":[{"href":"https:\/\/cimbcc.org\/test2\/wp-json\/wp\/v2\/media?parent=21307"}],"wp:term":[{"taxonomy":"category","embeddable":true,"href":"https:\/\/cimbcc.org\/test2\/wp-json\/wp\/v2\/categories?post=21307"},{"taxonomy":"post_tag","embeddable":true,"href":"https:\/\/cimbcc.org\/test2\/wp-json\/wp\/v2\/tags?post=21307"}],"curies":[{"name":"wp","href":"https:\/\/api.w.org\/{rel}","templated":true}]}}