{"id":21478,"date":"2018-06-20T20:00:50","date_gmt":"2018-06-21T00:00:50","guid":{"rendered":"https:\/\/cimbcc.org\/test2\/?p=21478"},"modified":"2023-10-16T22:14:48","modified_gmt":"2023-10-17T02:14:48","slug":"directives-medicales-anticipees-un-service-peu-connu","status":"publish","type":"post","link":"https:\/\/cimbcc.org\/test2\/directives-medicales-anticipees-un-service-peu-connu\/","title":{"rendered":"Directives m\u00e9dicales anticip\u00e9es &#8211; un service peu connu"},"content":{"rendered":"<figure id=\"attachment_24081\" aria-describedby=\"caption-attachment-24081\" style=\"width: 125px\" class=\"wp-caption aligncenter\"><img loading=\"lazy\" decoding=\"async\" class=\"size-full wp-image-24081\" src=\"https:\/\/cimbcc.org\/test2\/wp-content\/uploads\/photo_charron_denis.jpg\" alt=\"\" width=\"125\" height=\"125\" \/><figcaption id=\"caption-attachment-24081\" class=\"wp-caption-text\"><span style=\"color: #ffffff;\">mmm<\/span>Denis Charron<\/figcaption><\/figure>\n<p style=\"text-align: justify;\">Voici encore une autre application de l&rsquo;informatique dans notre vie de tous les jours. Tout le monde a entendu parler de \u00ab\u00a0<strong><a href=\"http:\/\/sante.gouv.qc.ca\/programmes-et-mesures-daide\/aide-medicale-a-mourir\/\" target=\"_blank\" rel=\"noopener\">l&rsquo;aide m\u00e9dicale \u00e0 mourir<\/a>\u00a0\u00bb<\/strong>\u00a0qui est accessible \u00e0 certaines personnes en fin de vie. Mais peu de personnes sont au courant d&rsquo;une autre disposition qui a aussi \u00e9t\u00e9 mise en place par la m\u00eame loi.<\/p>\n<p><!--more--><\/p>\n<p style=\"text-align: justify;\">Les \u00ab\u00a0<strong><a href=\"http:\/\/www.ramq.gouv.qc.ca\/fr\/citoyens\/assurance-maladie\/volontes\/Pages\/directives-medicales-anticipees.aspx\" target=\"_blank\" rel=\"noopener\">directives m\u00e9dicales anticip\u00e9es<\/a>\u00a0\u00bb<\/strong>\u00a0vous permettent de faire savoir au personnel m\u00e9dical vos volont\u00e9s concernant les soins \u00e0 vous donner si vous \u00eates dans l&rsquo;impossibilit\u00e9 de l&rsquo;exprimer vous-m\u00eame (coma, d\u00e9mence, inaptitude).<\/p>\n<p style=\"text-align: justify;\">Si vous avez r\u00e9dig\u00e9 un <a href=\"http:\/\/www.curateur.gouv.qc.ca\/cura\/fr\/outils\/publications\/mon_mandat.html\" target=\"_blank\" rel=\"noopener\"><strong>mandat d&rsquo;inaptitude<\/strong><\/a>, celui-ci donne le pouvoir \u00e0 une autre personne de d\u00e9cider pour vous si vous n&rsquo;\u00eates plus apte \u00e0 le faire.<\/p>\n<p style=\"text-align: justify;\"><strong>Les directives m\u00e9dicales anticip\u00e9es ont pr\u00e9s\u00e9ance sur le mandat d&rsquo;inaptitude puisque c&rsquo;est votre volont\u00e9 qui y est exprim\u00e9e.<\/strong><\/p>\n<p style=\"text-align: justify;\">Vos directives m\u00e9dicales anticip\u00e9es peuvent \u00eatre d\u00e9pos\u00e9es dans un registre \u00e9lectronique \u00e0 la RAMQ\u00a0ou notari\u00e9es. Le personnel m\u00e9dical doit consulter le registre tenu par la <a href=\"http:\/\/www.ramq.gouv.qc.ca\/fr\/Pages\/accueil.aspx\" target=\"_blank\" rel=\"noopener\">RAMQ\u00a0<\/a>et en tenir compte.<\/p>\n<p style=\"text-align: justify;\">Une brochure de 28 pages du minist\u00e8re de la Sant\u00e9 et des Services sociaux au sujet des\u00a0directives m\u00e9dicales anticip\u00e9es\u00a0est disponible <a href=\"http:\/\/publications.msss.gouv.qc.ca\/msss\/document-001602\/\" target=\"_blank\" rel=\"noopener\">en cliquant ici<\/a>.<\/p>\n<p style=\"text-align: justify;\">Il est possible de visionner un reportage de Radio-Canada mis en ondes le 25 juin 2017 et de lire un article sur le sujet <a href=\"https:\/\/ici.radio-canada.ca\/nouvelle\/1041761\/registre-directives-medicales-anticipees-bilan-inscriptions\" target=\"_blank\" rel=\"noopener\">en cliquant ici<\/a>.<\/p>\n<p>Denis Charron<\/p>\n<p><strong>Note de l&rsquo;\u00e9diteur<\/strong><\/p>\n<p style=\"text-align: justify;\">Il est pertinent de rappeler aux lecteurs du CHIP un article du 31\u00a0mars 2017 r\u00e9dig\u00e9 par Andr\u00e9 Charest\u00a0; \u00ab\u00a0<a href=\"https:\/\/cimbcc.org\/test2\/un-site-important-pour-avoir-un-certain-controle-sur-ses-soins-de-fin-de-vie\" target=\"_blank\" rel=\"noopener\">Un site important pour avoir un certain contr\u00f4le sur ses soins de fin de vie<\/a>\u00a0\u00bb.<\/p>\n","protected":false},"excerpt":{"rendered":"<p>Voici encore une autre application de l&rsquo;informatique dans notre vie de tous les jours. Tout le monde a entendu parler de \u00ab\u00a0l&rsquo;aide m\u00e9dicale \u00e0 mourir\u00a0\u00bb\u00a0qui est accessible \u00e0 certaines personnes en fin de vie. Mais peu de personnes sont au courant d&rsquo;une autre disposition qui a aussi \u00e9t\u00e9 mise en place par la m\u00eame loi.<\/p>\n","protected":false},"author":43,"featured_media":0,"comment_status":"open","ping_status":"closed","sticky":false,"template":"","format":"standard","meta":{"footnotes":""},"categories":[24],"tags":[802,613,586,801,803],"class_list":["post-21478","post","type-post","status-publish","format-standard","hentry","category-conseils-pratiques","tag-aide-medicale-a-mourir","tag-deces","tag-directives-medicales-anticipees","tag-mandat-dinaptitude","tag-ramq"],"_links":{"self":[{"href":"https:\/\/cimbcc.org\/test2\/wp-json\/wp\/v2\/posts\/21478","targetHints":{"allow":["GET"]}}],"collection":[{"href":"https:\/\/cimbcc.org\/test2\/wp-json\/wp\/v2\/posts"}],"about":[{"href":"https:\/\/cimbcc.org\/test2\/wp-json\/wp\/v2\/types\/post"}],"author":[{"embeddable":true,"href":"https:\/\/cimbcc.org\/test2\/wp-json\/wp\/v2\/users\/43"}],"replies":[{"embeddable":true,"href":"https:\/\/cimbcc.org\/test2\/wp-json\/wp\/v2\/comments?post=21478"}],"version-history":[{"count":8,"href":"https:\/\/cimbcc.org\/test2\/wp-json\/wp\/v2\/posts\/21478\/revisions"}],"predecessor-version":[{"id":25096,"href":"https:\/\/cimbcc.org\/test2\/wp-json\/wp\/v2\/posts\/21478\/revisions\/25096"}],"wp:attachment":[{"href":"https:\/\/cimbcc.org\/test2\/wp-json\/wp\/v2\/media?parent=21478"}],"wp:term":[{"taxonomy":"category","embeddable":true,"href":"https:\/\/cimbcc.org\/test2\/wp-json\/wp\/v2\/categories?post=21478"},{"taxonomy":"post_tag","embeddable":true,"href":"https:\/\/cimbcc.org\/test2\/wp-json\/wp\/v2\/tags?post=21478"}],"curies":[{"name":"wp","href":"https:\/\/api.w.org\/{rel}","templated":true}]}}