{"id":21543,"date":"2018-06-27T22:00:08","date_gmt":"2018-06-28T02:00:08","guid":{"rendered":"https:\/\/cimbcc.org\/test2\/?p=21543"},"modified":"2023-10-16T22:14:48","modified_gmt":"2023-10-17T02:14:48","slug":"application-concrete-de-lintelligence-artificielle","status":"publish","type":"post","link":"https:\/\/cimbcc.org\/test2\/application-concrete-de-lintelligence-artificielle\/","title":{"rendered":"Application concr\u00e8te de l&rsquo;intelligence artificielle"},"content":{"rendered":"<figure id=\"attachment_24081\" aria-describedby=\"caption-attachment-24081\" style=\"width: 125px\" class=\"wp-caption aligncenter\"><img loading=\"lazy\" decoding=\"async\" class=\"size-full wp-image-24081\" src=\"https:\/\/cimbcc.org\/test2\/wp-content\/uploads\/photo_charron_denis.jpg\" alt=\"\" width=\"125\" height=\"125\" \/><figcaption id=\"caption-attachment-24081\" class=\"wp-caption-text\"><span style=\"color: #ffffff;\">mmm<\/span>Denis Charron<\/figcaption><\/figure>\n<p style=\"text-align: justify;\">Pour faire suite \u00e0 l&rsquo;<a href=\"https:\/\/cimbcc.org\/test2\/lintelligence-artificielle-peut-elle-debattre-avec-des-humains\" target=\"_blank\" rel=\"noopener\">article de Michel Gagn\u00e9 sur l&rsquo;intelligence artificielle<\/a> en comp\u00e9tition avec l&rsquo;intelligence humaine, voici une \u00e9tude pour mettre \u00e0 profit cette technique pour des personnes atteintes de d\u00e9mence et de leurs proches aidants.<\/p>\n<p style=\"text-align: justify;\"><!--more--><\/p>\n<p style=\"text-align: justify;\">Une \u00e9tude va bient\u00f4t d\u00e9marrer pour voir comment des assistants virtuels activ\u00e9s par la voix comme <a href=\"https:\/\/www.francoischarron.com\/lassistant-vocal-alexa-damazon-enfin-disponible-au-canada\/-\/6qcu2kXQ5c\/\" target=\"_blank\" rel=\"noopener\">Alexa d&rsquo;Amazon<\/a> pourraient aider les personnes pr\u00e9sentant des probl\u00e8mes de m\u00e9moire dans leur vie quotidienne.<\/p>\n<p style=\"text-align: justify;\">Vous pourrez obtenir plus de d\u00e9tails en lisant cet article de Radio-Canada\u00a0<a href=\"https:\/\/ici.radio-canada.ca\/nouvelle\/1109145\/alexa-personne-agee-assistant-etude\" target=\"_blank\" rel=\"noopener\">en cliquant ici<\/a>.<\/p>\n<p>Denis Charron<\/p>\n<p style=\"text-align: justify;\"><strong>Note de l&rsquo;\u00e9diteur<\/strong><\/p>\n<p style=\"text-align: justify;\">Comme Fran\u00e7ois Charron le mentionne plus haut au sujet d&rsquo;Alexa, ce produit d&rsquo;Amazon s&rsquo;exprime en <strong>anglais<\/strong>. Toutefois, <a href=\"https:\/\/www.francetvinfo.fr\/replay-radio\/nouveau-monde\/nouveau-monde-amazon-alexa-parle-enfin-francais-nous-lavons-testee_2764847.html\" target=\"_blank\" rel=\"noopener\">la possibilit\u00e9 d&rsquo;interagir en fran\u00e7ais<\/a> vient d&rsquo;\u00eatre annonc\u00e9e le 13 juin 2018 pour la France. C&rsquo;est un sujet \u00e0 suivre.<\/p>\n","protected":false},"excerpt":{"rendered":"<p>Pour faire suite \u00e0 l&rsquo;article de Michel Gagn\u00e9 sur l&rsquo;intelligence artificielle en comp\u00e9tition avec l&rsquo;intelligence humaine, voici une \u00e9tude pour mettre \u00e0 profit cette technique pour des personnes atteintes de d\u00e9mence et de leurs proches aidants.<\/p>\n","protected":false},"author":43,"featured_media":0,"comment_status":"open","ping_status":"closed","sticky":false,"template":"","format":"standard","meta":{"footnotes":""},"categories":[403],"tags":[806,77,731],"class_list":["post-21543","post","type-post","status-publish","format-standard","hentry","category-applications","tag-alexa","tag-amazon","tag-intelligence-artificielle"],"_links":{"self":[{"href":"https:\/\/cimbcc.org\/test2\/wp-json\/wp\/v2\/posts\/21543","targetHints":{"allow":["GET"]}}],"collection":[{"href":"https:\/\/cimbcc.org\/test2\/wp-json\/wp\/v2\/posts"}],"about":[{"href":"https:\/\/cimbcc.org\/test2\/wp-json\/wp\/v2\/types\/post"}],"author":[{"embeddable":true,"href":"https:\/\/cimbcc.org\/test2\/wp-json\/wp\/v2\/users\/43"}],"replies":[{"embeddable":true,"href":"https:\/\/cimbcc.org\/test2\/wp-json\/wp\/v2\/comments?post=21543"}],"version-history":[{"count":11,"href":"https:\/\/cimbcc.org\/test2\/wp-json\/wp\/v2\/posts\/21543\/revisions"}],"predecessor-version":[{"id":25095,"href":"https:\/\/cimbcc.org\/test2\/wp-json\/wp\/v2\/posts\/21543\/revisions\/25095"}],"wp:attachment":[{"href":"https:\/\/cimbcc.org\/test2\/wp-json\/wp\/v2\/media?parent=21543"}],"wp:term":[{"taxonomy":"category","embeddable":true,"href":"https:\/\/cimbcc.org\/test2\/wp-json\/wp\/v2\/categories?post=21543"},{"taxonomy":"post_tag","embeddable":true,"href":"https:\/\/cimbcc.org\/test2\/wp-json\/wp\/v2\/tags?post=21543"}],"curies":[{"name":"wp","href":"https:\/\/api.w.org\/{rel}","templated":true}]}}