{"id":21731,"date":"2018-07-11T21:00:05","date_gmt":"2018-07-12T01:00:05","guid":{"rendered":"https:\/\/cimbcc.org\/test2\/?p=21731"},"modified":"2023-10-16T22:14:48","modified_gmt":"2023-10-17T02:14:48","slug":"montreal-la-future-silicon-valley-de-lintelligence-artificielle","status":"publish","type":"post","link":"https:\/\/cimbcc.org\/test2\/montreal-la-future-silicon-valley-de-lintelligence-artificielle\/","title":{"rendered":"Montr\u00e9al: la future Silicon Valley de l&rsquo;intelligence artificielle?"},"content":{"rendered":"<figure id=\"attachment_24120\" aria-describedby=\"caption-attachment-24120\" style=\"width: 125px\" class=\"wp-caption aligncenter\"><img loading=\"lazy\" decoding=\"async\" class=\"size-full wp-image-24120\" src=\"https:\/\/cimbcc.org\/test2\/wp-content\/uploads\/photo_dion_celine.jpg\" alt=\"\" width=\"125\" height=\"126\" \/><figcaption id=\"caption-attachment-24120\" class=\"wp-caption-text\"><span style=\"color: #ffffff;\">mmmm<\/span>C\u00e9line Dion<\/figcaption><\/figure>\n<p style=\"text-align: justify;\">Les r\u00e9centes chroniques de <a href=\"https:\/\/cimbcc.org\/test2\/lintelligence-artificielle-peut-elle-debattre-avec-des-humains\" target=\"_blank\" rel=\"noopener\">Michel Gagn\u00e9<\/a> et <a href=\"https:\/\/cimbcc.org\/test2\/application-concrete-de-lintelligence-artificielle\" target=\"_blank\" rel=\"noopener\">Denis Charron<\/a> sur l&rsquo;<a href=\"https:\/\/fr.wikipedia.org\/wiki\/Intelligence_artificielle\" target=\"_blank\" rel=\"noopener\">intelligence artificielle<\/a> (IA) m&rsquo;ont donn\u00e9 le go\u00fbt d&rsquo;\u00e9crire sur le m\u00eame sujet. Nous avons, ici au Qu\u00e9bec, un \u00e9norme potentiel de d\u00e9veloppement dans le domaine de l&rsquo;IA, gr\u00e2ce \u00e0 un bassin non n\u00e9gligeable de sp\u00e9cialistes en la mati\u00e8re.<\/p>\n<p><!--more--><\/p>\n<p style=\"text-align: justify;\">Parmi ceux-ci, <a href=\"https:\/\/fr.wikipedia.org\/wiki\/Yoshua_Bengio\" target=\"_blank\" rel=\"noopener\"><em>Yoshua Bengio<\/em><\/a>, chercheur et professeur \u00e0 l&rsquo;Universit\u00e9 de Montr\u00e9al, nomm\u00e9 <a href=\"https:\/\/ici.radio-canada.ca\/nouvelle\/1080042\/yoshua-bengio-scientifique-annee-2017\" target=\"_blank\" rel=\"noopener\">scientifique de l&rsquo;ann\u00e9e 2017 par Radio-Canada<\/a> et <a href=\"http:\/\/prixduquebec.gouv.qc.ca\/prix-qc\/desclaureat.php?noLaureat=535\" target=\"_blank\" rel=\"noopener\">laur\u00e9at du prix Marie-Victorin<\/a>.<\/p>\n<p style=\"text-align: justify;\">Originaire du Maroc, il est passionn\u00e9 par la programmation et les math\u00e9matiques. Bien que les g\u00e9ants de la technologie se l&rsquo;arrachent, Yoshua r\u00e9siste, car son objectif est de faire de sa ville d&rsquo;accueil, Montr\u00e9al, la <a href=\"https:\/\/fr.wikipedia.org\/wiki\/Silicon_Valley\" target=\"_blank\" rel=\"noopener\"><em>Silicon Valley<\/em><\/a> de l&rsquo;IA.<\/p>\n<p style=\"text-align: justify;\">Contrairement au st\u00e9r\u00e9otype d&rsquo;un chercheur froid ax\u00e9 sur les profits sans \u00e9gard \u00e0 l&rsquo;\u00e9thique, Yoshua a la r\u00e9putation d&rsquo;\u00eatre dot\u00e9 d&rsquo;une grande conscience soci\u00e9tale. Il ne veut pas que des robots et des machines s&rsquo;occupent de nos enfants, a\u00een\u00e9s, malades.<\/p>\n<p style=\"text-align: justify;\">D\u00e8s la fin de l&rsquo;ann\u00e9e 2018, un <a href=\"https:\/\/ici.radio-canada.ca\/nouvelle\/1081709\/technologie-montreal-saint-urbain-intelligence-artificielle\" target=\"_blank\" rel=\"noopener\">centre d&rsquo;excellence en intelligence artificielle devrait \u00eatre actif dans le quartier Mile-Ex de Montr\u00e9al<\/a>.<\/p>\n<p>C\u00e9line Dion<\/p>\n<p><strong><em>Source<\/em><\/strong><\/p>\n<p><em><a href=\"https:\/\/www.fetenationale.quebec\/fr\/a-propos\/inventeurs\" target=\"_blank\" rel=\"noopener\">F\u00eate nationale du Qu\u00e9bec \u2013 Histoire de h\u00e9ros<\/a>, publi\u00e9 avec l&rsquo;\u00e9dition du Journal de Montr\u00e9al de samedi, 16 juin 2018.<\/em><\/p>\n","protected":false},"excerpt":{"rendered":"<p>Les r\u00e9centes chroniques de Michel Gagn\u00e9 et Denis Charron sur l&rsquo;intelligence artificielle (IA) m&rsquo;ont donn\u00e9 le go\u00fbt d&rsquo;\u00e9crire sur le m\u00eame sujet. Nous avons, ici au Qu\u00e9bec, un \u00e9norme potentiel de d\u00e9veloppement dans le domaine de l&rsquo;IA, gr\u00e2ce \u00e0 un bassin non n\u00e9gligeable de sp\u00e9cialistes en la mati\u00e8re.<\/p>\n","protected":false},"author":43,"featured_media":0,"comment_status":"open","ping_status":"closed","sticky":false,"template":"","format":"standard","meta":{"footnotes":""},"categories":[403],"tags":[731,811],"class_list":["post-21731","post","type-post","status-publish","format-standard","hentry","category-applications","tag-intelligence-artificielle","tag-yoshua-bengio"],"_links":{"self":[{"href":"https:\/\/cimbcc.org\/test2\/wp-json\/wp\/v2\/posts\/21731","targetHints":{"allow":["GET"]}}],"collection":[{"href":"https:\/\/cimbcc.org\/test2\/wp-json\/wp\/v2\/posts"}],"about":[{"href":"https:\/\/cimbcc.org\/test2\/wp-json\/wp\/v2\/types\/post"}],"author":[{"embeddable":true,"href":"https:\/\/cimbcc.org\/test2\/wp-json\/wp\/v2\/users\/43"}],"replies":[{"embeddable":true,"href":"https:\/\/cimbcc.org\/test2\/wp-json\/wp\/v2\/comments?post=21731"}],"version-history":[{"count":6,"href":"https:\/\/cimbcc.org\/test2\/wp-json\/wp\/v2\/posts\/21731\/revisions"}],"predecessor-version":[{"id":25092,"href":"https:\/\/cimbcc.org\/test2\/wp-json\/wp\/v2\/posts\/21731\/revisions\/25092"}],"wp:attachment":[{"href":"https:\/\/cimbcc.org\/test2\/wp-json\/wp\/v2\/media?parent=21731"}],"wp:term":[{"taxonomy":"category","embeddable":true,"href":"https:\/\/cimbcc.org\/test2\/wp-json\/wp\/v2\/categories?post=21731"},{"taxonomy":"post_tag","embeddable":true,"href":"https:\/\/cimbcc.org\/test2\/wp-json\/wp\/v2\/tags?post=21731"}],"curies":[{"name":"wp","href":"https:\/\/api.w.org\/{rel}","templated":true}]}}