{"id":21776,"date":"2018-07-16T21:00:01","date_gmt":"2018-07-17T01:00:01","guid":{"rendered":"https:\/\/cimbcc.org\/test2\/?p=21776"},"modified":"2023-10-16T22:14:48","modified_gmt":"2023-10-17T02:14:48","slug":"nouvelle-loi-sur-le-cellulaire-au-volant-permis-ou-interdit","status":"publish","type":"post","link":"https:\/\/cimbcc.org\/test2\/nouvelle-loi-sur-le-cellulaire-au-volant-permis-ou-interdit\/","title":{"rendered":"Nouvelle loi sur le cellulaire au volant: permis ou interdit?"},"content":{"rendered":"<figure id=\"attachment_24081\" aria-describedby=\"caption-attachment-24081\" style=\"width: 125px\" class=\"wp-caption aligncenter\"><img loading=\"lazy\" decoding=\"async\" class=\"size-full wp-image-24081\" src=\"https:\/\/cimbcc.org\/test2\/wp-content\/uploads\/photo_charron_denis.jpg\" alt=\"\" width=\"125\" height=\"125\" \/><figcaption id=\"caption-attachment-24081\" class=\"wp-caption-text\">mmmDenis Charron<\/figcaption><\/figure>\n<p style=\"text-align: justify;\">Depuis le 30 juin, les r\u00e8gles au sujet de l&rsquo;utilisation du cellulaire au volant et, m\u00eame, en v\u00e9lo sont devenues plus s\u00e9v\u00e8res et les amendes plus sal\u00e9es. Connaissez-vous les changements qui ont \u00e9t\u00e9 apport\u00e9s au <em>Code de la route<\/em> ?<\/p>\n<p style=\"text-align: justify;\"><!--more--><\/p>\n<p style=\"text-align: justify;\">Pour \u00e9viter de payer pour l&rsquo;apprendre, prenez le temps de lire cet article du <em>CAA-Qu\u00e9bec<\/em> <a href=\"https:\/\/www.caaquebec.com\/fr\/actualite\/nouvelles\/article\/nouvelle-loi-sur-le-cellulaire-au-volant-permis-ou-interdit-les-reponses-ici\/\" target=\"_blank\" rel=\"noopener\">en cliquant ici<\/a>.<\/p>\n<p style=\"text-align: justify;\">Denis Charron<\/p>\n","protected":false},"excerpt":{"rendered":"<p>Depuis le 30 juin, les r\u00e8gles au sujet de l&rsquo;utilisation du cellulaire au volant et, m\u00eame, en v\u00e9lo sont devenues plus s\u00e9v\u00e8res et les amendes plus sal\u00e9es. Connaissez-vous les changements qui ont \u00e9t\u00e9 apport\u00e9s au Code de la route ?<\/p>\n","protected":false},"author":43,"featured_media":0,"comment_status":"open","ping_status":"closed","sticky":false,"template":"","format":"standard","meta":{"footnotes":""},"categories":[24],"tags":[813,629,812,814,508],"class_list":["post-21776","post","type-post","status-publish","format-standard","hentry","category-conseils-pratiques","tag-amendes","tag-automobile","tag-bicyclette","tag-code-de-la-route","tag-telephone-cellulaire"],"_links":{"self":[{"href":"https:\/\/cimbcc.org\/test2\/wp-json\/wp\/v2\/posts\/21776","targetHints":{"allow":["GET"]}}],"collection":[{"href":"https:\/\/cimbcc.org\/test2\/wp-json\/wp\/v2\/posts"}],"about":[{"href":"https:\/\/cimbcc.org\/test2\/wp-json\/wp\/v2\/types\/post"}],"author":[{"embeddable":true,"href":"https:\/\/cimbcc.org\/test2\/wp-json\/wp\/v2\/users\/43"}],"replies":[{"embeddable":true,"href":"https:\/\/cimbcc.org\/test2\/wp-json\/wp\/v2\/comments?post=21776"}],"version-history":[{"count":5,"href":"https:\/\/cimbcc.org\/test2\/wp-json\/wp\/v2\/posts\/21776\/revisions"}],"predecessor-version":[{"id":25091,"href":"https:\/\/cimbcc.org\/test2\/wp-json\/wp\/v2\/posts\/21776\/revisions\/25091"}],"wp:attachment":[{"href":"https:\/\/cimbcc.org\/test2\/wp-json\/wp\/v2\/media?parent=21776"}],"wp:term":[{"taxonomy":"category","embeddable":true,"href":"https:\/\/cimbcc.org\/test2\/wp-json\/wp\/v2\/categories?post=21776"},{"taxonomy":"post_tag","embeddable":true,"href":"https:\/\/cimbcc.org\/test2\/wp-json\/wp\/v2\/tags?post=21776"}],"curies":[{"name":"wp","href":"https:\/\/api.w.org\/{rel}","templated":true}]}}