{"id":21988,"date":"2018-08-09T00:00:14","date_gmt":"2018-08-09T04:00:14","guid":{"rendered":"https:\/\/cimbcc.org\/test2\/?p=21988"},"modified":"2023-10-16T22:14:48","modified_gmt":"2023-10-17T02:14:48","slug":"mot-du-president-aout-2018","status":"publish","type":"post","link":"https:\/\/cimbcc.org\/test2\/mot-du-president-aout-2018\/","title":{"rendered":"Mot du pr\u00e9sident &#8211; ao\u00fbt 2018"},"content":{"rendered":"<figure id=\"attachment_23836\" aria-describedby=\"caption-attachment-23836\" style=\"width: 125px\" class=\"wp-caption aligncenter\"><img loading=\"lazy\" decoding=\"async\" class=\"size-full wp-image-23836\" src=\"https:\/\/cimbcc.org\/test2\/wp-content\/uploads\/photo_cote_rejean.jpg\" alt=\"\" width=\"125\" height=\"125\" \/><figcaption id=\"caption-attachment-23836\" class=\"wp-caption-text\"><span style=\"color: #ffffff;\">mmmm<\/span>R\u00e9jean C\u00f4t\u00e9<\/figcaption><\/figure>\n<p style=\"text-align: justify;\">Nous avons v\u00e9cu un \u00e9t\u00e9 assez sp\u00e9cial cette ann\u00e9e et si vous \u00eates comme moi, j\u2019ai bien h\u00e2te aux journ\u00e9es et aux nuits plus fraiches du mois de septembre.<\/p>\n<p style=\"text-align: justify;\">Septembre annonce aussi la rentr\u00e9e du <strong><em>CIMBCC<\/em><\/strong>. Tout comme par les ann\u00e9es pass\u00e9es, je suis toujours aussi f\u00e9brile de commencer la nouvelle saison au <strong><em>club Informatique<\/em> <\/strong>et rencontrer les membres, anciens et nouveaux .<\/p>\n<p style=\"text-align: justify;\"><!--more--><\/p>\n<p style=\"text-align: justify;\">Chaque responsable a r\u00e9uni leurs pr\u00e9sentateurs(trices) et leurs instructeurs(trices) au \u00a0mois de mai et juin pour la mise en place des activit\u00e9s pr\u00e9vues pour la session <strong><em>automne<\/em><\/strong>\u00a0<strong>2018<\/strong> et le conseil d\u2019administration s\u2019est r\u00e9uni le 7\u00a0ao\u00fbt, afin de mettre en place le programme de cette nouvelle session.<\/p>\n<p style=\"text-align: justify;\">Fin ao\u00fbt, le club vous enverra un premier courriel de fin de semaine pour vous inviter \u00e0 renouveler votre adh\u00e9sion par la poste ou \u00e0 venir le faire en personne \u00e0 la <strong><em>Journ\u00e9e d\u2019information et d\u2019inscription<\/em><\/strong> qui aura lieu cette ann\u00e9e le <strong><em>mardi<\/em><\/strong><em> <strong>4\u00a0septembre<\/strong><\/em> <em>au <strong>Centre communautaire <\/strong>de<strong> Saint-Bruno<\/strong><\/em>. Plus de 20\u00a0b\u00e9n\u00e9voles du <strong><em>CIMBCC<\/em><\/strong> seront sur place d\u00e8s<strong> <em>14\u00a0heures<\/em><\/strong> pour vous accueillir. Je vous encourage \u00e0 inviter parents et amis \u00e0 vous accompagner pour qu\u2019ils prennent connaissance des activit\u00e9s du <strong><em>Club informatique Mont-Bruno<\/em><\/strong> et en devenir membres, s\u2019ils le d\u00e9sirent.<\/p>\n<p style=\"text-align: justify;\">Comme par le pass\u00e9, la <strong><em>Journ\u00e9e d\u2019information et d\u2019inscription<\/em><\/strong> sera aussi l\u2019occasion de pr\u00e9senter le programme complet de la nouvelle <strong><em>session 2018<\/em><\/strong>, ce qui sera fait \u00e0 trois reprises\u00a0: \u00e0 <strong><em>14\u00a0h\u00a030<\/em><\/strong><em>, \u00e0 <strong>16\u00a0h<\/strong> et \u00e0 <strong>19\u00a0h\u00a030<\/strong><\/em>. Cette ann\u00e9e encore, le club aura quelques nouveaut\u00e9s \u00e0 offrir \u00e0 ses membres, nouveaut\u00e9s qui sauront s\u00fbrement vous plaire.<\/p>\n<p style=\"text-align: justify;\">Comme l\u2019ann\u00e9e derni\u00e8re, les <strong><em>s\u00e9ances de pr\u00e9sentations<\/em> <\/strong>seront pr\u00e9sent\u00e9es en rafale. Pendant la <strong><em>session d\u2019automne<\/em><\/strong>, toutes les s\u00e9ances de la <a href=\"https:\/\/cimbcc.org\/test2\/wp-content\/uploads\/Calendrier_des_presentations_2018-2019_Facile.pdf\" target=\"_blank\" rel=\"noopener\"><strong>s\u00e9rie <em>Facile<\/em><\/strong><\/a> seront pr\u00e9sent\u00e9es le vendredi et toutes les s\u00e9ances de la <a href=\"https:\/\/cimbcc.org\/test2\/wp-content\/uploads\/Calendrier_des_presentations_2018-2019_Decouverte.pdf\" target=\"_blank\" rel=\"noopener\"><strong>s\u00e9rie <em>D\u00e9couverte<\/em><\/strong><\/a> seront pr\u00e9sent\u00e9es le mercredi. Pendant la <strong><em>session d\u2019hiver<\/em><\/strong>, toutes les s\u00e9ances de la <strong>s\u00e9rie <em>Facile<\/em><\/strong> seront pr\u00e9sent\u00e9es le mercredi et toutes les s\u00e9ances de la <strong>s\u00e9rie <em>D\u00e9couverte<\/em><\/strong> seront pr\u00e9sent\u00e9es le vendredi. Pour acc\u00e9der aux <strong><em>Calendriers et notes de pr\u00e9sentations<\/em><\/strong>, cliquer sur le lien \u00e0 droite de la <a href=\"https:\/\/cimbcc.org\/test2\/\" target=\"_blank\" rel=\"noopener\">page d\u2019accueil du site Web du club<\/a>.<\/p>\n<p style=\"text-align: justify;\">Les douze <strong><em>ateliers<\/em><\/strong> offerts durant l\u2019automne\u00a0<strong><em>2018<\/em><\/strong> sont d\u00e9j\u00e0 d\u00e9crits sur le site Web du club. Vous pouvez d\u00e8s maintenant en consulter leurs contenus et leurs coordonn\u00e9es\u00a0<a href=\"https:\/\/cimbcc.org\/test2\/activites\/les-ateliers\" target=\"_blank\" rel=\"noopener\">en cliquant ici<\/a>. Les membres recevront un courriel de lancement de l\u2019inscription aux ateliers<strong><em> Automne 2018<\/em><\/strong> deux semaines avant le d\u00e9but de celle-ci, et les inscriptions commenceront le mercredi <strong><em>5\u00a0septembre<\/em><\/strong> \u00e0 midi, ce qui vous laissera amplement le temps de prendre une d\u00e9cision.\u00a0La mani\u00e8re de s\u2019inscrire demeure inchang\u00e9e, elle se fera en ligne en remplissant le formulaire qui se trouve au bas de la page de chacun des ateliers ouverts \u00e0 l\u2019inscription <strong><em>Automne 2018<\/em><\/strong>.<\/p>\n<p style=\"text-align: justify;\">Au plaisir de vous revoir bient\u00f4t, votre pr\u00e9sident qui, encore une fois, a bien h\u00e2te \u00e0 la rentr\u00e9e et a h\u00e2te aussi de vous rencontrer de nouveau.<\/p>\n<p style=\"text-align: justify;\">R\u00e9jean\u00a0C\u00f4t\u00e9, pr\u00e9sident<\/p>\n<p>&nbsp;<\/p>\n","protected":false},"excerpt":{"rendered":"<p>Nous avons v\u00e9cu un \u00e9t\u00e9 assez sp\u00e9cial cette ann\u00e9e et si vous \u00eates comme moi, j\u2019ai bien h\u00e2te aux journ\u00e9es et aux nuits plus fraiches du mois de septembre. Septembre annonce aussi la rentr\u00e9e du CIMBCC. Tout comme par les ann\u00e9es pass\u00e9es, je suis toujours aussi f\u00e9brile de commencer la nouvelle saison au club Informatique &hellip; <a href=\"https:\/\/cimbcc.org\/test2\/mot-du-president-aout-2018\/\" class=\"more-link\">Continuer la lecture de <span class=\"screen-reader-text\">Mot du pr\u00e9sident &#8211; ao\u00fbt 2018<\/span>  <span class=\"meta-nav\">&rarr;<\/span><\/a><\/p>\n","protected":false},"author":43,"featured_media":0,"comment_status":"open","ping_status":"closed","sticky":false,"template":"","format":"standard","meta":{"footnotes":""},"categories":[11],"tags":[269,371,370,143,271],"class_list":["post-21988","post","type-post","status-publish","format-standard","hentry","category-mots-du-president","tag-ateliers","tag-decouverte","tag-facile","tag-journee-dinformation-et-dinscription","tag-presentations"],"_links":{"self":[{"href":"https:\/\/cimbcc.org\/test2\/wp-json\/wp\/v2\/posts\/21988","targetHints":{"allow":["GET"]}}],"collection":[{"href":"https:\/\/cimbcc.org\/test2\/wp-json\/wp\/v2\/posts"}],"about":[{"href":"https:\/\/cimbcc.org\/test2\/wp-json\/wp\/v2\/types\/post"}],"author":[{"embeddable":true,"href":"https:\/\/cimbcc.org\/test2\/wp-json\/wp\/v2\/users\/43"}],"replies":[{"embeddable":true,"href":"https:\/\/cimbcc.org\/test2\/wp-json\/wp\/v2\/comments?post=21988"}],"version-history":[{"count":13,"href":"https:\/\/cimbcc.org\/test2\/wp-json\/wp\/v2\/posts\/21988\/revisions"}],"predecessor-version":[{"id":25942,"href":"https:\/\/cimbcc.org\/test2\/wp-json\/wp\/v2\/posts\/21988\/revisions\/25942"}],"wp:attachment":[{"href":"https:\/\/cimbcc.org\/test2\/wp-json\/wp\/v2\/media?parent=21988"}],"wp:term":[{"taxonomy":"category","embeddable":true,"href":"https:\/\/cimbcc.org\/test2\/wp-json\/wp\/v2\/categories?post=21988"},{"taxonomy":"post_tag","embeddable":true,"href":"https:\/\/cimbcc.org\/test2\/wp-json\/wp\/v2\/tags?post=21988"}],"curies":[{"name":"wp","href":"https:\/\/api.w.org\/{rel}","templated":true}]}}