{"id":22198,"date":"2018-08-23T07:00:01","date_gmt":"2018-08-23T11:00:01","guid":{"rendered":"https:\/\/cimbcc.org\/test2\/?p=22198"},"modified":"2023-10-16T22:14:48","modified_gmt":"2023-10-17T02:14:48","slug":"echos-du-conseil-dadministration-7-aout-2018","status":"publish","type":"post","link":"https:\/\/cimbcc.org\/test2\/echos-du-conseil-dadministration-7-aout-2018\/","title":{"rendered":"\u00c9chos du conseil d\u2019administration \u2014 7 ao\u00fbt 2018"},"content":{"rendered":"<figure id=\"attachment_21147\" aria-describedby=\"caption-attachment-21147\" style=\"width: 451px\" class=\"wp-caption aligncenter\"><img loading=\"lazy\" decoding=\"async\" class=\" wp-image-21147\" src=\"https:\/\/cimbcc.org\/test2\/wp-content\/uploads\/CIMBCC-2018-2019r-300x137.jpg\" alt=\"CA 2018-2019\" width=\"451\" height=\"206\" srcset=\"https:\/\/cimbcc.org\/test2\/wp-content\/uploads\/CIMBCC-2018-2019r-300x137.jpg 300w, https:\/\/cimbcc.org\/test2\/wp-content\/uploads\/CIMBCC-2018-2019r.jpg 500w\" sizes=\"auto, (max-width: 451px) 100vw, 451px\" \/><figcaption id=\"caption-attachment-21147\" class=\"wp-caption-text\">Sur la premi\u00e8re rang\u00e9e : Huguette Turgeon, Danielle Bourque, Danielle Barab\u00e9, Berthe Demers, Sylvie Mazur. Sur la deuxi\u00e8me rang\u00e9e : Michel C\u00f4t\u00e9, Jacques Lalibert\u00e9, Michel Gagn\u00e9, Richard Gervais, R\u00e9jean C\u00f4t\u00e9.<\/figcaption><\/figure>\n<p style=\"text-align: justify;\">La r\u00e9union du conseil d\u2019administration du d\u00e9but d\u2019ao\u00fbt a \u00e9t\u00e9 l\u2019occasion de s\u2019informer et d\u2019orienter certaines activit\u00e9s du club. Ainsi, il y a \u00e9t\u00e9 question du renouvellement des adh\u00e9sions, de la pr\u00e9paration de la <em>Journ\u00e9e d\u2019information et d\u2019inscription<\/em> du 4 septembre prochain, des b\u00e9n\u00e9voles, d\u2019un outil de gestion des b\u00e9n\u00e9voles et des manifestations de notre reconnaissance, de la page Facebook du club et des s\u00e9ances d\u2019information des s\u00e9ries <em>Facile<\/em> et <em>D\u00e9couverte<\/em> pour 2018-2019.<\/p>\n<p><!--more--><\/p>\n<p><strong>\u00a0<\/strong><strong>Renouvellement des adh\u00e9sions<\/strong><\/p>\n<p style=\"text-align: justify;\">\u00c0 la veille de la campagne de renouvellement des adh\u00e9sions, le club compte 696 membres. Tous ces membres recevront le 19 ao\u00fbt un message \u00e9lectronique accompagn\u00e9 d\u2019un formulaire de renouvellement. Ils seront invit\u00e9s \u00e0 imprimer ce formulaire, \u00e0 le remplir et \u00e0 l\u2019exp\u00e9dier avec leur ch\u00e8que \u00e0 la responsable du registre.<\/p>\n<p style=\"text-align: justify;\">Les renouvellements et les nouvelles adh\u00e9sions pourront aussi \u00eatre enregistr\u00e9s pendant la <em>Journ\u00e9e d\u2019information et d\u2019inscription<\/em> et par les b\u00e9n\u00e9voles de l\u2019accueil des s\u00e9ances d\u2019information du mercredi et du vendredi.<\/p>\n<p><strong><em>Journ\u00e9e d\u2019information et d\u2019inscription<\/em> \u2014 4 septembre 2018<\/strong><\/p>\n<p style=\"text-align: justify;\">Danielle Bourque a accept\u00e9 de coordonner encore une fois la planification et la r\u00e9alisation de cette importante journ\u00e9e annuelle o\u00f9 plus de 28\u00a0b\u00e9n\u00e9voles seront mis \u00e0 contribution pour accueillir les membres et les citoyens, enregistrer leur adh\u00e9sion et les informer des activit\u00e9s propos\u00e9es par le club. Cette journ\u00e9e sera annonc\u00e9e dans les journaux locaux \u00e0 la fin d\u2019ao\u00fbt et un rappel sera envoy\u00e9 par courriel aux membres du club. Comme la plus forte affluence a \u00e9t\u00e9 observ\u00e9e dans le pass\u00e9 \u00e0 la s\u00e9ance d\u2019information de 14\u00a0h\u00a030, il est recommand\u00e9 de se pr\u00e9senter aux s\u00e9ances d\u2019information de 16\u00a0h ou de 19\u00a0h\u00a030.<\/p>\n<p><strong>\u00a0<\/strong><strong>B\u00e9n\u00e9voles<\/strong><\/p>\n<p style=\"text-align: justify;\">Le club peut compter sur la contribution de 77 b\u00e9n\u00e9voles, dont trois nouveaux venus\u00a0: Denis Gravel, Robert Lachance et Gilles Lepage qui animeront des pr\u00e9sentations dans la s\u00e9rie <em>D\u00e9couverte<\/em>.<\/p>\n<p style=\"text-align: justify;\">Nicole Godin, qui est responsable de la gestion des b\u00e9n\u00e9voles, s\u2019est aussi jointe \u00e0 l\u2019\u00e9quipe des webmestres o\u00f9 elle devient responsable des galeries de photos sur le site Web du club.<\/p>\n<p><strong>Gestion des b\u00e9n\u00e9voles et manifestations de notre reconnaissance <\/strong><\/p>\n<p style=\"text-align: justify;\">Depuis quelques ann\u00e9es, le conseil d\u2019administration veille r\u00e9guli\u00e8rement \u00e0 manifester notre reconnaissance aux b\u00e9n\u00e9voles qui rendent possibles les activit\u00e9s du club. Le conseil s\u2019est donc dot\u00e9 d\u2019un document de r\u00e9f\u00e9rence o\u00f9 il d\u00e9finit le b\u00e9n\u00e9vole r\u00e9gulier ainsi que les avantages qui lui sont accord\u00e9s et \u00e0 quelles conditions. Ce document est devenu n\u00e9cessaire pour faire en sorte que les membres du conseil aient une compr\u00e9hension commune de la gestion des b\u00e9n\u00e9voles et des manifestations de notre reconnaissance. Il a principalement pour but d\u2019assurer l\u2019\u00e9quit\u00e9 dans le traitement des b\u00e9n\u00e9voles.<\/p>\n<p><strong>\u00a0<\/strong><strong>Page Facebook du club<\/strong><\/p>\n<p style=\"text-align: justify;\">Une page Facebook du club a \u00e9t\u00e9 cr\u00e9\u00e9e. Actuellement, cette page est fonctionnelle et un bouton existe sur la page d\u2019accueil du site Web du club. Elle est g\u00e9r\u00e9e par trois administrateurs\u00a0: Huguette Turgeon, Jacques Lalibert\u00e9 et C\u00e9line Dion, mais la participation d\u2019autres personnes est souhait\u00e9e parce que c\u2019est beaucoup de travail.<\/p>\n<p><strong>Orientations de la s\u00e9rie <em>Facile<\/em> pour 2018-2019<\/strong><\/p>\n<p style=\"text-align: justify;\">\u00c9tant donn\u00e9 le succ\u00e8s remport\u00e9 par les s\u00e9ances d\u2019information de la s\u00e9rie <em>Facile<\/em> l\u2019an dernier, il y aura peu de changements \u00e0 cette activit\u00e9 cette ann\u00e9e. Les onze\u00a0s\u00e9ances de cette s\u00e9rie seront pr\u00e9sent\u00e9es en rafale, le vendredi apr\u00e8s-midi\u00a0durant l\u2019automne (d\u00e8s le 14 septembre) et le mercredi soir durant l\u2019hiver. Un dipl\u00f4me sera encore d\u00e9cern\u00e9 aux participants les plus assidus. On peut acc\u00e9der au programme de cette s\u00e9rie <em>Facile<\/em> par la page d\u2019accueil du site Web en cliquant <a href=\"https:\/\/cimbcc.org\/test2\/\" target=\"_blank\" rel=\"noopener\">ici<\/a>.<\/p>\n<p><strong>Orientations de la s\u00e9rie <em>D\u00e9couverte<\/em> pour 2018-2019<\/strong><\/p>\n<p style=\"text-align: justify;\">L\u2019objectif de fournir aux membres une information vari\u00e9e sera particuli\u00e8rement atteint avec le programme de la s\u00e9rie <em>D\u00e9couverte<\/em>. En effet, tous les sujets trait\u00e9s cette ann\u00e9e sont nouveaux ou n\u2019ont fait l\u2019objet d\u2019aucune pr\u00e9sentation depuis deux ans. Cette s\u00e9rie sera pr\u00e9sent\u00e9e le mercredi soir durant l\u2019automne (d\u00e8s le 12 septembre) et le vendredi apr\u00e8s-midi durant l\u2019hiver. On peut acc\u00e9der au programme de cette s\u00e9rie <em>D\u00e9couverte<\/em> par la page d\u2019accueil du site Web en cliquant <a href=\"https:\/\/cimbcc.org\/test2\/\" target=\"_blank\" rel=\"noopener\">ici<\/a>.<\/p>\n<p>Sylvie Mazur, secr\u00e9taire du CIMBCC<\/p>\n","protected":false},"excerpt":{"rendered":"<p>La r\u00e9union du conseil d\u2019administration du d\u00e9but d\u2019ao\u00fbt a \u00e9t\u00e9 l\u2019occasion de s\u2019informer et d\u2019orienter certaines activit\u00e9s du club. Ainsi, il y a \u00e9t\u00e9 question du renouvellement des adh\u00e9sions, de la pr\u00e9paration de la Journ\u00e9e d\u2019information et d\u2019inscription du 4 septembre prochain, des b\u00e9n\u00e9voles, d\u2019un outil de gestion des b\u00e9n\u00e9voles et des manifestations de notre &hellip; <a href=\"https:\/\/cimbcc.org\/test2\/echos-du-conseil-dadministration-7-aout-2018\/\" class=\"more-link\">Continuer la lecture de <span class=\"screen-reader-text\">\u00c9chos du conseil d\u2019administration \u2014 7 ao\u00fbt 2018<\/span>  <span class=\"meta-nav\">&rarr;<\/span><\/a><\/p>\n","protected":false},"author":43,"featured_media":0,"comment_status":"open","ping_status":"closed","sticky":false,"template":"","format":"standard","meta":{"footnotes":""},"categories":[386],"tags":[126,371,20,370,143,271],"class_list":["post-22198","post","type-post","status-publish","format-standard","hentry","category-echos-du-conseil-dadministration","tag-benevoles","tag-decouverte","tag-facebook","tag-facile","tag-journee-dinformation-et-dinscription","tag-presentations"],"_links":{"self":[{"href":"https:\/\/cimbcc.org\/test2\/wp-json\/wp\/v2\/posts\/22198","targetHints":{"allow":["GET"]}}],"collection":[{"href":"https:\/\/cimbcc.org\/test2\/wp-json\/wp\/v2\/posts"}],"about":[{"href":"https:\/\/cimbcc.org\/test2\/wp-json\/wp\/v2\/types\/post"}],"author":[{"embeddable":true,"href":"https:\/\/cimbcc.org\/test2\/wp-json\/wp\/v2\/users\/43"}],"replies":[{"embeddable":true,"href":"https:\/\/cimbcc.org\/test2\/wp-json\/wp\/v2\/comments?post=22198"}],"version-history":[{"count":7,"href":"https:\/\/cimbcc.org\/test2\/wp-json\/wp\/v2\/posts\/22198\/revisions"}],"predecessor-version":[{"id":22211,"href":"https:\/\/cimbcc.org\/test2\/wp-json\/wp\/v2\/posts\/22198\/revisions\/22211"}],"wp:attachment":[{"href":"https:\/\/cimbcc.org\/test2\/wp-json\/wp\/v2\/media?parent=22198"}],"wp:term":[{"taxonomy":"category","embeddable":true,"href":"https:\/\/cimbcc.org\/test2\/wp-json\/wp\/v2\/categories?post=22198"},{"taxonomy":"post_tag","embeddable":true,"href":"https:\/\/cimbcc.org\/test2\/wp-json\/wp\/v2\/tags?post=22198"}],"curies":[{"name":"wp","href":"https:\/\/api.w.org\/{rel}","templated":true}]}}