{"id":22215,"date":"2018-09-04T22:00:26","date_gmt":"2018-09-05T02:00:26","guid":{"rendered":"https:\/\/cimbcc.org\/test2\/?p=22215"},"modified":"2023-10-16T22:14:47","modified_gmt":"2023-10-17T02:14:47","slug":"mot-du-president-septembre-2018","status":"publish","type":"post","link":"https:\/\/cimbcc.org\/test2\/mot-du-president-septembre-2018\/","title":{"rendered":"Mot du pr\u00e9sident &#8211; septembre 2018"},"content":{"rendered":"<figure id=\"attachment_23836\" aria-describedby=\"caption-attachment-23836\" style=\"width: 125px\" class=\"wp-caption aligncenter\"><img loading=\"lazy\" decoding=\"async\" class=\"size-full wp-image-23836\" src=\"https:\/\/cimbcc.org\/test2\/wp-content\/uploads\/photo_cote_rejean.jpg\" alt=\"\" width=\"125\" height=\"125\" \/><figcaption id=\"caption-attachment-23836\" class=\"wp-caption-text\"><span style=\"color: #ffffff;\">mmmm<\/span>R\u00e9jean C\u00f4t\u00e9<\/figcaption><\/figure>\n<p style=\"text-align: justify;\">L\u2019automne est maintenant \u00e0 nos portes et les activit\u00e9s de CIMBCC d\u00e9butent sous peu. D\u00e9j\u00e0, plusieurs nouveaux membres se sont inscrits au club et j\u2019aimerais leur souhaiter la bienvenue.<\/p>\n<p style=\"text-align: justify;\">J\u2019aimerais aussi remercier les membres qui veulent encore en apprendre davantage et qui ont renouvel\u00e9 leur adh\u00e9sion pour une autre ann\u00e9e. De vous savoir l\u00e0 confiants et int\u00e9ress\u00e9s \u00e0 en apprendre encore plus en informatique, nous motive \u00e0 pers\u00e9v\u00e9rer dans l\u2019am\u00e9lioration des services offerts aux membres du club.<\/p>\n<p><!--more--><\/p>\n<p style=\"text-align: justify;\">La <strong><em>Journ\u00e9e d\u2019information et d\u2019inscription<\/em><\/strong> du mardi 4\u00a0septembre a \u00e9t\u00e9 tr\u00e8s appr\u00e9ci\u00e9e par les membres. Danielle\u00a0Bourque en \u00e9tait la responsable aid\u00e9e par 28\u00a0b\u00e9n\u00e9voles. Les b\u00e9n\u00e9voles ont accueilli membres et visiteurs au <a href=\"https:\/\/cimbcc.org\/test2\/centre-communautaire\" target=\"_blank\" rel=\"noopener noreferrer\"><strong><em>Centre communautaire de Saint-Bruno<\/em><\/strong><\/a>. Ce sont 169 personnes qui y sont venues pour renouveler leur adh\u00e9sion, pour s\u2019informer sur\u00a0les services offerts par le club et pour certains, devenir de nouveaux membres du club.<\/p>\n<hr \/>\n<p style=\"text-align: justify;\">Sous la coordination de Guy\u00a0B\u00e9langer et de C\u00e9line Dufresne,\u00a0 le club vous offrira cette ann\u00e9e 46\u00a0s\u00e9ances de pr\u00e9sentations. Comme pour l\u2019ann\u00e9e derni\u00e8re, les pr\u00e9sentations de la\u00a0<strong><a href=\"https:\/\/cimbcc.org\/test2\/wp-content\/uploads\/Calendrier_des_presentations_2018-2019_Facile.pdf\" target=\"_blank\" rel=\"noopener noreferrer\">s\u00e9rie\u00a0<\/a><em><a href=\"https:\/\/cimbcc.org\/test2\/wp-content\/uploads\/Calendrier_des_presentations_2018-2019_Facile.pdf\" target=\"_blank\" rel=\"noopener noreferrer\">Facile<\/a>\u00a0<\/em><\/strong>seront pr\u00e9sent\u00e9es en rafale, tous les <strong>vendredis<\/strong>, pour la session d\u2019automne, et tous les mercredis pour la session d\u2019hiver, tandis que les pr\u00e9sentations\u00a0 de la <a href=\"https:\/\/cimbcc.org\/test2\/wp-content\/uploads\/Calendrier_des_presentations_2018-2019_Decouverte.pdf\" target=\"_blank\" rel=\"noopener noreferrer\"><strong>s\u00e9rie <em>D\u00e9couverte<\/em><\/strong><\/a> seront pr\u00e9sent\u00e9es en rafale, tous les <strong>mercredis<\/strong>, pour la session d\u2019automne, et tous les vendredis, pour la session d\u2019hiver.<\/p>\n<p style=\"text-align: justify;\">En septembre, les deux premi\u00e8res pr\u00e9sentations porteront sur le navigateur <a href=\"https:\/\/fr.wikipedia.org\/wiki\/Google_Chrome\" target=\"_blank\" rel=\"noopener noreferrer\"><strong><em>Chrome<\/em><\/strong><\/a>, car c\u2019est ce navigateur qui sera utilis\u00e9 pour les pr\u00e9sentations.<\/p>\n<p style=\"text-align: justify;\">Les pr\u00e9sentations populaires seront de retour cette ann\u00e9e comme, <a href=\"https:\/\/fr.wikipedia.org\/wiki\/Wikip%C3%A9dia\" target=\"_blank\" rel=\"noopener noreferrer\">Wikip\u00e9dia<\/a>, <a href=\"https:\/\/fr.wikipedia.org\/wiki\/Facebook\" target=\"_blank\" rel=\"noopener noreferrer\">Facebook<\/a>, la <a href=\"https:\/\/fr.wikipedia.org\/wiki\/Photographie_num%C3%A9rique\" target=\"_blank\" rel=\"noopener noreferrer\">photo num\u00e9rique<\/a>, <a href=\"https:\/\/fr.wikipedia.org\/wiki\/Gmail\" target=\"_blank\" rel=\"noopener noreferrer\">Gmail<\/a>, <a href=\"https:\/\/fr.wikipedia.org\/wiki\/Windows_Defender\" target=\"_blank\" rel=\"noopener noreferrer\">Windows Defender<\/a>, <a href=\"https:\/\/fr.wikipedia.org\/wiki\/Outlook.com\" target=\"_blank\" rel=\"noopener noreferrer\">Outlook.com<\/a> et la gestion des <a href=\"https:\/\/fr.wikipedia.org\/wiki\/R%C3%A9pertoire_(informatique)\" target=\"_blank\" rel=\"noopener noreferrer\">dossiers<\/a>.<\/p>\n<p style=\"text-align: justify;\">Il y aura\u00a0aussi des nouveaut\u00e9s comme, les <a href=\"https:\/\/fr.wikipedia.org\/wiki\/Smartphone\" target=\"_blank\" rel=\"noopener noreferrer\">t\u00e9l\u00e9phones intelligents<\/a>, <a href=\"https:\/\/fr.wikipedia.org\/wiki\/Google_Home\" target=\"_blank\" rel=\"noopener noreferrer\">Google Home<\/a>, <a href=\"https:\/\/fr.wikipedia.org\/wiki\/Linux\" target=\"_blank\" rel=\"noopener noreferrer\">Linux<\/a>, les param\u00e8tres de <a href=\"https:\/\/fr.wikipedia.org\/wiki\/Historique_des_versions_de_Windows_10\" target=\"_blank\" rel=\"noopener noreferrer\">Windows 10<\/a>, la tablette <a href=\"https:\/\/fr.wikipedia.org\/wiki\/Liseuse\" target=\"_blank\" rel=\"noopener noreferrer\">liseuse<\/a>, <a href=\"https:\/\/fr.wikipedia.org\/wiki\/Instagram\" target=\"_blank\" rel=\"noopener noreferrer\">Instagram<\/a>, <a href=\"https:\/\/fr.wikipedia.org\/wiki\/Twitter\" target=\"_blank\" rel=\"noopener noreferrer\">Twitter<\/a>, le transfert de vid\u00e9os sur <a href=\"https:\/\/fr.wikipedia.org\/wiki\/YouTube\" target=\"_blank\" rel=\"noopener noreferrer\">You Tube<\/a>, la plateforme <a href=\"https:\/\/fr.wikipedia.org\/wiki\/IFTTT\" target=\"_blank\" rel=\"noopener noreferrer\">Si ceci alors cela<\/a> et l\u2019<a href=\"https:\/\/fr.wikipedia.org\/wiki\/Internet_des_objets\" target=\"_blank\" rel=\"noopener noreferrer\">Internet des objets<\/a>.<\/p>\n<p>Pour en savoir plus sur les pr\u00e9sentations \u00e0 venir cette ann\u00e9e, je vous invite \u00e0 consulter les deux calendriers\u00a0de 2018-2019, en cliquant sur un des deux liens\u00a0suivants :<a href=\"https:\/\/cimbcc.org\/test2\/wp-content\/uploads\/Calendrier_des_presentations_2018-2019_Facile.pdf\" target=\"_blank\" rel=\"noopener noreferrer\"><img loading=\"lazy\" decoding=\"async\" class=\"aligncenter size-full wp-image-21881\" src=\"https:\/\/cimbcc.org\/test2\/wp-content\/uploads\/seances_presentations_vf-18-19_02.jpg\" alt=\"seances_presentations_vf-18-19_02\" width=\"300\" height=\"37\" \/><\/a><a href=\"https:\/\/cimbcc.org\/test2\/wp-content\/uploads\/Calendrier_des_presentations_2018-2019_Decouverte.pdf\" target=\"_blank\" rel=\"noopener noreferrer\"><img loading=\"lazy\" decoding=\"async\" class=\"aligncenter size-full wp-image-21882\" src=\"https:\/\/cimbcc.org\/test2\/wp-content\/uploads\/seances_presentations_vf-18-19_03.jpg\" alt=\"seances_presentations_vf-18-19_03\" width=\"300\" height=\"32\" \/><\/a>Pour revoir des pr\u00e9sentations des dix ann\u00e9es ant\u00e9rieures, cliquez sur ce lien :<a href=\"https:\/\/cimbcc.org\/test2\/wp-content\/uploads\/Archives-2009-2018.pdf\" target=\"_blank\" rel=\"noopener noreferrer\"><img loading=\"lazy\" decoding=\"async\" class=\"aligncenter size-full wp-image-21883\" src=\"https:\/\/cimbcc.org\/test2\/wp-content\/uploads\/seances_presentations_vf-18-19_04.jpg\" alt=\"seances_presentations_vf-18-19_04\" width=\"300\" height=\"37\" \/><\/a><\/p>\n<p style=\"text-align: justify;\">Le syst\u00e8me d\u2019\u00e9coute personnalis\u00e9 <em>D\u00c9CADE<\/em> est toujours disponible au <strong><a href=\"https:\/\/cimbcc.org\/test2\/chalet-marie-victorin-saint-bruno\" target=\"_blank\" rel=\"noopener noreferrer\">Chalet Marie-Victorin<\/a><\/strong> pour les membres qui le d\u00e9sirent. Bien que ce syst\u00e8me vise d\u2019abord \u00e0 faciliter l\u2019\u00e9coute pour les personnes malentendantes, il est accessible \u00e0 tous les participants des pr\u00e9sentations du mercredi et du vendredi. Pour en profiter, il vous suffit d\u2019apporter une petite radio FM munie d\u2019\u00e9couteurs, de syntoniser\u00a089,7 et d\u2019ajuster le volume \u00e0 votre convenance pour mieux entendre le pr\u00e9sentateur tout en n\u2019\u00e9tant nullement d\u00e9rang\u00e9 par les bruits autour de vous.<\/p>\n<hr \/>\n<p style=\"text-align: justify;\">Les deux responsables des ateliers, Berthe Demers et Danielle B\u00e9rub\u00e9 ont annonc\u00e9 que 12\u00a0ateliers seront offerts cet automne dans trois villes diff\u00e9rentes. Je vous invite \u00e0 consulter le site du club <a href=\"https:\/\/cimbcc.org\/test2\/activites\/les-ateliers\" target=\"_blank\" rel=\"noopener noreferrer\">en cliquant ici<\/a> pour prendre connaissance des ateliers propos\u00e9s aux membres.<\/p>\n<p style=\"text-align: justify;\">L\u2019animation d\u2019un atelier est tr\u00e8s valorisante et c\u2019est aussi une belle fa\u00e7on d\u2019approfondir un sujet qui vous tient \u00e0 c\u0153ur personnellement. Alors, si vous avez le go\u00fbt d\u2019animer un atelier sur un sujet qui vous passionne, contactez une des deux responsables et c\u2019est avec plaisir qu\u2019elles vous apporteront toute l\u2019aide n\u00e9cessaire \u00e0 la r\u00e9ussite de votre projet.<\/p>\n<hr \/>\n<p style=\"text-align: justify;\">Des cours d\u2019initiation \u00e0 l\u2019informatique seront encore offerts cette ann\u00e9e dans les biblioth\u00e8ques de <a href=\"https:\/\/cimbcc.org\/test2\/bibliotheque-de-saint-bruno\" target=\"_blank\" rel=\"noopener noreferrer\">Saint-Bruno<\/a>, <a href=\"https:\/\/cimbcc.org\/test2\/bibliotheque-de-saint-basile\" target=\"_blank\" rel=\"noopener noreferrer\">Saint-Basile<\/a> et <a href=\"https:\/\/cimbcc.org\/test2\/bibliotheque-de-sainte-julie\" target=\"_blank\" rel=\"noopener noreferrer\">Sainte-Julie<\/a>. Michel\u00a0Gagn\u00e9 en est le responsable depuis maintenant treize\u00a0ans. Ces cours portent sur des concepts de base de <a href=\"https:\/\/fr.wikipedia.org\/wiki\/Microsoft_Windows\" target=\"_blank\" rel=\"noopener noreferrer\">Windows<\/a>, d\u2019<a href=\"https:\/\/fr.wikipedia.org\/wiki\/Internet\" target=\"_blank\" rel=\"noopener noreferrer\">Internet<\/a> et du courrier \u00e9lectronique <a href=\"https:\/\/fr.wikipedia.org\/wiki\/Outlook.com\" target=\"_blank\" rel=\"noopener noreferrer\">Outlook.com<\/a>.<\/p>\n<p style=\"text-align: justify;\">Si vous connaissez des membres de votre famille ou de votre entourage qui aimeraient profiter de ces cours, dites-leur de communiquer avec Michel Gagn\u00e9 au 450-653-4973. <strong>Ces cours d\u2019initiation \u00e0 l\u2019informatique sont gratuits et il n\u2019est m\u00eame pas n\u00e9cessaire d\u2019\u00eatre un membre du club pour s\u2019y inscrire.<\/strong><\/p>\n<hr \/>\n<p style=\"text-align: justify;\">Le club compte actuellement 77\u00a0b\u00e9n\u00e9voles qui travaillent pour vous. Nous sommes toujours \u00e0 la recherche de nouveaux b\u00e9n\u00e9voles afin de continuer d\u2019offrir \u00e0 nos membres tous nos services actuels. Des b\u00e9n\u00e9voles plus nombreux permettront aussi d\u2019all\u00e9ger la t\u00e2che de nos \u00ab\u00a0super b\u00e9n\u00e9voles\u00a0\u00bb qu\u2019il faut surtout \u00e9viter d\u2019\u00e9puiser.<\/p>\n<p style=\"text-align: justify;\">Nous souhaitons la bienvenue \u00e0 ceux et celles qui veulent se joindre \u00e0 notre \u00e9quipe dynamique et professionnelle (ce n\u2019est pas moi qui le dis!). Votre participation est pr\u00e9cieuse et je dirais, m\u00eame n\u00e9cessaire au bon fonctionnement du club, car sans nos \u00ab\u00a0super b\u00e9n\u00e9voles\u00a0\u00bb, le club ne pourrait plus fonctionner.<\/p>\n<p>R\u00e9jean\u00a0C\u00f4t\u00e9, pr\u00e9sident<\/p>\n<p>&nbsp;<\/p>\n<p>&nbsp;<\/p>\n","protected":false},"excerpt":{"rendered":"<p>L\u2019automne est maintenant \u00e0 nos portes et les activit\u00e9s de CIMBCC d\u00e9butent sous peu. D\u00e9j\u00e0, plusieurs nouveaux membres se sont inscrits au club et j\u2019aimerais leur souhaiter la bienvenue. J\u2019aimerais aussi remercier les membres qui veulent encore en apprendre davantage et qui ont renouvel\u00e9 leur adh\u00e9sion pour une autre ann\u00e9e. De vous savoir l\u00e0 confiants &hellip; <a href=\"https:\/\/cimbcc.org\/test2\/mot-du-president-septembre-2018\/\" class=\"more-link\">Continuer la lecture de <span class=\"screen-reader-text\">Mot du pr\u00e9sident &#8211; septembre 2018<\/span>  <span class=\"meta-nav\">&rarr;<\/span><\/a><\/p>\n","protected":false},"author":43,"featured_media":0,"comment_status":"open","ping_status":"closed","sticky":false,"template":"","format":"standard","meta":{"footnotes":""},"categories":[11],"tags":[269,906,371,370,143,271],"class_list":["post-22215","post","type-post","status-publish","format-standard","hentry","category-mots-du-president","tag-ateliers","tag-cours-dans-les-bibliotheques","tag-decouverte","tag-facile","tag-journee-dinformation-et-dinscription","tag-presentations"],"_links":{"self":[{"href":"https:\/\/cimbcc.org\/test2\/wp-json\/wp\/v2\/posts\/22215","targetHints":{"allow":["GET"]}}],"collection":[{"href":"https:\/\/cimbcc.org\/test2\/wp-json\/wp\/v2\/posts"}],"about":[{"href":"https:\/\/cimbcc.org\/test2\/wp-json\/wp\/v2\/types\/post"}],"author":[{"embeddable":true,"href":"https:\/\/cimbcc.org\/test2\/wp-json\/wp\/v2\/users\/43"}],"replies":[{"embeddable":true,"href":"https:\/\/cimbcc.org\/test2\/wp-json\/wp\/v2\/comments?post=22215"}],"version-history":[{"count":17,"href":"https:\/\/cimbcc.org\/test2\/wp-json\/wp\/v2\/posts\/22215\/revisions"}],"predecessor-version":[{"id":27848,"href":"https:\/\/cimbcc.org\/test2\/wp-json\/wp\/v2\/posts\/22215\/revisions\/27848"}],"wp:attachment":[{"href":"https:\/\/cimbcc.org\/test2\/wp-json\/wp\/v2\/media?parent=22215"}],"wp:term":[{"taxonomy":"category","embeddable":true,"href":"https:\/\/cimbcc.org\/test2\/wp-json\/wp\/v2\/categories?post=22215"},{"taxonomy":"post_tag","embeddable":true,"href":"https:\/\/cimbcc.org\/test2\/wp-json\/wp\/v2\/tags?post=22215"}],"curies":[{"name":"wp","href":"https:\/\/api.w.org\/{rel}","templated":true}]}}