{"id":22279,"date":"2018-08-28T20:00:16","date_gmt":"2018-08-29T00:00:16","guid":{"rendered":"https:\/\/cimbcc.org\/test2\/?p=22279"},"modified":"2023-10-16T22:14:48","modified_gmt":"2023-10-17T02:14:48","slug":"verification-pour-savoir-si-votre-nom-est-inscrit-sur-la-liste-electorale","status":"publish","type":"post","link":"https:\/\/cimbcc.org\/test2\/verification-pour-savoir-si-votre-nom-est-inscrit-sur-la-liste-electorale\/","title":{"rendered":"V\u00e9rification pour savoir si votre nom est inscrit sur la liste \u00e9lectorale"},"content":{"rendered":"<p style=\"text-align: justify;\"><img loading=\"lazy\" decoding=\"async\" class=\"aligncenter size-full wp-image-22283\" src=\"https:\/\/cimbcc.org\/test2\/wp-content\/uploads\/CHIP_20180829_\u00c9lections_1.jpg\" alt=\"\" width=\"236\" height=\"147\" \/><\/p>\n<p style=\"text-align: justify;\">La campagne \u00e9lectorale pour les prochaines \u00e9lections provinciales du Qu\u00e9bec a \u00e9t\u00e9 officiellement lanc\u00e9e \u00e0 la fin du mois d&rsquo;ao\u00fbt. Le suffrage aura lieu lundi 1<sup>er<\/sup> octobre 2018.<\/p>\n<p style=\"text-align: justify;\"><!--more--><\/p>\n<p style=\"text-align: justify;\">Il s&rsquo;agira de la <a href=\"https:\/\/fr.wikipedia.org\/wiki\/%C3%89lections_g%C3%A9n%C3%A9rales_qu%C3%A9b%C3%A9coises_de_2018\" target=\"_blank\" rel=\"noopener\">42<sup>e<\/sup> \u00e9lection g\u00e9n\u00e9rale<\/a>\u00a0tenue au Qu\u00e9bec.<\/p>\n<p style=\"text-align: justify;\">Nous avons le privil\u00e8ge de vivre dans une soci\u00e9t\u00e9 d\u00e9mocratique o\u00f9 il est possible d&rsquo;exprimer son opinion en allant voter. Pour exercer ce droit de vote, il est n\u00e9cessaire d&rsquo;\u00eatre inscrit sur la liste \u00e9lectorale.<\/p>\n<p style=\"text-align: justify;\">Vous pouvez rapidement v\u00e9rifier si votre nom est bien inscrit sur la liste \u00e9lectorale <a href=\"https:\/\/www.pes.electionsquebec.qc.ca\/services\/ses0013.verification.en.ligne\/\" target=\"_blank\" rel=\"noopener\">en cliquant ici<\/a>. Cette pr\u00e9caution est fortement recommand\u00e9e si vous avez d\u00e9m\u00e9nag\u00e9 depuis l&rsquo;\u00e9lection pr\u00e9c\u00e9dente de 2014.<\/p>\n<p style=\"text-align: justify;\">Je tiens \u00e0 remercier Jean-Victor C\u00f4t\u00e9 de m&rsquo;avoir fourni\u00a0 cette information.<\/p>\n<p style=\"text-align: justify;\">Richard Gervais<br \/>\n\u00c9diteur du CHIP<\/p>\n","protected":false},"excerpt":{"rendered":"<p>La campagne \u00e9lectorale pour les prochaines \u00e9lections provinciales du Qu\u00e9bec a \u00e9t\u00e9 officiellement lanc\u00e9e \u00e0 la fin du mois d&rsquo;ao\u00fbt. Le suffrage aura lieu lundi 1er octobre 2018.<\/p>\n","protected":false},"author":43,"featured_media":0,"comment_status":"open","ping_status":"closed","sticky":false,"template":"","format":"standard","meta":{"footnotes":""},"categories":[24],"tags":[841,843,842],"class_list":["post-22279","post","type-post","status-publish","format-standard","hentry","category-conseils-pratiques","tag-elections","tag-liste-electorale","tag-vote"],"_links":{"self":[{"href":"https:\/\/cimbcc.org\/test2\/wp-json\/wp\/v2\/posts\/22279","targetHints":{"allow":["GET"]}}],"collection":[{"href":"https:\/\/cimbcc.org\/test2\/wp-json\/wp\/v2\/posts"}],"about":[{"href":"https:\/\/cimbcc.org\/test2\/wp-json\/wp\/v2\/types\/post"}],"author":[{"embeddable":true,"href":"https:\/\/cimbcc.org\/test2\/wp-json\/wp\/v2\/users\/43"}],"replies":[{"embeddable":true,"href":"https:\/\/cimbcc.org\/test2\/wp-json\/wp\/v2\/comments?post=22279"}],"version-history":[{"count":7,"href":"https:\/\/cimbcc.org\/test2\/wp-json\/wp\/v2\/posts\/22279\/revisions"}],"predecessor-version":[{"id":22289,"href":"https:\/\/cimbcc.org\/test2\/wp-json\/wp\/v2\/posts\/22279\/revisions\/22289"}],"wp:attachment":[{"href":"https:\/\/cimbcc.org\/test2\/wp-json\/wp\/v2\/media?parent=22279"}],"wp:term":[{"taxonomy":"category","embeddable":true,"href":"https:\/\/cimbcc.org\/test2\/wp-json\/wp\/v2\/categories?post=22279"},{"taxonomy":"post_tag","embeddable":true,"href":"https:\/\/cimbcc.org\/test2\/wp-json\/wp\/v2\/tags?post=22279"}],"curies":[{"name":"wp","href":"https:\/\/api.w.org\/{rel}","templated":true}]}}