{"id":2231,"date":"2012-04-04T11:00:41","date_gmt":"2012-04-04T16:00:41","guid":{"rendered":"https:\/\/cimbcc.org\/test2\/?p=2231"},"modified":"2023-10-16T22:17:14","modified_gmt":"2023-10-17T02:17:14","slug":"editorial-avril-2012","status":"publish","type":"post","link":"https:\/\/cimbcc.org\/test2\/editorial-avril-2012\/","title":{"rendered":"\u00c9ditorial &#8211; avril 2012"},"content":{"rendered":"<h6 style=\"text-align: left;\"><strong><a href=\"https:\/\/cimbcc.org\/test2\/editorial-fevrier-2013\/photo-andre-charest-editorial-2\" rel=\"attachment wp-att-5376\"><img loading=\"lazy\" decoding=\"async\" class=\"aligncenter size-full wp-image-5376\" src=\"https:\/\/cimbcc.org\/test2\/wp-content\/uploads\/Photo-Andre-Charest-Editorial1.jpg\" alt=\"Photo-Andre-Charest-Editorial\" width=\"300\" height=\"82\" \/><\/a><\/strong><\/h6>\n<h6 style=\"text-align: justify;\">La d\u00e9mocratie et l&rsquo;assembl\u00e9e g\u00e9n\u00e9rale annuelle du\u00a011 avril 2012<\/h6>\n<p style=\"text-align: justify;\">Dans son <em>Mot du pr\u00e9sident<\/em>, R\u00e9jean\u00a0C\u00f4t\u00e9 nous parle de l\u2019assembl\u00e9e g\u00e9n\u00e9rale annuelle. Il fait aussi allusion \u00e0 l\u2019aspect d\u00e9mocratique que comporte la participation active \u00e0 cette assembl\u00e9e.<\/p>\n<p><!--more--><\/p>\n<p style=\"text-align: justify;\">La d\u00e9mocratie n\u2019est pas un mode de gouvernance naturel. On fait remonter notre d\u00e9mocratie \u00e0 la Magna Carta impos\u00e9e au roi Jean\u00a0sans\u00a0Terre d\u2019Angleterre en 1215 pour r\u00e9duire l\u2019arbitraire des rois. Ce fut le d\u00e9but d\u2019un long processus qui nous a amen\u00e9s \u00e0 la d\u00e9mocratie moderne. Au Canada, les immigrants britanniques ont \u00ab\u00a0apport\u00e9\u00a0dans leurs bagages\u00a0\u00bb leur parlementarisme, leur mode de d\u00e9mocratie dont nous profitons aujourd\u2019hui. Nous n\u2019avons pas eu \u00e0 gagner la d\u00e9mocratie par la r\u00e9volution comme ce fut le cas pour la France, par exemple. Est-ce l\u00e0 la raison pour laquelle nous semblons, par nos omissions, y attacher aussi peu d\u2019importance?<\/p>\n<p style=\"text-align: justify;\">Churchill a dit\u00a0: \u00ab\u00a0La d\u00e9mocratie est le pire des r\u00e9gimes &#8211; \u00e0 l&rsquo;exception de tous les autres d\u00e9j\u00e0 essay\u00e9s dans le pass\u00e9\u00a0\u00bb. C\u2019est une boutade, \u00e9videmment! Quand on regarde la d\u00e9mocratie toute seule, on lui trouve beaucoup de d\u00e9fauts. Ses d\u00e9fauts sont plut\u00f4t ceux des hommes que les siens. Mais quand on regarde la d\u00e9mocratie par rapport aux autres formes de gouvernements (dictature, despotisme, n\u00e9potisme, monarchie absolue, etc.), on se trouve chanceux. Parlez-en aux membres du club qui nous viennent de pays \u00e0 r\u00e9gime totalitaire, vous verrez combien ils aiment la libert\u00e9 et la justice ind\u00e9pendante (malgr\u00e9 ses d\u00e9fauts) que leur procure la d\u00e9mocratie canadienne.<\/p>\n<p style=\"text-align: justify;\">N\u2019\u00e9tant pas un mode de gouvernance naturel (elle n\u2019existe chez l\u2019homme que depuis peu et nulle part ailleurs dans la nature), elle est fragile. Elle est continuellement assaillie de l\u2019int\u00e9rieur par les psychopathes, les id\u00e9ologies et les int\u00e9r\u00eats particuliers qui s\u2019exercent au d\u00e9triment du bien commun.<\/p>\n<p style=\"text-align: justify;\">Les psychopathes sont loin d\u2019\u00eatre tous sanguinaires. Ce sont des personnes qui ne connaissent pas le remords, qui sont des manipulateurs de grand talent et qui, intelligence aidant, \u00ab\u00a0excellent\u00a0\u00bb dans les situations peu, pas ou mal r\u00e8glement\u00e9es. Les exemples abondent depuis quelque temps dans la finance. On sait ce que cela a donn\u00e9.<\/p>\n<p style=\"text-align: justify;\">Je ne parlerai pas des id\u00e9ologies de peur de m\u2019enfoncer dans le terrain de la politique (partisane), un domaine que ne me permet pas de toucher notre mission, avec raison. Je me contenterai de citer Nietzsche\u00a0: \u00ab\u00a0Le contraire de la v\u00e9rit\u00e9 n\u2019est pas le mensonge, mais les convictions\u00a0\u00bb.<\/p>\n<p style=\"text-align: justify;\">Les int\u00e9r\u00eats particuliers au d\u00e9triment du bien commun se voient partout. Ils peuvent \u00eatre le fait d\u2019un individu, d\u2019une clique ou d\u2019un lobby qui engraisse la caisse \u00e9lectorale d\u2019un candidat de qui, s\u2019il est \u00e9lu, un retour d\u2019ascenseur est attendu.<\/p>\n<p style=\"text-align: justify;\">Et face \u00e0 toutes ces attaques \u00e0 la d\u00e9mocratie, il y a notre apathie. Nous laissons, comme disent les Am\u00e9ricains, la t\u00e2che \u00e0 George (repr\u00e9sentant n\u2019importe qui d\u2019autre que nous). Trop souvent, nous abdiquons, nous laissons faire.<\/p>\n<p style=\"text-align: justify;\">Pourtant, la d\u00e9mocratie doit transcender toute la soci\u00e9t\u00e9. On doit la retrouver, par exemple, dans les associations comme la n\u00f4tre. Nous avons un droit et un devoir de d\u00e9mocratie \u00e0 exercer \u00e0 l\u2019int\u00e9rieur de notre organisme, comme dans tous les organismes dans lesquels nous nous engageons, que ce soit des associations de propri\u00e9taires de condos ou d\u2019un club sportif pour nos enfants.<\/p>\n<p style=\"text-align: justify;\">Au Club informatique Mont-Bruno, la premi\u00e8re fa\u00e7on de nous int\u00e9resser \u00e0 notre d\u00e9mocratie, c\u2019est de participer \u00e0 l\u2019assembl\u00e9e g\u00e9n\u00e9rale annuelle pour savoir ce qui se passe en arri\u00e8re-sc\u00e8ne et pour se faire \u00e9lire comme administrateur, si le c\u0153ur nous le dit.<\/p>\n<p style=\"text-align: justify;\">Le 11\u00a0avril prochain, r\u00e9pondons\u00a0: \u00ab\u00a0Pr\u00e9sent\u00a0!\u00bb<\/p>\n<p style=\"text-align: justify;\">Andr\u00e9 Charest<\/p>\n","protected":false},"excerpt":{"rendered":"<p>La d\u00e9mocratie et l&rsquo;assembl\u00e9e g\u00e9n\u00e9rale annuelle du\u00a011 avril 2012 Dans son Mot du pr\u00e9sident, R\u00e9jean\u00a0C\u00f4t\u00e9 nous parle de l\u2019assembl\u00e9e g\u00e9n\u00e9rale annuelle. Il fait aussi allusion \u00e0 l\u2019aspect d\u00e9mocratique que comporte la participation active \u00e0 cette assembl\u00e9e.<\/p>\n","protected":false},"author":43,"featured_media":0,"comment_status":"closed","ping_status":"closed","sticky":false,"template":"","format":"standard","meta":{"footnotes":""},"categories":[8],"tags":[301],"class_list":["post-2231","post","type-post","status-publish","format-standard","hentry","category-editoriaux","tag-democratie"],"_links":{"self":[{"href":"https:\/\/cimbcc.org\/test2\/wp-json\/wp\/v2\/posts\/2231","targetHints":{"allow":["GET"]}}],"collection":[{"href":"https:\/\/cimbcc.org\/test2\/wp-json\/wp\/v2\/posts"}],"about":[{"href":"https:\/\/cimbcc.org\/test2\/wp-json\/wp\/v2\/types\/post"}],"author":[{"embeddable":true,"href":"https:\/\/cimbcc.org\/test2\/wp-json\/wp\/v2\/users\/43"}],"replies":[{"embeddable":true,"href":"https:\/\/cimbcc.org\/test2\/wp-json\/wp\/v2\/comments?post=2231"}],"version-history":[{"count":30,"href":"https:\/\/cimbcc.org\/test2\/wp-json\/wp\/v2\/posts\/2231\/revisions"}],"predecessor-version":[{"id":25872,"href":"https:\/\/cimbcc.org\/test2\/wp-json\/wp\/v2\/posts\/2231\/revisions\/25872"}],"wp:attachment":[{"href":"https:\/\/cimbcc.org\/test2\/wp-json\/wp\/v2\/media?parent=2231"}],"wp:term":[{"taxonomy":"category","embeddable":true,"href":"https:\/\/cimbcc.org\/test2\/wp-json\/wp\/v2\/categories?post=2231"},{"taxonomy":"post_tag","embeddable":true,"href":"https:\/\/cimbcc.org\/test2\/wp-json\/wp\/v2\/tags?post=2231"}],"curies":[{"name":"wp","href":"https:\/\/api.w.org\/{rel}","templated":true}]}}