{"id":22541,"date":"2018-09-20T03:07:15","date_gmt":"2018-09-20T07:07:15","guid":{"rendered":"https:\/\/cimbcc.org\/test2\/?p=22541"},"modified":"2023-10-16T22:14:47","modified_gmt":"2023-10-17T02:14:47","slug":"echos-du-conseil-dadministration-28-aout-2018","status":"publish","type":"post","link":"https:\/\/cimbcc.org\/test2\/echos-du-conseil-dadministration-28-aout-2018\/","title":{"rendered":"\u00c9chos du conseil d\u2019administration &#8211; 28 ao\u00fbt 2018"},"content":{"rendered":"<figure id=\"attachment_21147\" aria-describedby=\"caption-attachment-21147\" style=\"width: 500px\" class=\"wp-caption aligncenter\"><img loading=\"lazy\" decoding=\"async\" class=\"size-full wp-image-21147\" src=\"https:\/\/cimbcc.org\/test2\/wp-content\/uploads\/CIMBCC-2018-2019r.jpg\" alt=\"CA 2018-2019\" width=\"500\" height=\"228\" srcset=\"https:\/\/cimbcc.org\/test2\/wp-content\/uploads\/CIMBCC-2018-2019r.jpg 500w, https:\/\/cimbcc.org\/test2\/wp-content\/uploads\/CIMBCC-2018-2019r-300x137.jpg 300w\" sizes=\"auto, (max-width: 500px) 100vw, 500px\" \/><figcaption id=\"caption-attachment-21147\" class=\"wp-caption-text\">Sur la premi\u00e8re rang\u00e9e : Huguette Turgeon, Danielle Bourque, Danielle Barab\u00e9, Berthe Demers, Sylvie Mazur. Sur la deuxi\u00e8me rang\u00e9e : Michel C\u00f4t\u00e9, Jacques Lalibert\u00e9, Michel Gagn\u00e9, Richard Gervais, R\u00e9jean C\u00f4t\u00e9.<\/figcaption><\/figure>\n<p style=\"text-align: justify;\">\u00c0 la veille du lancement de la saison d\u2019automne\u00a02018, le conseil d\u2019administration a fait le point sur les membres et les activit\u00e9s des b\u00e9n\u00e9voles, sur le bilan du CHIP pour l\u2019ann\u00e9e \u00e9coul\u00e9e, sur les ateliers de l\u2019automne\u00a02018 et sur des aspects essentiels des s\u00e9ances de pr\u00e9sentations\u00a0du mercredi et du vendredi\u00a0: l\u2019accueil des membres, leur s\u00e9curit\u00e9 physique et la mise en place de la salle du Chalet Marie-Victorin.<\/p>\n<p><!--more--><\/p>\n<hr \/>\n<p style=\"text-align: justify;\"><strong>Membres et b\u00e9n\u00e9voles <\/strong><\/p>\n<p style=\"text-align: justify;\">Fin ao\u00fbt, le club comptait 703\u00a0membres, dont 33\u00a0nouvelles adh\u00e9sions et 158\u00a0renouvellements pour 2018-2019. La <em>Journ\u00e9e d\u2019information et d\u2019inscription<\/em> du 4\u00a0septembre est le moment privil\u00e9gi\u00e9 pour s\u2019inscrire au club. Ensuite, cela pourra se faire aupr\u00e8s des b\u00e9n\u00e9voles de l\u2019accueil des s\u00e9ances de pr\u00e9sentations du mercredi et du vendredi.<\/p>\n<p style=\"text-align: justify;\">Il n\u2019y a pas de nouveau b\u00e9n\u00e9vole, mais certains collaborateurs ont accept\u00e9 de nouvelles t\u00e2ches\u00a0:<\/p>\n<ul style=\"text-align: justify;\">\n<li>Diane\u00a0Ferland sera disponible toute l\u2019ann\u00e9e pour participer \u00e0 l\u2019accueil des s\u00e9ances de pr\u00e9sentations;<\/li>\n<li>Danielle\u00a0Barab\u00e9 a accept\u00e9 d\u2019assister C\u00e9line\u00a0Dufresne dans l\u2019animation de l\u2019atelier sur Word;<\/li>\n<li>Michel\u00a0C\u00f4t\u00e9 agira comme substitut de Richard\u00a0Gervais, responsable du CHIP.<\/li>\n<\/ul>\n<hr \/>\n<p style=\"text-align: justify;\"><strong>Le CHIP<\/strong><\/p>\n<p style=\"text-align: justify;\">Richard\u00a0Gervais nous a appris que notre <strong><a href=\"https:\/\/cimbcc.org\/test2\/services\/chip\" target=\"_blank\" rel=\"noopener\">blogue<\/a><\/strong> compte actuellement 1406\u00a0abonn\u00e9s. Les abonnements augmentent r\u00e9guli\u00e8rement au rythme moyen de 10 nouveaux abonn\u00e9s par mois. En trois ans, ce sont 369\u00a0abonn\u00e9s qui se sont ajout\u00e9s. Par ailleurs, 25\u00a0abonn\u00e9s ont demand\u00e9 leur retrait en 2017-2018 et 37\u00a0autres ont d\u00fb \u00eatre exclus parce que leur adresse de courriel n\u2019\u00e9tait plus valide.<\/p>\n<p style=\"text-align: justify;\">Au cours des 60\u00a0derni\u00e8res semaines, 148\u00a0articles ont \u00e9t\u00e9 publi\u00e9s pour une moyenne de 2,5\u00a0articles par semaine. Ces articles avaient une longueur moyenne de 323\u00a0mots. L\u2019infolettre qui annonce la publication d\u2019un article a \u00e9t\u00e9 ouverte en moyenne par 800\u00a0abonn\u00e9s alors que 331 d\u2019entre eux ont continu\u00e9 la lecture en cliquant sur l\u2019hyperlien vers l\u2019article complet. Le nombre des lecteurs assidus est \u00e0 peu pr\u00e8s stable depuis trois ans.<\/p>\n<p style=\"text-align: justify;\">Les articles les plus populaires en 2017-2018 ont \u00e9t\u00e9\u00a0:<\/p>\n<ul style=\"text-align: justify;\">\n<li><a href=\"https:\/\/cimbcc.org\/test2\/pour-prolonger-la-duree-de-vie-de-vos-cartouches-dimprimante\" target=\"_blank\" rel=\"noopener\">Pour prolonger la dur\u00e9e de vie de vos cartouches d\u2019imprimantes<\/a><\/li>\n<li><a href=\"https:\/\/cimbcc.org\/test2\/internet-explorer-internet-est-mort-vive-google-chrome\" target=\"_blank\" rel=\"noopener\">Internet Explorer est mort, vive Google Chrome!<\/a><\/li>\n<li><a href=\"https:\/\/cimbcc.org\/test2\/directives-medicales-anticipees-un-service-peu-connu\" target=\"_blank\" rel=\"noopener\">Directives m\u00e9dicales anticip\u00e9es \u2014 un service peu connu<\/a><\/li>\n<\/ul>\n<p style=\"text-align: justify;\">Les articles les moins populaires ont \u00e9t\u00e9\u00a0:<\/p>\n<ul style=\"text-align: justify;\">\n<li><a href=\"https:\/\/cimbcc.org\/test2\/ajouter-une-nouvelle-langue-daffichage-a-windows-10\" target=\"_blank\" rel=\"noopener\">Ajouter une nouvelle langue d\u2019affichage \u00e0 Windows\u00a010<\/a><\/li>\n<li><a href=\"https:\/\/cimbcc.org\/test2\/pour-les-utilisateurs-de-lapplication-onenote-de-microsoft\" target=\"_blank\" rel=\"noopener\">Pour les utilisateurs de l\u2019application OneNote de Microsoft<\/a><\/li>\n<\/ul>\n<p style=\"text-align: justify;\">L\u2019article qui a suscit\u00e9 le plus de commentaires est celui sur l\u2019<a href=\"https:\/\/cimbcc.org\/test2\/lintelligence-artificielle-a-montreal\" target=\"_blank\" rel=\"noopener\">intelligence artificielle \u00e0 Montr\u00e9al<\/a>, mais celui qui a suscit\u00e9 beaucoup de commentaires tout en ayant \u00e9t\u00e9 des plus populaires est celui sur la <a href=\"https:\/\/cimbcc.org\/test2\/pour-prolonger-la-duree-de-vie-de-vos-cartouches-dimprimante\" target=\"_blank\" rel=\"noopener\">prolongation de la dur\u00e9e de vie des cartouches d\u2019imprimante<\/a>.<\/p>\n<p style=\"text-align: justify;\"><strong>\u00a0<\/strong>Le CHIP remplit bien sa mission d\u2019information, et ce n\u2019est pas parce qu\u2019un article est moins populaire qu\u2019il est moins int\u00e9ressant. Le conseil est donc tr\u00e8s satisfait des r\u00e9sultats de cette ann\u00e9e et il encourage ses artisans \u00e0 poursuivre ce beau travail. <u>De nouveaux collaborateurs sont toujours les bienvenus!<\/u><\/p>\n<hr \/>\n<p style=\"text-align: justify;\"><strong>Les ateliers<\/strong><\/p>\n<p style=\"text-align: justify;\">Berthe\u00a0Demers et Danielle\u00a0Barab\u00e9 ont d\u00e9pos\u00e9 le <a href=\"https:\/\/cimbcc.org\/test2\/activites\/les-ateliers\" target=\"_blank\" rel=\"noopener\">calendrier des 12\u00a0ateliers de l\u2019automne<\/a>. Huit\u00a0ateliers se tiendront l\u2019apr\u00e8s-midi, et quatre le soir. Seulement deux\u00a0ateliers auront lieu au <a href=\"https:\/\/cimbcc.org\/test2\/centre-communautaire\" target=\"_blank\" rel=\"noopener\">Centre communautaire de Saint-Bruno<\/a> qui est particuli\u00e8rement sollicit\u00e9 le soir. Les autres ateliers se tiendront dans les biblioth\u00e8ques de <a href=\"https:\/\/cimbcc.org\/test2\/bibliotheque-de-saint-bruno\" target=\"_blank\" rel=\"noopener\">Saint-Bruno<\/a> (2 ateliers), de <a href=\"https:\/\/cimbcc.org\/test2\/bibliotheque-de-sainte-julie\" target=\"_blank\" rel=\"noopener\">Sainte-Julie<\/a> (3 ateliers) et de <a href=\"https:\/\/cimbcc.org\/test2\/bibliotheque-de-saint-basile\" target=\"_blank\" rel=\"noopener\">Saint-Basile<\/a> (5 ateliers).<\/p>\n<hr \/>\n<p style=\"text-align: justify;\"><strong>Les s\u00e9ances de pr\u00e9sentations du mercredi et du vendredi <\/strong><\/p>\n<p style=\"text-align: justify;\"><strong>\u00a0<\/strong>\u00c0 sa r\u00e9union pr\u00e9c\u00e9dente, le conseil a eu l\u2019occasion de prendre connaissance des orientations pr\u00e9vues pour les s\u00e9ries <a href=\"https:\/\/cimbcc.org\/test2\/wp-content\/uploads\/Calendrier_des_presentations_2018-2019_Facile.pdf\" target=\"_blank\" rel=\"noopener\"><em>Facile<\/em><\/a> et <a href=\"https:\/\/cimbcc.org\/test2\/wp-content\/uploads\/Calendrier_des_presentations_2018-2019_Decouverte.pdf\" target=\"_blank\" rel=\"noopener\"><em>D\u00e9couverte<\/em><\/a>. Avant le d\u00e9but des activit\u00e9s de l\u2019automne, il a examin\u00e9 d\u2019autres aspects de ces s\u00e9ances qui exigent la contribution de <strong><a href=\"https:\/\/cimbcc.org\/test2\/activites\/les-presentations-du-mercredi-et-du-vendredi\" target=\"_blank\" rel=\"noopener\">plusieurs b\u00e9n\u00e9voles<\/a><\/strong>.<\/p>\n<ul>\n<li style=\"text-align: justify;\"><strong>\u00a0<\/strong><strong>L\u2019accueil des membres<\/strong><\/li>\n<\/ul>\n<p style=\"text-align: justify;\">Chaque mercredi et chaque vendredi, une \u00e9quipe de b\u00e9n\u00e9voles accueille les membres venus assister aux pr\u00e9sentations. Cette \u00e9quipe sous la responsabilit\u00e9 de Jeanne\u00a0Maranda poursuivra ses activit\u00e9s comme l\u2019an pass\u00e9, aucune modification \u00e0 leur fonctionnement n\u2019ayant \u00e9t\u00e9 sugg\u00e9r\u00e9e.<\/p>\n<p style=\"text-align: justify;\">La marraine de cette activit\u00e9, Danielle\u00a0Bourque a toutefois rappel\u00e9 que chacune et chacun doit participer au maintien du calme \u00e0 l\u2019arri\u00e8re de la salle. Il faut aussi s\u2019assurer de d\u00e9gager l\u2019espace devant les tables o\u00f9 sont install\u00e9s les b\u00e9n\u00e9voles de l\u2019accueil.<\/p>\n<ul style=\"text-align: justify;\">\n<li><strong>La s\u00e9curit\u00e9 physique des membres<\/strong><\/li>\n<\/ul>\n<p style=\"text-align: justify;\">Yvon\u00a0Gaudreau a fait savoir que les activit\u00e9s du club se d\u00e9roulent en respectant les consignes de s\u00e9curit\u00e9 \u00e9mises par le conseil d\u2019administration et qu\u2019elles seront encore prises en compte cette ann\u00e9e.<\/p>\n<ul style=\"text-align: justify;\">\n<li><strong>La mise en place et le caf\u00e9<\/strong><\/li>\n<\/ul>\n<p style=\"text-align: justify;\">Yvon\u00a0Gaudreau est aussi responsable de la mise en place de la salle du <a href=\"https:\/\/cimbcc.org\/test2\/chalet-marie-victorin-saint-bruno\" target=\"_blank\" rel=\"noopener\">Chalet Marie-Victorin<\/a> pour les s\u00e9ances du mercredi et du vendredi. Le mat\u00e9riel n\u00e9cessaire est disponible et il peut compter sur une \u00e9quipe stable \u00e0 laquelle il aimerait ajouter un b\u00e9n\u00e9vole pour le mercredi soir.<\/p>\n<p style=\"text-align: justify;\">Sylvie\u00a0Mazur, secr\u00e9taire du CIMBCC<\/p>\n<p style=\"text-align: justify;\"><em>P.S. Vous \u00eates invit\u00e9s \u00e0 cliquer sur les mots en vert, comme<\/em> <strong><a href=\"https:\/\/cimbcc.org\/test2\/services\/chip\" target=\"_blank\" rel=\"noopener\">blogue<\/a><\/strong>, <em>pour consulter une page du site Web du club afin d\u2019obtenir plus d\u2019information.<\/em><\/p>\n","protected":false},"excerpt":{"rendered":"<p>\u00c0 la veille du lancement de la saison d\u2019automne\u00a02018, le conseil d\u2019administration a fait le point sur les membres et les activit\u00e9s des b\u00e9n\u00e9voles, sur le bilan du CHIP pour l\u2019ann\u00e9e \u00e9coul\u00e9e, sur les ateliers de l\u2019automne\u00a02018 et sur des aspects essentiels des s\u00e9ances de pr\u00e9sentations\u00a0du mercredi et du vendredi\u00a0: l\u2019accueil des membres, leur s\u00e9curit\u00e9 &hellip; <a href=\"https:\/\/cimbcc.org\/test2\/echos-du-conseil-dadministration-28-aout-2018\/\" class=\"more-link\">Continuer la lecture de <span class=\"screen-reader-text\">\u00c9chos du conseil d\u2019administration &#8211; 28 ao\u00fbt 2018<\/span>  <span class=\"meta-nav\">&rarr;<\/span><\/a><\/p>\n","protected":false},"author":43,"featured_media":0,"comment_status":"open","ping_status":"closed","sticky":false,"template":"","format":"standard","meta":{"footnotes":""},"categories":[386],"tags":[269,126,246,594,271],"class_list":["post-22541","post","type-post","status-publish","format-standard","hentry","category-echos-du-conseil-dadministration","tag-ateliers","tag-benevoles","tag-chip","tag-membres","tag-presentations"],"_links":{"self":[{"href":"https:\/\/cimbcc.org\/test2\/wp-json\/wp\/v2\/posts\/22541","targetHints":{"allow":["GET"]}}],"collection":[{"href":"https:\/\/cimbcc.org\/test2\/wp-json\/wp\/v2\/posts"}],"about":[{"href":"https:\/\/cimbcc.org\/test2\/wp-json\/wp\/v2\/types\/post"}],"author":[{"embeddable":true,"href":"https:\/\/cimbcc.org\/test2\/wp-json\/wp\/v2\/users\/43"}],"replies":[{"embeddable":true,"href":"https:\/\/cimbcc.org\/test2\/wp-json\/wp\/v2\/comments?post=22541"}],"version-history":[{"count":13,"href":"https:\/\/cimbcc.org\/test2\/wp-json\/wp\/v2\/posts\/22541\/revisions"}],"predecessor-version":[{"id":22579,"href":"https:\/\/cimbcc.org\/test2\/wp-json\/wp\/v2\/posts\/22541\/revisions\/22579"}],"wp:attachment":[{"href":"https:\/\/cimbcc.org\/test2\/wp-json\/wp\/v2\/media?parent=22541"}],"wp:term":[{"taxonomy":"category","embeddable":true,"href":"https:\/\/cimbcc.org\/test2\/wp-json\/wp\/v2\/categories?post=22541"},{"taxonomy":"post_tag","embeddable":true,"href":"https:\/\/cimbcc.org\/test2\/wp-json\/wp\/v2\/tags?post=22541"}],"curies":[{"name":"wp","href":"https:\/\/api.w.org\/{rel}","templated":true}]}}