{"id":22653,"date":"2018-10-05T00:00:37","date_gmt":"2018-10-05T04:00:37","guid":{"rendered":"https:\/\/cimbcc.org\/test2\/?p=22653"},"modified":"2023-10-16T22:14:47","modified_gmt":"2023-10-17T02:14:47","slug":"mot-du-president-octobre-2018","status":"publish","type":"post","link":"https:\/\/cimbcc.org\/test2\/mot-du-president-octobre-2018\/","title":{"rendered":"Mot du pr\u00e9sident &#8211; octobre 2018"},"content":{"rendered":"<figure id=\"attachment_23836\" aria-describedby=\"caption-attachment-23836\" style=\"width: 125px\" class=\"wp-caption aligncenter\"><img loading=\"lazy\" decoding=\"async\" class=\"size-full wp-image-23836\" src=\"https:\/\/cimbcc.org\/test2\/wp-content\/uploads\/photo_cote_rejean.jpg\" alt=\"\" width=\"125\" height=\"125\" \/><figcaption id=\"caption-attachment-23836\" class=\"wp-caption-text\"><span style=\"color: #ffffff;\">mmm<\/span>R\u00e9jean C\u00f4t\u00e9<\/figcaption><\/figure>\n<h4 style=\"text-align: left;\">Les param\u00e8tres de Windows\u00a010<\/h4>\n<p style=\"text-align: justify;\">J\u2019aimerais que vous preniez quelques minutes pour lire ce qui suit. Je donnerai bient\u00f4t deux pr\u00e9sentations sur les <strong><em>param\u00e8tres de Windows<\/em><\/strong>\u00a0<strong><em>10 <\/em><\/strong>dans la s\u00e9rie D\u00e9couverte, les mercredis\u00a010 et 17\u00a0octobre et, en reprise, les vendredis 1<sup>er<\/sup> et 8\u00a0mars.<\/p>\n<p><!--more--><\/p>\n<p><a href=\"https:\/\/cimbcc.org\/test2\/wp-content\/uploads\/Calendrier_des_presentations_2018-2019_Decouverte.pdf\" target=\"_blank\" rel=\"noopener\"><img loading=\"lazy\" decoding=\"async\" class=\"aligncenter size-full wp-image-21882\" src=\"https:\/\/cimbcc.org\/test2\/wp-content\/uploads\/seances_presentations_vf-18-19_03.jpg\" alt=\"seances_presentations_vf-18-19_03\" width=\"300\" height=\"32\" \/><\/a><\/p>\n<p style=\"text-align: justify;\">J\u2019invite tous les membres, d\u00e9butants et avanc\u00e9s \u00e0 y assister et apr\u00e8s avoir assist\u00e9 \u00e0 la premi\u00e8re pr\u00e9sentation, \u00e0 imprimer les notes d\u00e9taill\u00e9es des deux pr\u00e9sentations (32 pages ou 16 pages recto verso, pour les deux pr\u00e9sentations). Apr\u00e8s avoir assist\u00e9 aux pr\u00e9sentations, vous serez ainsi plus aptes \u00e0 apporter vous-m\u00eames les modifications n\u00e9cessaires aux param\u00e8tres de <strong><em>Windows\u00a010<\/em><\/strong> sur votre ordinateur.<\/p>\n<p style=\"text-align: justify;\"><strong><em>Windows\u00a010<\/em><\/strong> est arriv\u00e9 il y a un peu plus de trois ans. Au d\u00e9but, l\u2019installation fut offerte gratuitement pendant plus d\u2019un an \u00e0 ceux qui avaient <strong><em>Windows\u00a07<\/em><\/strong> et <strong><em>Windows\u00a08<\/em><\/strong>, mais certains membres ont choisi de ne pas l\u2019installer pour plusieurs raisons, dont celle de la peur de la nouveaut\u00e9. Il est vrai qu\u2019au d\u00e9but, certaines mises \u00e0 jour ont cr\u00e9\u00e9 des probl\u00e8mes, mais on peut dire que maintenant, c\u2019est un syst\u00e8me d\u2019exploitation stable.<\/p>\n<p style=\"text-align: justify;\">Au club, nous utilisons <strong><em>Windows\u00a010<\/em><\/strong> dans toutes nos activit\u00e9s (pr\u00e9sentations et ateliers, entre autres). Si ce n\u2019est pas encore fait, cela vaut la peine d\u2019installer ce syst\u00e8me d\u2019exploitation sur votre ordinateur ou d\u2019en acheter un nouveau au besoin, car <strong><em>Microsoft<\/em><\/strong> a annonc\u00e9 que la fin de <strong><em>Windows\u00a010<\/em><\/strong> \u00e9tait pr\u00e9vue seulement pour octobre\u00a02025. Avec <strong><em>Windows\u00a010<\/em><\/strong>, vous pourrez suivre plus facilement les activit\u00e9s du club et ainsi mieux profiter de nos enseignements.<\/p>\n<p style=\"text-align: justify;\">Au moment de l\u2019installation de l\u2019ordinateur, 90\u00a0% des param\u00e8tres de <strong><em>Windows\u00a010 <\/em><\/strong>sont fix\u00e9s par d\u00e9faut. Les deux pr\u00e9sentations dont je vous propose d\u2019assister ont pour but de vous aider \u00e0 mieux param\u00e9trer votre ordinateur en fonction de vos besoins ainsi, vous comprendrez mieux pourquoi il est pr\u00e9f\u00e9rable d\u2019activer <img loading=\"lazy\" decoding=\"async\" class=\"alignnone size-full wp-image-22657\" src=\"https:\/\/cimbcc.org\/test2\/wp-content\/uploads\/CHIP_20181005_Win10_1.jpg\" alt=\"\" width=\"24\" height=\"12\" \/>\u00a0certains param\u00e8tres et dans d\u2019autres cas, pourquoi il est pr\u00e9f\u00e9rable de les d\u00e9sactiver. Nous verrons aussi pourquoi il est pr\u00e9f\u00e9rable de mettre un crochet <img loading=\"lazy\" decoding=\"async\" class=\"alignnone size-full wp-image-22658\" src=\"https:\/\/cimbcc.org\/test2\/wp-content\/uploads\/CHIP_20181005_Win10_2.jpg\" alt=\"\" width=\"11\" height=\"12\" \/>\u00a0ou de mettre un point <img loading=\"lazy\" decoding=\"async\" class=\"alignnone size-full wp-image-22665\" src=\"https:\/\/cimbcc.org\/test2\/wp-content\/uploads\/CHIP_20181005_Win10_3.jpg\" alt=\"\" width=\"14\" height=\"16\" \/> devant un texte.<\/p>\n<p style=\"text-align: justify;\">Les <strong><em>param\u00e8tres de Windows\u00a010<\/em><\/strong> ont \u00e9volu\u00e9 avec chacune des nouvelles mises \u00e0 jour\u00a0: <em>Creator Update<\/em> en mars\u00a02017, <em>Fall Creator Update<\/em> en octobre\u00a02017 et la derni\u00e8re <em>Spring Update<\/em> en avril\u00a02018. Au d\u00e9but, il y avait 9\u00a0ic\u00f4nes dans les param\u00e8tres de Windows\u00a010, maintenant il y en a 13, et chacune des nouvelles ic\u00f4nes est associ\u00e9e \u00e0 de nouveaux param\u00e8tres. Vous avez t\u00e9l\u00e9charg\u00e9 ces derni\u00e8res mises \u00e0 jour, mais connaissez-vous vraiment toutes les nouveaut\u00e9s qu\u2019elles ont apport\u00e9es aux <strong><em>param\u00e8tres de Windows\u00a010<\/em><\/strong>?<\/p>\n<p style=\"text-align: justify;\">Voici entre autres, quelques exemples de ce que l\u2019on peut faire avec les <strong><em>param\u00e8tres de Windows\u00a010<\/em><\/strong>\u00a0:<\/p>\n<ul style=\"text-align: justify;\">\n<li>Modifier la taille du texte de l\u2019ordinateur.<\/li>\n<li>Activer l\u2019Assistant de concentration.<\/li>\n<li>Supprimer des fichiers pour lib\u00e9rer de l\u2019espace, comme le fait CCleaner.<\/li>\n<li>Partager \u00e0 proximit\u00e9 une connexion Wi-Fi ou Bluetooth (portable).<\/li>\n<li>Connaitre les sp\u00e9cifications de votre ordinateur.<\/li>\n<li>Activer Bluetooth.<\/li>\n<li>Grossir et mettre en noir le curseur de la souris.<\/li>\n<li>Corriger automatiquement les fautes d\u2019orthographe.<\/li>\n<li>Aper\u00e7u de l\u2019utilisation de vos donn\u00e9es mensuelles du Wi-Fi.<\/li>\n<li>Obtenir de nouveaux th\u00e8mes d\u2019images pour le Bureau.<\/li>\n<li>Afficher des ic\u00f4nes sur le bureau\u00a0: Ordinateur, R\u00e9seau, Panneau de configuration.<\/li>\n<li>Cr\u00e9er votre Avatar (photo).<\/li>\n<li>Installer un deuxi\u00e8me compte sur l\u2019ordinateur.<\/li>\n<li>Changer la langue de l\u2019ordinateur et du clavier.<\/li>\n<li>Autoriser ou non Microsoft \u00e0 recueillir vos activit\u00e9s sur ce PC.<\/li>\n<li>Faire une sauvegarde en utilisant l\u2019historique des fichiers.<\/li>\n<li>Utiliser l&rsquo;utilitaire de r\u00e9solution de probl\u00e8mes.<\/li>\n<li>Restaurer l\u2019ordinateur \u00e0 une date ant\u00e9rieure.<\/li>\n<li>Localiser et verrouiller son appareil en cas de perte ou de vol.<\/li>\n<\/ul>\n<p>R\u00e9jean\u00a0C\u00f4t\u00e9, pr\u00e9sident<\/p>\n","protected":false},"excerpt":{"rendered":"<p>Les param\u00e8tres de Windows\u00a010 J\u2019aimerais que vous preniez quelques minutes pour lire ce qui suit. Je donnerai bient\u00f4t deux pr\u00e9sentations sur les param\u00e8tres de Windows\u00a010 dans la s\u00e9rie D\u00e9couverte, les mercredis\u00a010 et 17\u00a0octobre et, en reprise, les vendredis 1er et 8\u00a0mars.<\/p>\n","protected":false},"author":43,"featured_media":0,"comment_status":"open","ping_status":"closed","sticky":false,"template":"","format":"standard","meta":{"footnotes":""},"categories":[11],"tags":[856,88],"class_list":["post-22653","post","type-post","status-publish","format-standard","hentry","category-mots-du-president","tag-parametres-de-windows","tag-windows-10"],"_links":{"self":[{"href":"https:\/\/cimbcc.org\/test2\/wp-json\/wp\/v2\/posts\/22653","targetHints":{"allow":["GET"]}}],"collection":[{"href":"https:\/\/cimbcc.org\/test2\/wp-json\/wp\/v2\/posts"}],"about":[{"href":"https:\/\/cimbcc.org\/test2\/wp-json\/wp\/v2\/types\/post"}],"author":[{"embeddable":true,"href":"https:\/\/cimbcc.org\/test2\/wp-json\/wp\/v2\/users\/43"}],"replies":[{"embeddable":true,"href":"https:\/\/cimbcc.org\/test2\/wp-json\/wp\/v2\/comments?post=22653"}],"version-history":[{"count":9,"href":"https:\/\/cimbcc.org\/test2\/wp-json\/wp\/v2\/posts\/22653\/revisions"}],"predecessor-version":[{"id":25939,"href":"https:\/\/cimbcc.org\/test2\/wp-json\/wp\/v2\/posts\/22653\/revisions\/25939"}],"wp:attachment":[{"href":"https:\/\/cimbcc.org\/test2\/wp-json\/wp\/v2\/media?parent=22653"}],"wp:term":[{"taxonomy":"category","embeddable":true,"href":"https:\/\/cimbcc.org\/test2\/wp-json\/wp\/v2\/categories?post=22653"},{"taxonomy":"post_tag","embeddable":true,"href":"https:\/\/cimbcc.org\/test2\/wp-json\/wp\/v2\/tags?post=22653"}],"curies":[{"name":"wp","href":"https:\/\/api.w.org\/{rel}","templated":true}]}}