{"id":22887,"date":"2018-11-05T20:00:36","date_gmt":"2018-11-06T01:00:36","guid":{"rendered":"https:\/\/cimbcc.org\/test2\/?p=22887"},"modified":"2023-10-16T22:14:47","modified_gmt":"2023-10-17T02:14:47","slug":"la-lumiere-bleue-des-ecrans","status":"publish","type":"post","link":"https:\/\/cimbcc.org\/test2\/la-lumiere-bleue-des-ecrans\/","title":{"rendered":"La lumi\u00e8re bleue des \u00e9crans"},"content":{"rendered":"<figure id=\"attachment_24081\" aria-describedby=\"caption-attachment-24081\" style=\"width: 125px\" class=\"wp-caption aligncenter\"><img loading=\"lazy\" decoding=\"async\" class=\"size-full wp-image-24081\" src=\"https:\/\/cimbcc.org\/test2\/wp-content\/uploads\/photo_charron_denis.jpg\" alt=\"\" width=\"125\" height=\"125\" \/><figcaption id=\"caption-attachment-24081\" class=\"wp-caption-text\"><span style=\"color: #ffffff;\">mmm<\/span>Denis Charron<\/figcaption><\/figure>\n<p style=\"text-align: justify;\">Nous entendons de plus en plus parler de la lumi\u00e8re bleue diffus\u00e9e par nos \u00e9crans d&rsquo;appareils \u00e9lectroniques. On sait d\u00e9j\u00e0 qu&rsquo;elle nuit au sommeil dans les heures pr\u00e9c\u00e9dant notre coucher. Aurait-elle d&rsquo;autres effets nocifs?<\/p>\n<p style=\"text-align: justify;\"><!--more--><\/p>\n<p style=\"text-align: justify;\">Vous pourrez lire un article de <em>LaPresse.ca<\/em> traitant de ce sujet <a href=\"https:\/\/www.lapresse.ca\/vivre\/sante\/201810\/22\/01-5201219-lumiere-bleue-nos-ecrans-nous-rendent-ils-aveugles.php\" target=\"_blank\" rel=\"noopener\">en cliquant ici<\/a>\u00a0:<\/p>\n<p>Denis Charron<\/p>\n<h4 style=\"text-align: justify;\">Note de l&rsquo;\u00e9diteur<\/h4>\n<p style=\"text-align: justify;\"><a href=\"https:\/\/cimbcc.org\/test2\/adapter-leclairage-de-lecran-a-vos-horaires-windows-10\" target=\"_blank\" rel=\"noopener\">Un article pr\u00e9c\u00e9dent<\/a> a d\u00e9j\u00e0 pr\u00e9sent\u00e9 une fonctionalit\u00e9 de Windows\u00a010 qui permet d&rsquo;att\u00e9nuer automatiquement la lumi\u00e8re bleue en fonction de l&rsquo;heure du jour.<\/p>\n","protected":false},"excerpt":{"rendered":"<p>Nous entendons de plus en plus parler de la lumi\u00e8re bleue diffus\u00e9e par nos \u00e9crans d&rsquo;appareils \u00e9lectroniques. On sait d\u00e9j\u00e0 qu&rsquo;elle nuit au sommeil dans les heures pr\u00e9c\u00e9dant notre coucher. Aurait-elle d&rsquo;autres effets nocifs?<\/p>\n","protected":false},"author":43,"featured_media":0,"comment_status":"open","ping_status":"closed","sticky":false,"template":"","format":"standard","meta":{"footnotes":""},"categories":[24],"tags":[618,714,866,619],"class_list":["post-22887","post","type-post","status-publish","format-standard","hentry","category-conseils-pratiques","tag-eclairage","tag-ecran","tag-lumiere-bleue","tag-temperature-couleur"],"_links":{"self":[{"href":"https:\/\/cimbcc.org\/test2\/wp-json\/wp\/v2\/posts\/22887","targetHints":{"allow":["GET"]}}],"collection":[{"href":"https:\/\/cimbcc.org\/test2\/wp-json\/wp\/v2\/posts"}],"about":[{"href":"https:\/\/cimbcc.org\/test2\/wp-json\/wp\/v2\/types\/post"}],"author":[{"embeddable":true,"href":"https:\/\/cimbcc.org\/test2\/wp-json\/wp\/v2\/users\/43"}],"replies":[{"embeddable":true,"href":"https:\/\/cimbcc.org\/test2\/wp-json\/wp\/v2\/comments?post=22887"}],"version-history":[{"count":4,"href":"https:\/\/cimbcc.org\/test2\/wp-json\/wp\/v2\/posts\/22887\/revisions"}],"predecessor-version":[{"id":25071,"href":"https:\/\/cimbcc.org\/test2\/wp-json\/wp\/v2\/posts\/22887\/revisions\/25071"}],"wp:attachment":[{"href":"https:\/\/cimbcc.org\/test2\/wp-json\/wp\/v2\/media?parent=22887"}],"wp:term":[{"taxonomy":"category","embeddable":true,"href":"https:\/\/cimbcc.org\/test2\/wp-json\/wp\/v2\/categories?post=22887"},{"taxonomy":"post_tag","embeddable":true,"href":"https:\/\/cimbcc.org\/test2\/wp-json\/wp\/v2\/tags?post=22887"}],"curies":[{"name":"wp","href":"https:\/\/api.w.org\/{rel}","templated":true}]}}