{"id":23287,"date":"2018-11-26T00:00:06","date_gmt":"2018-11-26T05:00:06","guid":{"rendered":"https:\/\/cimbcc.org\/test2\/?p=23287"},"modified":"2023-10-16T22:14:47","modified_gmt":"2023-10-17T02:14:47","slug":"test-du-systeme-dalerte-nationale-sur-les-cellulaires","status":"publish","type":"post","link":"https:\/\/cimbcc.org\/test2\/test-du-systeme-dalerte-nationale-sur-les-cellulaires\/","title":{"rendered":"Test du syst\u00e8me d&rsquo;alerte nationale sur les cellulaires"},"content":{"rendered":"<figure id=\"attachment_24081\" aria-describedby=\"caption-attachment-24081\" style=\"width: 125px\" class=\"wp-caption aligncenter\"><img loading=\"lazy\" decoding=\"async\" class=\"size-full wp-image-24081\" src=\"https:\/\/cimbcc.org\/test2\/wp-content\/uploads\/photo_charron_denis.jpg\" alt=\"\" width=\"125\" height=\"125\" \/><figcaption id=\"caption-attachment-24081\" class=\"wp-caption-text\"><span style=\"color: #ffffff;\">mmm<\/span>Denis Charron<\/figcaption><\/figure>\n<p style=\"text-align: justify;\">Mercredi prochain, le <strong>28 novembre \u00e0 14\u00a0h\u00a055<\/strong>, il y aura un nouveau test du syst\u00e8me d&rsquo;alerte nationale fait sur les t\u00e9l\u00e9phones cellulaires.<\/p>\n<p style=\"text-align: justify;\"><!--more--><\/p>\n<p style=\"text-align: justify;\">Ce nouveau test vise \u00e0 v\u00e9rifier les correctifs apport\u00e9s depuis l&rsquo;essai de mai dernier qui avait r\u00e9v\u00e9l\u00e9 des lacunes et des probl\u00e8mes.<\/p>\n<p style=\"text-align: justify;\">Le syst\u00e8me d&rsquo;alerte nationale vise \u00e0 avertir tous les Canadiens en cas de catastrophes naturelles ou autre danger mena\u00e7ant la s\u00e9curit\u00e9 de la population. Les messages de <a href=\"https:\/\/alert.gouv.qc.ca\/fr\/index.html\" target=\"_blank\" rel=\"noopener\">Qu\u00e9bec En\u00a0 Alerte<\/a> peuvent \u00eatre envoy\u00e9es simultan\u00e9ment par l&rsquo;entremise de la t\u00e9l\u00e9vision, de la radio et, aussi, des cellulaires.<\/p>\n<p style=\"text-align: justify;\">Vous pouvez consulter un article de <em>LaPresse.ca<\/em> \u00e0 ce sujet\u00a0<a href=\"https:\/\/www.lapresse.ca\/techno\/mobilite\/201811\/24\/01-5205488-test-des-alertes-sur-appareils-mobiles-mercredi.php\" target=\"_blank\" rel=\"noopener\">en cliquant ici<\/a>.<\/p>\n<p style=\"text-align: justify;\">Denis Charron<\/p>\n","protected":false},"excerpt":{"rendered":"<p>Mercredi prochain, le 28 novembre \u00e0 14\u00a0h\u00a055, il y aura un nouveau test du syst\u00e8me d&rsquo;alerte nationale fait sur les t\u00e9l\u00e9phones cellulaires.<\/p>\n","protected":false},"author":43,"featured_media":0,"comment_status":"open","ping_status":"closed","sticky":false,"template":"","format":"standard","meta":{"footnotes":""},"categories":[24],"tags":[884,508],"class_list":["post-23287","post","type-post","status-publish","format-standard","hentry","category-conseils-pratiques","tag-quebec-en-alerte","tag-telephone-cellulaire"],"_links":{"self":[{"href":"https:\/\/cimbcc.org\/test2\/wp-json\/wp\/v2\/posts\/23287","targetHints":{"allow":["GET"]}}],"collection":[{"href":"https:\/\/cimbcc.org\/test2\/wp-json\/wp\/v2\/posts"}],"about":[{"href":"https:\/\/cimbcc.org\/test2\/wp-json\/wp\/v2\/types\/post"}],"author":[{"embeddable":true,"href":"https:\/\/cimbcc.org\/test2\/wp-json\/wp\/v2\/users\/43"}],"replies":[{"embeddable":true,"href":"https:\/\/cimbcc.org\/test2\/wp-json\/wp\/v2\/comments?post=23287"}],"version-history":[{"count":6,"href":"https:\/\/cimbcc.org\/test2\/wp-json\/wp\/v2\/posts\/23287\/revisions"}],"predecessor-version":[{"id":25069,"href":"https:\/\/cimbcc.org\/test2\/wp-json\/wp\/v2\/posts\/23287\/revisions\/25069"}],"wp:attachment":[{"href":"https:\/\/cimbcc.org\/test2\/wp-json\/wp\/v2\/media?parent=23287"}],"wp:term":[{"taxonomy":"category","embeddable":true,"href":"https:\/\/cimbcc.org\/test2\/wp-json\/wp\/v2\/categories?post=23287"},{"taxonomy":"post_tag","embeddable":true,"href":"https:\/\/cimbcc.org\/test2\/wp-json\/wp\/v2\/tags?post=23287"}],"curies":[{"name":"wp","href":"https:\/\/api.w.org\/{rel}","templated":true}]}}