{"id":23349,"date":"2018-12-04T00:00:39","date_gmt":"2018-12-04T05:00:39","guid":{"rendered":"https:\/\/cimbcc.org\/test2\/?p=23349"},"modified":"2023-10-16T22:14:30","modified_gmt":"2023-10-17T02:14:30","slug":"saint-bruno-une-application-pour-le-transport-en-commun-avec-le-rtl","status":"publish","type":"post","link":"https:\/\/cimbcc.org\/test2\/saint-bruno-une-application-pour-le-transport-en-commun-avec-le-rtl\/","title":{"rendered":"Saint-Bruno: une application pour le transport en commun avec le RTL"},"content":{"rendered":"<figure id=\"attachment_24120\" aria-describedby=\"caption-attachment-24120\" style=\"width: 125px\" class=\"wp-caption aligncenter\"><img loading=\"lazy\" decoding=\"async\" class=\"size-full wp-image-24120\" src=\"https:\/\/cimbcc.org\/test2\/wp-content\/uploads\/photo_dion_celine.jpg\" alt=\"\" width=\"125\" height=\"126\" \/><figcaption id=\"caption-attachment-24120\" class=\"wp-caption-text\"><span style=\"color: #ffffff;\">mmmm<\/span>C\u00e9line Dion<\/figcaption><\/figure>\n<p style=\"text-align: justify;\">Pour inciter ces citoyens qui n&rsquo;utilisent pas le <a href=\"http:\/\/www.rtl-longueuil.qc.ca\/\" target=\"_blank\" rel=\"noopener\"><em>R\u00e9seau de transport de Longueuil<\/em> (RTL)<\/a> parce que ceux-ci demeurent trop loin des points d&#8217;embarquement, la <a href=\"https:\/\/www.stbruno.ca\/RTL-projet-micro-transit\" target=\"_blank\" rel=\"noopener\">ville de Saint-Bruno-de-Montarville teste,<\/a> depuis la mi-novembre, l&rsquo;application mobile <a href=\"http:\/\/www.rtl-longueuil.qc.ca\/Contenu.aspx?NavID=4724&amp;CultureCode=fr-CA\" target=\"_blank\" rel=\"noopener\">RTL \u00e0 la demande<\/a>.<\/p>\n<p><!--more--><\/p>\n<p style=\"text-align: justify;\">D\u00e8s son ouverture, cette application permet de demander un taxi, au m\u00eame prix que le trajet d&rsquo;autobus, soit 3,25$, pour vous amener au point d&#8217;embarquement du RTL le plus pr\u00e8s.\u00a0 L&rsquo;application informe l&rsquo;usager du moment auquel le taxi viendra le prendre, habituellement dans un d\u00e9lai de 15 minutes.<\/p>\n<p style=\"text-align: justify;\">Ce service\u00a0a \u00e9t\u00e9 annonc\u00e9, entre autres, <a href=\"https:\/\/www.journaldemontreal.com\/2018\/11\/25\/taxi-sur-demande-au-prix-dun-autobus-a-longueuil\" target=\"_blank\" rel=\"noopener\">dans le Journal de Montr\u00e9al du 25 novembre 2018<\/a>. L&rsquo;application mobile peut s&rsquo;installer sur des appareils <a href=\"https:\/\/play.google.com\/store\/apps\/details?id=rtl.demande\" target=\"_blank\" rel=\"noopener\">Android<\/a> ou <a href=\"https:\/\/itunes.apple.com\/us\/app\/rtl-rider\/id1437484050?mt=8&amp;ign-mpt=uo%3D2\" target=\"_blank\" rel=\"noopener\">Apple<\/a>.<\/p>\n<p style=\"text-align: justify;\"><a href=\"http:\/\/www.rtl-longueuil.qc.ca\/Contenu.aspx?NavID=4724&amp;CultureCode=fr-CA\" target=\"_blank\" rel=\"noopener\"><strong>RTL \u00e0 la demande<\/strong><\/a> est disponible aux heures de pointe du <a href=\"http:\/\/www.rtl-longueuil.qc.ca\/Contenu.aspx?NavID=4945&amp;CultureCode=fr-CA\" target=\"_blank\" rel=\"noopener\"><strong>lundi au vendredi, entre 5h\u00a030 et 8h\u00a005 et de 16h\u00a010 \u00e0 18h\u00a040<\/strong><\/a>. Pour le moment, ce projet-pilote est offert aux r\u00e9sidents qui demeurent dans le secteur au <a href=\"http:\/\/www.rtl-longueuil.qc.ca\/Contenu.aspx?NavID=4946&amp;CultureCode=fr-CA\" target=\"_blank\" rel=\"noopener\"><strong>sud de la route 116,\u00a0pr\u00e8s de la mont\u00e9e Sabourin et du Grand Boulevard<\/strong><\/a>.<\/p>\n<p style=\"text-align: justify;\">C\u00e9line Dion<\/p>\n<p style=\"text-align: justify;\"><iframe loading=\"lazy\" src=\"https:\/\/docs.google.com\/forms\/d\/e\/1FAIpQLSffdfe6kQOMOvJ5Wx1sWKkHlzO5aIa0qxYqxfqYfOQiyC4jHA\/viewform?embedded=true\" width=\"640\" height=\"720\" frameborder=\"0\" marginwidth=\"0\" marginheight=\"0\">Chargement en cours&#8230;<\/iframe><\/p>\n<p style=\"text-align: left;\"><a href=\"https:\/\/cimbcc.org\/test2\/resultats-du-sondage-pour-les-residents-de-st-bruno-de-montarville-au-sud-de-la-route-116\">R\u00e9sultats du sondage<\/a><\/p>\n","protected":false},"excerpt":{"rendered":"<p>Pour inciter ces citoyens qui n&rsquo;utilisent pas le R\u00e9seau de transport de Longueuil (RTL) parce que ceux-ci demeurent trop loin des points d&#8217;embarquement, la ville de Saint-Bruno-de-Montarville teste, depuis la mi-novembre, l&rsquo;application mobile RTL \u00e0 la demande.<\/p>\n","protected":false},"author":43,"featured_media":0,"comment_status":"open","ping_status":"closed","sticky":false,"template":"","format":"standard","meta":{"footnotes":""},"categories":[403],"tags":[107,708,390,886,104,194,885],"class_list":["post-23349","post","type-post","status-publish","format-standard","hentry","category-applications","tag-android","tag-autobus","tag-ios","tag-rtl-sur-demande","tag-telephone-intelligent","tag-trains","tag-transport-en-commun"],"_links":{"self":[{"href":"https:\/\/cimbcc.org\/test2\/wp-json\/wp\/v2\/posts\/23349","targetHints":{"allow":["GET"]}}],"collection":[{"href":"https:\/\/cimbcc.org\/test2\/wp-json\/wp\/v2\/posts"}],"about":[{"href":"https:\/\/cimbcc.org\/test2\/wp-json\/wp\/v2\/types\/post"}],"author":[{"embeddable":true,"href":"https:\/\/cimbcc.org\/test2\/wp-json\/wp\/v2\/users\/43"}],"replies":[{"embeddable":true,"href":"https:\/\/cimbcc.org\/test2\/wp-json\/wp\/v2\/comments?post=23349"}],"version-history":[{"count":18,"href":"https:\/\/cimbcc.org\/test2\/wp-json\/wp\/v2\/posts\/23349\/revisions"}],"predecessor-version":[{"id":24602,"href":"https:\/\/cimbcc.org\/test2\/wp-json\/wp\/v2\/posts\/23349\/revisions\/24602"}],"wp:attachment":[{"href":"https:\/\/cimbcc.org\/test2\/wp-json\/wp\/v2\/media?parent=23349"}],"wp:term":[{"taxonomy":"category","embeddable":true,"href":"https:\/\/cimbcc.org\/test2\/wp-json\/wp\/v2\/categories?post=23349"},{"taxonomy":"post_tag","embeddable":true,"href":"https:\/\/cimbcc.org\/test2\/wp-json\/wp\/v2\/tags?post=23349"}],"curies":[{"name":"wp","href":"https:\/\/api.w.org\/{rel}","templated":true}]}}