{"id":23554,"date":"2018-12-24T00:00:35","date_gmt":"2018-12-24T05:00:35","guid":{"rendered":"https:\/\/cimbcc.org\/test2\/?p=23554"},"modified":"2023-10-16T22:14:29","modified_gmt":"2023-10-17T02:14:29","slug":"recours-collectifs-pour-ecrans-cathodiques-et-pieces-dautomobile","status":"publish","type":"post","link":"https:\/\/cimbcc.org\/test2\/recours-collectifs-pour-ecrans-cathodiques-et-pieces-dautomobile\/","title":{"rendered":"Recours collectifs pour \u00e9crans cathodiques et pi\u00e8ces d&rsquo;automobile"},"content":{"rendered":"<figure id=\"attachment_24081\" aria-describedby=\"caption-attachment-24081\" style=\"width: 125px\" class=\"wp-caption aligncenter\"><img loading=\"lazy\" decoding=\"async\" class=\"size-full wp-image-24081\" src=\"https:\/\/cimbcc.org\/test2\/wp-content\/uploads\/photo_charron_denis.jpg\" alt=\"\" width=\"125\" height=\"125\" \/><figcaption id=\"caption-attachment-24081\" class=\"wp-caption-text\"><span style=\"color: #ffffff;\">mmm<\/span>Denis Charron<\/figcaption><\/figure>\n<p style=\"text-align: justify;\">Cet article a pour but de vous informer de deux recours collectifs auxquels vous pourriez avoir le droit de vous joindre\u00a0:<\/p>\n<ul>\n<li style=\"text-align: justify;\">T\u00e9l\u00e9vision ou \u00e9cran d&rsquo;ordinateur \u00e0 tube cathodique achet\u00e9 entre mars 1995 et novembre 2007\u00a0;<\/li>\n<li style=\"text-align: justify;\">Gaines de c\u00e2bles \u00e9lectriques install\u00e9es dans des autos neuves achet\u00e9es entre 2005 et 2014.<\/li>\n<\/ul>\n<h4><!--more--><\/h4>\n<hr \/>\n<h4>T\u00e9l\u00e9vision ou \u00e9cran d&rsquo;ordinateur \u00e0 <a href=\"https:\/\/fr.wikipedia.org\/wiki\/Tube_cathodique\" target=\"_blank\" rel=\"noopener\">tube cathodique<\/a><\/h4>\n<p style=\"text-align: justify;\"><em>\u00ab\u00a0Ainsi, tous les Canadiens ayant achet\u00e9 une t\u00e9l\u00e9vision ou un \u00e9cran d\u2019ordinateur \u00e0 tubes cathodiques entre mars 1995 et novembre 2007 peuvent d\u00e9poser une r\u00e9clamation, et ce, m\u00eame si nous n\u2019avons plus le re\u00e7u.<\/em><\/p>\n<p style=\"text-align: justify;\"><em>Nous avons jusqu\u2019au <strong>1er\u00a0mars 2019<\/strong> pour d\u00e9poser notre r\u00e9clamation en ligne\u00a0<a href=\"https:\/\/www.francoischarron.com\/redirection-1543868118\/http:\/www.recourscrt.com\/\" target=\"_blank\" rel=\"noopener\"><strong>sur ce site<\/strong><\/a>.\u00a0\u00bb<\/em><\/p>\n<p style=\"text-align: justify;\">Aucune facture ou \u00e9cran n&rsquo;est requis.<\/p>\n<p style=\"text-align: justify;\">Vous pourrez avoir plus d&rsquo;informations sur le site de Fran\u00e7ois Charron <a href=\"https:\/\/www.francoischarron.com\/obtenez-de-largent-pour-votre-television-crt-avec-ce-recours-collectif\/-\/MUamCH6fmq\/\" target=\"_blank\" rel=\"noopener\">en cliquant ici<\/a>.<\/p>\n<hr \/>\n<h4 style=\"text-align: justify;\">Gaines de c\u00e2bles \u00e9lectriques pour automobile<\/h4>\n<p style=\"text-align: justify;\">Un autre recours collectif est en cours pour les propri\u00e9taires de voitures neuves achet\u00e9es entre 2005 et 2014 au sujet des gaines de c\u00e2bles \u00e9lectriques.<\/p>\n<p style=\"text-align: justify;\">Vous pourrez avoir plus d&rsquo;informations <a href=\"https:\/\/www.siskinds.com\/fr\/pieces-automobiles-gaines-de-fils-electriques\/\" target=\"_blank\" rel=\"noopener\">en cliquant ici<\/a>.<\/p>\n<hr \/>\n<p>Denis Charron<\/p>\n","protected":false},"excerpt":{"rendered":"<p>Cet article a pour but de vous informer de deux recours collectifs auxquels vous pourriez avoir le droit de vous joindre\u00a0: T\u00e9l\u00e9vision ou \u00e9cran d&rsquo;ordinateur \u00e0 tube cathodique achet\u00e9 entre mars 1995 et novembre 2007\u00a0; Gaines de c\u00e2bles \u00e9lectriques install\u00e9es dans des autos neuves achet\u00e9es entre 2005 et 2014.<\/p>\n","protected":false},"author":43,"featured_media":0,"comment_status":"open","ping_status":"closed","sticky":false,"template":"","format":"standard","meta":{"footnotes":""},"categories":[24],"tags":[629,714,887,581],"class_list":["post-23554","post","type-post","status-publish","format-standard","hentry","category-conseils-pratiques","tag-automobile","tag-ecran","tag-recours-collectif","tag-television"],"_links":{"self":[{"href":"https:\/\/cimbcc.org\/test2\/wp-json\/wp\/v2\/posts\/23554","targetHints":{"allow":["GET"]}}],"collection":[{"href":"https:\/\/cimbcc.org\/test2\/wp-json\/wp\/v2\/posts"}],"about":[{"href":"https:\/\/cimbcc.org\/test2\/wp-json\/wp\/v2\/types\/post"}],"author":[{"embeddable":true,"href":"https:\/\/cimbcc.org\/test2\/wp-json\/wp\/v2\/users\/43"}],"replies":[{"embeddable":true,"href":"https:\/\/cimbcc.org\/test2\/wp-json\/wp\/v2\/comments?post=23554"}],"version-history":[{"count":6,"href":"https:\/\/cimbcc.org\/test2\/wp-json\/wp\/v2\/posts\/23554\/revisions"}],"predecessor-version":[{"id":25066,"href":"https:\/\/cimbcc.org\/test2\/wp-json\/wp\/v2\/posts\/23554\/revisions\/25066"}],"wp:attachment":[{"href":"https:\/\/cimbcc.org\/test2\/wp-json\/wp\/v2\/media?parent=23554"}],"wp:term":[{"taxonomy":"category","embeddable":true,"href":"https:\/\/cimbcc.org\/test2\/wp-json\/wp\/v2\/categories?post=23554"},{"taxonomy":"post_tag","embeddable":true,"href":"https:\/\/cimbcc.org\/test2\/wp-json\/wp\/v2\/tags?post=23554"}],"curies":[{"name":"wp","href":"https:\/\/api.w.org\/{rel}","templated":true}]}}