{"id":23642,"date":"2019-01-10T00:00:27","date_gmt":"2019-01-10T05:00:27","guid":{"rendered":"https:\/\/cimbcc.org\/test2\/?p=23642"},"modified":"2023-10-16T22:14:29","modified_gmt":"2023-10-17T02:14:29","slug":"presentations-2018-2019-du-mercredi-et-du-vendredi-au-cimbcc","status":"publish","type":"post","link":"https:\/\/cimbcc.org\/test2\/presentations-2018-2019-du-mercredi-et-du-vendredi-au-cimbcc\/","title":{"rendered":"Pr\u00e9sentations 2018-2019 du mercredi et du vendredi au CIMBCC"},"content":{"rendered":"<figure id=\"attachment_23657\" aria-describedby=\"caption-attachment-23657\" style=\"width: 255px\" class=\"wp-caption aligncenter\"><img loading=\"lazy\" decoding=\"async\" class=\"size-full wp-image-23657\" src=\"https:\/\/cimbcc.org\/test2\/wp-content\/uploads\/CHP-2019-01-10-Dufresne_B\u00e9langer.jpg\" alt=\"\" width=\"255\" height=\"125\" \/><figcaption id=\"caption-attachment-23657\" class=\"wp-caption-text\"><span style=\"color: #ffffff;\">mmm<\/span>C\u00e9line Dufresne <span style=\"color: #ffffff;\">nnnnnnet<\/span> Guy B\u00e9langer<\/figcaption><\/figure>\n<h4>Pr\u00e9sentations 2019<\/h4>\n<p style=\"text-align: justify;\">Le 23 novembre dernier marquait la fin des pr\u00e9sentations du CIMBCC pour l\u2019automne 2018. Comme l\u2019ann\u00e9e derni\u00e8re, les pr\u00e9sentations de la s\u00e9rie Facile ont \u00e9t\u00e9 group\u00e9es les vendredis et celles de la s\u00e9rie D\u00e9couverte les mercredis.<\/p>\n<p style=\"text-align: justify;\"><strong>Les pr\u00e9sentations de la prochaine saison reprendront le 23\u00a0janvier 2019 \u00e0 19\u00a0h\u00a030.<\/strong><\/p>\n<p style=\"text-align: justify;\">Le texte actuel fait un bilan des pr\u00e9sentations de l&rsquo;automne 2018 et il annonce certains points importants pour les sessions de l&rsquo;hiver 2019.<\/p>\n<p style=\"text-align: justify;\"><!--more--><\/p>\n<hr \/>\n<h4>S\u00e9rie Facile<\/h4>\n<p style=\"text-align: justify;\">Les onze pr\u00e9sentations de la <a href=\"https:\/\/cimbcc.org\/test2\/wp-content\/uploads\/Calendrier_des_presentations_2018-2019_Facile.pdf\" target=\"_blank\" rel=\"noopener\">s\u00e9rie Facile<\/a> ont port\u00e9 sur des \u00e9l\u00e9ments de base comme\u00a0:<\/p>\n<ul>\n<li style=\"text-align: justify;\">l\u2019exploration en d\u00e9tail du navigateur Internet Chrome (deux pr\u00e9sentations &#8211; <a href=\"https:\/\/cimbcc.org\/test2\/wp-content\/uploads\/Notes-2018-09-14-Chrome-1-1.pdf\" target=\"_blank\" rel=\"noopener\">Chrome 1<\/a> et <a href=\"https:\/\/cimbcc.org\/test2\/wp-content\/uploads\/Notes-2018-09-21-Chrome-2.pdf\" target=\"_blank\" rel=\"noopener\">Chrome 2<\/a>);<\/li>\n<li><a href=\"https:\/\/cimbcc.org\/test2\/wp-content\/uploads\/Notes-2018-09-26-Gestion-ordi.pdf\" target=\"_blank\" rel=\"noopener\">comment se retrouver sur son ordinateur<\/a>;<\/li>\n<li style=\"text-align: justify;\"><a href=\"https:\/\/cimbcc.org\/test2\/wp-content\/uploads\/Notes-2018-10-05-Gestion-dossiers.pdf\" target=\"_blank\" rel=\"noopener\">la gestion des fichiers et des dossiers<\/a>;<\/li>\n<li style=\"text-align: justify;\"><a href=\"https:\/\/cimbcc.org\/test2\/wp-content\/uploads\/Notes-2018-10-12-Photos.pdf\" target=\"_blank\" rel=\"noopener\">la gestion et le traitement de nos photos<\/a> accumul\u00e9es sur notre ordinateur;<\/li>\n<li style=\"text-align: justify;\">les conseils traitant de la s\u00e9curit\u00e9 (<a href=\"https:\/\/cimbcc.org\/test2\/wp-content\/uploads\/Notes-2018-11-16-Transactions-securitaires.pdf\" target=\"_blank\" rel=\"noopener\">transactions bancaires ou achats sur Internet<\/a>, <a href=\"https:\/\/cimbcc.org\/test2\/wp-content\/uploads\/Notes-2018-10-26-Antivirus-Defender.pdf\" target=\"_blank\" rel=\"noopener\">antivirus de Windows 10<\/a>);<\/li>\n<li style=\"text-align: justify;\">l\u2019outil courriel de Outlook.com de Microsoft (deux pr\u00e9sentations &#8211; <a href=\"https:\/\/cimbcc.org\/test2\/wp-content\/uploads\/Notes-2018-11-02-Outlook-1.pdf\" target=\"_blank\" rel=\"noopener\">Outlook 1<\/a> et <a href=\"https:\/\/cimbcc.org\/test2\/wp-content\/uploads\/Notes-2018-11-09-Securite-Outlook.pdf\" target=\"_blank\" rel=\"noopener\">Outlook 2<\/a>);<\/li>\n<li><a href=\"https:\/\/cimbcc.org\/test2\/wp-content\/uploads\/Notes-2018-11-23-Fausses-nouvelles-et-Recherches-et-traduction-Google.pdf\" target=\"_blank\" rel=\"noopener\">les fausses nouvelles et les outils de recherche de Google<\/a>;<\/li>\n<li style=\"text-align: justify;\"><a href=\"https:\/\/cimbcc.org\/test2\/wp-content\/uploads\/Notes-2018-10-19-Facebook-Presentation.pdf\" target=\"_blank\" rel=\"noopener\">une introduction \u00e0 Facebook<\/a>.<\/li>\n<\/ul>\n<p style=\"text-align: justify;\">Les pr\u00e9sences \u00e0 ces pr\u00e9sentations ont \u00e9t\u00e9 soutenues,\u00a0<strong>au-del\u00e0 de 100\u00a0personnes<\/strong>, avec une l\u00e9g\u00e8re baisse en fin de parcours pour les trois derni\u00e8res s\u00e9ances.<\/p>\n<p style=\"text-align: justify;\">Le graphique suivant illustre l\u2019historique des pr\u00e9sences pour les ann\u00e9es 2017 et 2018. En comparant les pr\u00e9sences des deux saisons, on note une diminution notable pour 2018 comparativement \u00e0 2017.<\/p>\n<p style=\"text-align: justify;\"><img loading=\"lazy\" decoding=\"async\" class=\"size-full wp-image-23643 aligncenter\" src=\"https:\/\/cimbcc.org\/test2\/wp-content\/uploads\/CHIP-2019-01-10-Facile.jpg\" alt=\"\" width=\"605\" height=\"330\" srcset=\"https:\/\/cimbcc.org\/test2\/wp-content\/uploads\/CHIP-2019-01-10-Facile.jpg 605w, https:\/\/cimbcc.org\/test2\/wp-content\/uploads\/CHIP-2019-01-10-Facile-300x164.jpg 300w\" sizes=\"auto, (max-width: 605px) 100vw, 605px\" \/><\/p>\n<p style=\"text-align: justify;\"><strong>Pour l\u2019hiver 2019, les m\u00eames sujets seront trait\u00e9s<\/strong>, mais aussi viendra se greffer l\u2019Assembl\u00e9e g\u00e9n\u00e9rale annuelle (AGA) des membres, le mercredi 10\u00a0avril.<\/p>\n<hr \/>\n<h4>S\u00e9rie D\u00e9couverte<\/h4>\n<p style=\"text-align: justify;\">L\u2019\u00e9quipe charg\u00e9e d\u2019\u00e9tablir le programme de la saison 2018-2019 pour la <a href=\"https:\/\/cimbcc.org\/test2\/wp-content\/uploads\/Calendrier_des_presentations_2018-2019_Decouverte.pdf\" target=\"_blank\" rel=\"noopener\">s\u00e9rie D\u00e9couverte<\/a>, les mercredis, a fait un effort pour attirer des sujets et des pr\u00e9sentateurs nouveaux. Certains th\u00e8mes des ann\u00e9es pass\u00e9es ont aussi \u00e9t\u00e9 repris.<\/p>\n<p style=\"text-align: justify;\">Ainsi, on a abord\u00e9 des <strong>nouveaut\u00e9s\u00a0:<\/strong><\/p>\n<ul>\n<li style=\"text-align: justify;\">comme l\u2019<a href=\"https:\/\/cimbcc.org\/test2\/wp-content\/uploads\/Notes-2018-10-03-Internet-des-Objets.pdf\" target=\"_blank\" rel=\"noopener\">Internet des objets<\/a>;<\/li>\n<li style=\"text-align: justify;\">avec un exemple concret qu\u2019est le <a href=\"https:\/\/cimbcc.org\/test2\/wp-content\/uploads\/Notes-2018-10-03-Google-Home.pdf\" target=\"_blank\" rel=\"noopener\">Google Home<\/a>.<\/li>\n<\/ul>\n<p style=\"text-align: justify;\">Parmi les autres <strong>primeurs<\/strong>, on peut mentionner\u00a0:<\/p>\n<ul>\n<li style=\"text-align: justify;\"><a href=\"https:\/\/cimbcc.org\/test2\/wp-content\/uploads\/Notes-2018-09-19-Linux.pdf\" target=\"_blank\" rel=\"noopener\">le syst\u00e8me d\u2019exploitation Linux<\/a>;<\/li>\n<li style=\"text-align: justify;\"><a href=\"https:\/\/cimbcc.org\/test2\/wp-content\/uploads\/Notes-2018-11-14-Instagram.pdf\" target=\"_blank\" rel=\"noopener\">le r\u00e9seau social Instagram<\/a>;<\/li>\n<li style=\"text-align: justify;\">l\u2019outil Si ceci alors cela (<a href=\"https:\/\/fr.wikipedia.org\/wiki\/IFTTT\" target=\"_blank\" rel=\"noopener\">If This, Then That<\/a>);<\/li>\n<li style=\"text-align: justify;\"><a href=\"https:\/\/cimbcc.org\/test2\/wp-content\/uploads\/Notes-2018-11-21-Gmail.pdf\" target=\"_blank\" rel=\"noopener\">Gmail<\/a> comme outil de courriel;<\/li>\n<li style=\"text-align: justify;\">les <a href=\"https:\/\/cimbcc.org\/test2\/wp-content\/uploads\/Notes-2018-10-11-18-Windows-10.pdf\" target=\"_blank\" rel=\"noopener\">param\u00e8tres de Windows 10<\/a> pour tirer le meilleur profit de ce syst\u00e8me d\u2019exploitation.<\/li>\n<\/ul>\n<p style=\"text-align: justify;\">Parmi les sujets qui ont \u00e9t\u00e9 des <strong>reprises, mises \u00e0 jour<\/strong>, nous pouvons citer\u00a0:<\/p>\n<ul>\n<li style=\"text-align: justify;\"><a href=\"https:\/\/cimbcc.org\/test2\/wp-content\/uploads\/Notes-2018-09-12-Wiki.pdf\" target=\"_blank\" rel=\"noopener\">Wikip\u00e9dia et les logiciels libres<\/a>;<\/li>\n<li style=\"text-align: justify;\"><a href=\"https:\/\/cimbcc.org\/test2\/wp-content\/uploads\/Notes-2018-09-26-Movie.pdf\" target=\"_blank\" rel=\"noopener\">l\u2019\u00e9dition des vid\u00e9os avec Microsoft Movie Maker<\/a>;<\/li>\n<li style=\"text-align: justify;\"><a href=\"https:\/\/cimbcc.org\/test2\/wp-content\/uploads\/Notes-2018-11-14-Twitter.pdf\" target=\"_blank\" rel=\"noopener\">Twitter<\/a>;<\/li>\n<li style=\"text-align: justify;\">les <a href=\"https:\/\/cimbcc.org\/test2\/wp-content\/uploads\/Notes-2018-10-24-Tablettes.pdf\" target=\"_blank\" rel=\"noopener\">tablettes<\/a>, les <a href=\"https:\/\/cimbcc.org\/test2\/wp-content\/uploads\/Notes-2018-10-24-Lecture-Electronique.pdf\" target=\"_blank\" rel=\"noopener\">liseuses<\/a> et les <a href=\"https:\/\/cimbcc.org\/test2\/wp-content\/uploads\/Notes-2018-10-31-Telephones-Intelligents.pdf\" target=\"_blank\" rel=\"noopener\">t\u00e9l\u00e9phones intelligents<\/a>.<\/li>\n<\/ul>\n<p style=\"text-align: justify;\">Pour la saison d\u2019hiver 2019, trois <strong>nouveaux sujets<\/strong> seront abord\u00e9s soit\u00a0:<\/p>\n<ul>\n<li style=\"text-align: justify;\">un outil de raccourcis nomm\u00e9 <a href=\"https:\/\/cedeq.com\/shortkeeper\/fr\" target=\"_blank\" rel=\"noopener\">ShortKeeper<\/a>;<\/li>\n<li style=\"text-align: justify;\">une br\u00e8ve revue de la suite <a href=\"https:\/\/products.office.com\/fr-CA\/compare-all-microsoft-office-products-b?tab=2&amp;OCID=AID737190_SEM_RI63XH8t&amp;lnkd=Google_O365SMB_NI&amp;gclid=CjwKCAiAmO3gBRBBEiwA8d0Q4sAnMLlKqhWFm0AnGwjgoEbFASlYk2fNEBfXpdo24Xzc5pAXF2Y8jxoCiY8QAvD_BwE\" target=\"_blank\" rel=\"noopener\">Office 365<\/a> de Microsoft;<\/li>\n<li style=\"text-align: justify;\">l\u2019utilisation d\u2019un <a href=\"https:\/\/myaccount.google.com\/intro?hl=fr-CA\" target=\"_blank\" rel=\"noopener\">compte Google<\/a>.<\/li>\n<\/ul>\n<p style=\"text-align: justify;\">Au chapitre de l\u2019assistance aux pr\u00e9sentations de la s\u00e9rie D\u00e9couverte, le public est un peu moins nombreux que pour la s\u00e9rie Facile. Les s\u00e9ances les plus populaires (plus de 100 personnes) traitaient de la description des param\u00e8tres de Windows\u00a010.<\/p>\n<p style=\"text-align: justify;\">L\u2019histogramme ci-dessous illustre ces observations.<\/p>\n<p style=\"text-align: justify;\"><img loading=\"lazy\" decoding=\"async\" class=\"size-full wp-image-23644 aligncenter\" src=\"https:\/\/cimbcc.org\/test2\/wp-content\/uploads\/CHIP-2019-01-10-D\u00e9couverte.jpg\" alt=\"\" width=\"605\" height=\"376\" srcset=\"https:\/\/cimbcc.org\/test2\/wp-content\/uploads\/CHIP-2019-01-10-D\u00e9couverte.jpg 605w, https:\/\/cimbcc.org\/test2\/wp-content\/uploads\/CHIP-2019-01-10-D\u00e9couverte-300x186.jpg 300w\" sizes=\"auto, (max-width: 605px) 100vw, 605px\" \/><\/p>\n<p style=\"text-align: justify;\">Les diff\u00e9rences entre 2017 et 2018 sont moins prononc\u00e9es pour la s\u00e9rie D\u00e9couverte que pour la s\u00e9rie Facile.<\/p>\n<hr \/>\n<h4>Pr\u00e9sentatrices, pr\u00e9sentateurs et b\u00e9n\u00e9voles<\/h4>\n<p style=\"text-align: justify;\">Caract\u00e9ristique propre au CIMBCC, les pr\u00e9sentations offertes par le club sont rendues possibles gr\u00e2ce \u00e0 la collaboration de plusieurs b\u00e9n\u00e9voles pour leur prestation et leur planification :<\/p>\n<ul>\n<li style=\"text-align: justify;\">mesdames\u00a0:\n<ul>\n<li style=\"text-align: justify;\">Francine Couture;<\/li>\n<li style=\"text-align: justify;\">C\u00e9line Dufresne;<\/li>\n<li style=\"text-align: justify;\">Rita Olsthoorn.<\/li>\n<\/ul>\n<\/li>\n<li style=\"text-align: justify;\">messieurs\u00a0:\n<ul>\n<li style=\"text-align: justify;\">Robert Bujold;<\/li>\n<li style=\"text-align: justify;\">Denis Charron;<\/li>\n<li style=\"text-align: justify;\">R\u00e9jean C\u00f4t\u00e9;<\/li>\n<li style=\"text-align: justify;\">Bruno Fournier;<\/li>\n<li style=\"text-align: justify;\">Michel Gagn\u00e9;<\/li>\n<li style=\"text-align: justify;\">Sylvain Garneau;<\/li>\n<li style=\"text-align: justify;\">Denis Gravel;<\/li>\n<li style=\"text-align: justify;\">Robert Lachance;<\/li>\n<li style=\"text-align: justify;\">Gilles Lepage;<\/li>\n<li style=\"text-align: justify;\">Youssef Tijani.<\/li>\n<\/ul>\n<\/li>\n<\/ul>\n<p style=\"text-align: justify;\">De plus, nous d\u00e9sirons souligner le travail des nombreux b\u00e9n\u00e9voles qui rendent ces s\u00e9ances possibles, soit les \u00e9quipes\u00a0:<\/p>\n<ul>\n<li style=\"text-align: justify;\">\u00e0 l\u2019accueil;<\/li>\n<li style=\"text-align: justify;\">\u00e0 l\u2019am\u00e9nagement de la salle;<\/li>\n<li style=\"text-align: justify;\">au support technique;<\/li>\n<li style=\"text-align: justify;\"><a href=\"https:\/\/cimbcc.org\/test2\/entraide\/lassistance-avant-les-seances\" target=\"_blank\" rel=\"noopener\">au d\u00e9pannage informatique avant les s\u00e9ances<\/a>.<\/li>\n<\/ul>\n<hr \/>\n<h4>Notes de pr\u00e9sentation des saisons ant\u00e9rieures<\/h4>\n<p style=\"text-align: justify;\">Nous vous rappelons que les notes des pr\u00e9sentations sont toujours disponibles sur le site du club \u00e0 la fois pour l\u2019ann\u00e9e courante, mais aussi\u00a0<a href=\"https:\/\/cimbcc.org\/test2\/wp-content\/uploads\/Archives-2009-2018.pdf\" target=\"_blank\" rel=\"noopener\">\u00a0pour les ann\u00e9es pass\u00e9es \u00e0 partir de 2009<\/a>.<\/p>\n<hr \/>\n<h4>Prochaines pr\u00e9sentations<\/h4>\n<p style=\"text-align: justify;\">Nous remercions aussi toutes les personnes qui ont assist\u00e9 aux diverses pr\u00e9sentations de l&rsquo;automne 2018. Nous vous attendons aussi nombreuses et nombreux \u00e0 l&rsquo;hiver 2019 :<\/p>\n<ul>\n<li style=\"text-align: justify;\"><em><span style=\"color: #ff0000;\"><span style=\"color: #000000;\">le<\/span><\/span><\/em>\u00a0<strong><em><span style=\"color: #ff0000;\">mercredi soir<\/span>,\u00a0<\/em><\/strong><em><span style=\"color: #000000;\">pour\u00a0la<\/span> <\/em><strong><em><span style=\"color: #ff0000;\"><a href=\"https:\/\/cimbcc.org\/test2\/wp-content\/uploads\/Calendrier_des_presentations_2018-2019_Facile.pdf\" target=\"_blank\" rel=\"noopener\">s\u00e9rie Facile<\/a><\/span><\/em><\/strong><strong><em>,<\/em><\/strong> \u00e0 compter du 23\u00a0janvier \u00e0 19\u00a0h\u00a030 ;<\/li>\n<li style=\"text-align: justify;\">le\u00a0<strong><em><span style=\"color: #ff0000;\">vendredi apr\u00e8s-midi<\/span>,\u00a0<\/em><\/strong><em><span style=\"color: #ff0000;\"><span style=\"color: #000000;\">pour la\u00a0<\/span><\/span><\/em><strong><em><span style=\"color: #ff0000;\"><a href=\"https:\/\/cimbcc.org\/test2\/wp-content\/uploads\/Calendrier_des_presentations_2018-2019_Decouverte.pdf\" target=\"_blank\" rel=\"noopener\">s\u00e9rie D\u00e9couverte<\/a><\/span>,<\/em><\/strong> \u00e0 compter du 25\u00a0janvier \u00e0 13\u00a0h\u00a015.<\/li>\n<\/ul>\n<p style=\"text-align: justify;\">L\u2019\u00e9quipe des pr\u00e9sentations est toujours \u00e0 l\u2019aff\u00fbt de nouveaux sujets. Chaque membre peut nous faire des suggestions qui seront analys\u00e9es avec beaucoup d\u2019attention.<\/p>\n<hr \/>\n<h4>En cas de temp\u00eate<\/h4>\n<p style=\"text-align: justify;\">Nous tenons \u00e0 vous signaler qu\u2019<strong>en cas de temp\u00eate ou autre emp\u00eachement<\/strong>, un avis sera publi\u00e9 sous la rubrique des Calendriers et notes de pr\u00e9sentations, soit dans l\u2019onglet <a href=\"https:\/\/cimbcc.org\/test2\/wp-content\/uploads\/Calendrier_des_presentations_2018-2019_Facile.pdf\" target=\"_blank\" rel=\"noopener\">S\u00e9rie Facile 2018-2019 (mercredi)<\/a> ou <a href=\"https:\/\/cimbcc.org\/test2\/wp-content\/uploads\/Calendrier_des_presentations_2018-2019_Decouverte.pdf\" target=\"_blank\" rel=\"noopener\">S\u00e9rie D\u00e9couverte 2018-2019 (vendredi)<\/a>. Si requis, un <strong>avis d\u2019annulation<\/strong> sera publi\u00e9 au plus tard \u00e0 11\u00a0h, pour les pr\u00e9sentations du vendredi, ou 17 h, pour celles du mercredi.<\/p>\n<p style=\"text-align: justify;\"><strong>Donc, lorsque la temp\u00e9rature est incertaine, il vaut mieux\u00a0<a href=\"https:\/\/cimbcc.org\/test2\/\" target=\"_blank\" rel=\"noopener\">consulter les calendriers dans la colonne de droite sur la page d&rsquo;accueil du site du club<\/a>\u00a0avant de se pr\u00e9senter au <a href=\"https:\/\/cimbcc.org\/test2\/chalet-marie-victorin-saint-bruno\" target=\"_blank\" rel=\"noopener\">Chalet Marie-Victorin<\/a>.<\/strong><\/p>\n<p>C\u00e9line Dufresne et Guy B\u00e9langer,<br \/>\ncoresponsables des pr\u00e9sentations du mercredi et du vendredi<\/p>\n<p>&nbsp;<\/p>\n","protected":false},"excerpt":{"rendered":"<p>Pr\u00e9sentations 2019 Le 23 novembre dernier marquait la fin des pr\u00e9sentations du CIMBCC pour l\u2019automne 2018. Comme l\u2019ann\u00e9e derni\u00e8re, les pr\u00e9sentations de la s\u00e9rie Facile ont \u00e9t\u00e9 group\u00e9es les vendredis et celles de la s\u00e9rie D\u00e9couverte les mercredis. Les pr\u00e9sentations de la prochaine saison reprendront le 23\u00a0janvier 2019 \u00e0 19\u00a0h\u00a030. Le texte actuel fait un &hellip; <a href=\"https:\/\/cimbcc.org\/test2\/presentations-2018-2019-du-mercredi-et-du-vendredi-au-cimbcc\/\" class=\"more-link\">Continuer la lecture de <span class=\"screen-reader-text\">Pr\u00e9sentations 2018-2019 du mercredi et du vendredi au CIMBCC<\/span>  <span class=\"meta-nav\">&rarr;<\/span><\/a><\/p>\n","protected":false},"author":43,"featured_media":0,"comment_status":"open","ping_status":"closed","sticky":false,"template":"","format":"standard","meta":{"footnotes":""},"categories":[402],"tags":[79,371,370,271],"class_list":["post-23642","post","type-post","status-publish","format-standard","hentry","category-activites-du-club","tag-bilan","tag-decouverte","tag-facile","tag-presentations"],"_links":{"self":[{"href":"https:\/\/cimbcc.org\/test2\/wp-json\/wp\/v2\/posts\/23642","targetHints":{"allow":["GET"]}}],"collection":[{"href":"https:\/\/cimbcc.org\/test2\/wp-json\/wp\/v2\/posts"}],"about":[{"href":"https:\/\/cimbcc.org\/test2\/wp-json\/wp\/v2\/types\/post"}],"author":[{"embeddable":true,"href":"https:\/\/cimbcc.org\/test2\/wp-json\/wp\/v2\/users\/43"}],"replies":[{"embeddable":true,"href":"https:\/\/cimbcc.org\/test2\/wp-json\/wp\/v2\/comments?post=23642"}],"version-history":[{"count":46,"href":"https:\/\/cimbcc.org\/test2\/wp-json\/wp\/v2\/posts\/23642\/revisions"}],"predecessor-version":[{"id":23826,"href":"https:\/\/cimbcc.org\/test2\/wp-json\/wp\/v2\/posts\/23642\/revisions\/23826"}],"wp:attachment":[{"href":"https:\/\/cimbcc.org\/test2\/wp-json\/wp\/v2\/media?parent=23642"}],"wp:term":[{"taxonomy":"category","embeddable":true,"href":"https:\/\/cimbcc.org\/test2\/wp-json\/wp\/v2\/categories?post=23642"},{"taxonomy":"post_tag","embeddable":true,"href":"https:\/\/cimbcc.org\/test2\/wp-json\/wp\/v2\/tags?post=23642"}],"curies":[{"name":"wp","href":"https:\/\/api.w.org\/{rel}","templated":true}]}}