{"id":2385,"date":"2012-04-16T11:00:21","date_gmt":"2012-04-16T16:00:21","guid":{"rendered":"https:\/\/cimbcc.org\/test2\/?p=2385"},"modified":"2023-10-16T22:17:14","modified_gmt":"2023-10-17T02:17:14","slug":"echos-du-conseil-dadministration-comite-de-direction-avril-2012","status":"publish","type":"post","link":"https:\/\/cimbcc.org\/test2\/echos-du-conseil-dadministration-comite-de-direction-avril-2012\/","title":{"rendered":"\u00c9chos du conseil d&rsquo;administration (Comit\u00e9 de direction) &#8211; avril 2012"},"content":{"rendered":"<figure id=\"attachment_5745\" aria-describedby=\"caption-attachment-5745\" style=\"width: 320px\" class=\"wp-caption aligncenter\"><img loading=\"lazy\" decoding=\"async\" class=\"size-full wp-image-5745\" src=\"https:\/\/cimbcc.org\/test2\/wp-content\/uploads\/Photo-Du-CA-2011-2012.jpg\" alt=\"\" width=\"320\" height=\"85\" srcset=\"https:\/\/cimbcc.org\/test2\/wp-content\/uploads\/Photo-Du-CA-2011-2012.jpg 320w, https:\/\/cimbcc.org\/test2\/wp-content\/uploads\/Photo-Du-CA-2011-2012-300x79.jpg 300w\" sizes=\"auto, (max-width: 320px) 100vw, 320px\" \/><figcaption id=\"caption-attachment-5745\" class=\"wp-caption-text\">De gauche \u00e0 droite : Yvon Gaudreau, Roch Lafrance, Francine Desrosiers, R\u00e9jean C\u00f4t\u00e9, Annick Ledur, R\u00e9jean Daigle, Denis Dulude, Carmen Gamache, Andr\u00e9 Charest, Danielle Bourque et Michel Gagn\u00e9. Absent au moment de la prise de la photo, Walter Pearce.<\/figcaption><\/figure>\n<p style=\"text-align: justify;\">Votre comit\u00e9 de direction (CD) a tenu sa r\u00e9union r\u00e9guli\u00e8re de mars le 6\u00a0du mois. La r\u00e9union d\u2019avril a \u00e9t\u00e9 avanc\u00e9e au 27\u00a0mars pour pallier l\u2019absence de quelques membres \u00e0 la date originalement pr\u00e9vue (3\u00a0avril). Ces \u00e9chos du comit\u00e9 de direction couvrent les deux\u00a0r\u00e9unions.<\/p>\n<p style=\"text-align: justify;\"><!--more--><\/p>\n<p style=\"text-align: justify;\">Les R\u00e8glements g\u00e9n\u00e9raux ont de nouveau retenu l\u2019attention des membres. D&rsquo;ailleurs, le comit\u00e9 a adopt\u00e9 une version qui se voulait d\u00e9finitive des r\u00e8glements le 6\u00a0mars. Cette version a \u00e9t\u00e9 envoy\u00e9e aux membres avec l\u2019avis de convocation \u00e0 l\u2019assembl\u00e9e g\u00e9n\u00e9rale annuelle. Mais les R\u00e8glements g\u00e9n\u00e9raux sont revenus \u00e0 l\u2019ordre du jour le 27\u00a0mars et un changement a \u00e9t\u00e9 adopt\u00e9 concernant la dur\u00e9e du b\u00e9n\u00e9volat d\u2019un membre du club requise pour qu\u2019il soit \u00e9ligible au conseil d\u2019administration. Selon la toute derni\u00e8re version des r\u00e8glements, un membre du club est \u00e9ligible au conseil d\u2019administration s\u2019il a \u0153uvr\u00e9 comme b\u00e9n\u00e9vole; aucune p\u00e9riode de temps n\u2019est maintenant exig\u00e9e.<\/p>\n<p style=\"text-align: justify;\">Le 6\u00a0mars, le comit\u00e9 de direction a adopt\u00e9 deux\u00a0proc\u00e9dures, soit\u00a0:<\/p>\n<ol style=\"text-align: justify;\" start=\"1\">\n<li>une proc\u00e9dure sur le respect des lois, et<\/li>\n<li>une proc\u00e9dure sur l\u2019information fournie aux membres.<\/li>\n<\/ol>\n<p style=\"text-align: justify;\">Le comit\u00e9 de direction consid\u00e8re la possibilit\u00e9 d\u2019offrir un troisi\u00e8me\u00a0service \u00e0 la communaut\u00e9. Ce service, s\u2019il voit le jour, aurait deux\u00a0volets\u00a0:<\/p>\n<ol style=\"text-align: justify;\" start=\"1\">\n<li>permettre \u00e0 des repr\u00e9sentants d\u2019organisme sans but lucratif de s\u2019inscrire \u00e0 l\u2019atelier de montage de sites pour qu\u2019ils puissent monter et entretenir le site de leur organisme, et<\/li>\n<li>faire en sorte que des membres du CIMBCC aident des organismes sans but lucratif \u00e0 monter et \u00e0 maintenir leur site.<\/li>\n<\/ol>\n<p style=\"text-align: justify;\">L\u2019ouverture de notre blogue aux commentaires est report\u00e9e en septembre prochain, faute de suffisamment de temps des b\u00e9n\u00e9voles qui s\u2019en occupent.<\/p>\n<p style=\"text-align: justify;\">\u00c0 la r\u00e9union du 27\u00a0mars, le comit\u00e9 s\u2019est assez longuement pench\u00e9 sur la pr\u00e9paration de l\u2019assembl\u00e9e g\u00e9n\u00e9rale annuelle.<\/p>\n<p style=\"text-align: justify;\">Walter Pearce a commenc\u00e9 la pr\u00e9paration du souper des b\u00e9n\u00e9voles pr\u00e9vu pour le 9\u00a0mai. Le club a maintenant 59\u00a0b\u00e9n\u00e9voles. Un budget a \u00e9t\u00e9 adopt\u00e9 pour l\u2019\u00e9v\u00e9nement.<\/p>\n<p style=\"text-align: justify;\">Par suite de l\u2019adoption des R\u00e8glements g\u00e9n\u00e9raux du club \u00e0 l\u2019assembl\u00e9e g\u00e9n\u00e9rale annuelle du 11\u00a0avril, votre comit\u00e9 de direction, ainsi nomm\u00e9 il y a quatre\u00a0ans, devient le conseil d\u2019administration. La premi\u00e8re\u00a0r\u00e9union du nouveau conseil d\u2019administration est pr\u00e9vue pour le 1er\u00a0mai prochain.<\/p>\n<p style=\"text-align: justify;\">Andr\u00e9 Charest<\/p>\n","protected":false},"excerpt":{"rendered":"<p>Votre comit\u00e9 de direction (CD) a tenu sa r\u00e9union r\u00e9guli\u00e8re de mars le 6\u00a0du mois. La r\u00e9union d\u2019avril a \u00e9t\u00e9 avanc\u00e9e au 27\u00a0mars pour pallier l\u2019absence de quelques membres \u00e0 la date originalement pr\u00e9vue (3\u00a0avril). Ces \u00e9chos du comit\u00e9 de direction couvrent les deux\u00a0r\u00e9unions.<\/p>\n","protected":false},"author":43,"featured_media":0,"comment_status":"closed","ping_status":"closed","sticky":false,"template":"","format":"standard","meta":{"footnotes":""},"categories":[386],"tags":[569,126,954,568,399],"class_list":["post-2385","post","type-post","status-publish","format-standard","hentry","category-echos-du-conseil-dadministration","tag-assemblee-generale-annuelle","tag-benevoles","tag-organisme-sans-but-lucratif","tag-reglements-generaux","tag-souper"],"_links":{"self":[{"href":"https:\/\/cimbcc.org\/test2\/wp-json\/wp\/v2\/posts\/2385","targetHints":{"allow":["GET"]}}],"collection":[{"href":"https:\/\/cimbcc.org\/test2\/wp-json\/wp\/v2\/posts"}],"about":[{"href":"https:\/\/cimbcc.org\/test2\/wp-json\/wp\/v2\/types\/post"}],"author":[{"embeddable":true,"href":"https:\/\/cimbcc.org\/test2\/wp-json\/wp\/v2\/users\/43"}],"replies":[{"embeddable":true,"href":"https:\/\/cimbcc.org\/test2\/wp-json\/wp\/v2\/comments?post=2385"}],"version-history":[{"count":50,"href":"https:\/\/cimbcc.org\/test2\/wp-json\/wp\/v2\/posts\/2385\/revisions"}],"predecessor-version":[{"id":26055,"href":"https:\/\/cimbcc.org\/test2\/wp-json\/wp\/v2\/posts\/2385\/revisions\/26055"}],"wp:attachment":[{"href":"https:\/\/cimbcc.org\/test2\/wp-json\/wp\/v2\/media?parent=2385"}],"wp:term":[{"taxonomy":"category","embeddable":true,"href":"https:\/\/cimbcc.org\/test2\/wp-json\/wp\/v2\/categories?post=2385"},{"taxonomy":"post_tag","embeddable":true,"href":"https:\/\/cimbcc.org\/test2\/wp-json\/wp\/v2\/tags?post=2385"}],"curies":[{"name":"wp","href":"https:\/\/api.w.org\/{rel}","templated":true}]}}