{"id":23935,"date":"2019-01-25T00:01:04","date_gmt":"2019-01-25T05:01:04","guid":{"rendered":"https:\/\/cimbcc.org\/test2\/?p=23935"},"modified":"2023-10-16T22:14:29","modified_gmt":"2023-10-17T02:14:29","slug":"echos-du-conseil-dadministration-8-janvier-2019","status":"publish","type":"post","link":"https:\/\/cimbcc.org\/test2\/echos-du-conseil-dadministration-8-janvier-2019\/","title":{"rendered":"\u00c9chos du conseil d\u2019administration \u2014 8 janvier 2019"},"content":{"rendered":"<figure id=\"attachment_21147\" aria-describedby=\"caption-attachment-21147\" style=\"width: 500px\" class=\"wp-caption alignnone\"><img loading=\"lazy\" decoding=\"async\" class=\"size-full wp-image-21147\" src=\"https:\/\/cimbcc.org\/test2\/wp-content\/uploads\/CIMBCC-2018-2019r.jpg\" alt=\"CA 2018-2019\" width=\"500\" height=\"228\" srcset=\"https:\/\/cimbcc.org\/test2\/wp-content\/uploads\/CIMBCC-2018-2019r.jpg 500w, https:\/\/cimbcc.org\/test2\/wp-content\/uploads\/CIMBCC-2018-2019r-300x137.jpg 300w\" sizes=\"auto, (max-width: 500px) 100vw, 500px\" \/><figcaption id=\"caption-attachment-21147\" class=\"wp-caption-text\">Sur la premi\u00e8re rang\u00e9e : Huguette Turgeon, Danielle Bourque, Danielle Barab\u00e9, Berthe Demers, Sylvie Mazur. Sur la deuxi\u00e8me rang\u00e9e : Michel C\u00f4t\u00e9, Jacques Lalibert\u00e9, Michel Gagn\u00e9, Richard Gervais, R\u00e9jean C\u00f4t\u00e9.<\/figcaption><\/figure>\n<p style=\"text-align: justify;\">\u00c0 la premi\u00e8re r\u00e9union de 2019, le conseil d\u2019administration du club s\u2019est interrog\u00e9 sur le contenu de son site Web consacr\u00e9 aux membres honoraires. Il a fait le point sur les cours donn\u00e9s dans les biblioth\u00e8ques et sur des activit\u00e9s destin\u00e9es \u00e0 accro\u00eetre sa visibilit\u00e9 : des conf\u00e9rences dans des biblioth\u00e8ques et l\u2019inscription sur <em>Google My Business<\/em>. Enfin, le conseil a r\u00e9vis\u00e9 son budget et annonc\u00e9 ses intentions pour l\u2019an prochain.<\/p>\n<p style=\"text-align: justify;\"><!--more--><\/p>\n<h4 style=\"text-align: justify;\"><strong>\u00a0<\/strong><strong>Membres et b\u00e9n\u00e9voles<\/strong><\/h4>\n<p style=\"text-align: justify;\">Le club comptait 601 membres au d\u00e9but du mois, soit 60 de moins qu\u2019\u00e0 pareille date l\u2019an dernier.<\/p>\n<p style=\"text-align: justify;\">Nicole Comtois s\u2019est ajout\u00e9e aux 74 b\u00e9n\u00e9voles d\u00e9j\u00e0 \u00e0 l\u2019\u0153uvre au club.<\/p>\n<h4 style=\"text-align: justify;\"><strong>Membres honoraires<\/strong><\/h4>\n<p style=\"text-align: justify;\">\u00c0 la r\u00e9union de novembre dernier, le conseil d\u2019administration a confi\u00e9 \u00e0 Danielle Bourque le mandat de recueillir des informations sur trois membres honoraires qui ont \u0153uvr\u00e9 au club au cours des dix ans qui ont suivi sa cr\u00e9ation. Elle a depuis r\u00e9ussi \u00e0 obtenir quelques renseignements en faisant appel \u00e0 la m\u00e9moire de membres de longue date. Ces renseignements sont cependant tr\u00e8s limit\u00e9s. Ils ont \u00e9t\u00e9 jug\u00e9s insuffisants pour qu\u2019une page soit consacr\u00e9e \u00e0 chacun de ces membres dans la section r\u00e9serv\u00e9e aux <a href=\"https:\/\/cimbcc.org\/test2\/le-club-2\/nos-membres-honoraires\" target=\"_blank\" rel=\"noopener noreferrer\">membres honoraires<\/a> sur le site Web du club.<\/p>\n<p style=\"text-align: justify;\">Il semble impossible d\u2019obtenir plus d\u2019information sur ces trois personnes maintenant d\u00e9c\u00e9d\u00e9es et nous ignorons si d\u2019autres membres ont obtenu ce statut dans le pass\u00e9. Le conseil a d\u00e9cid\u00e9 d\u2019indiquer, dans le texte d\u2019introduction de la section sur les membres honoraires, que le club ne poss\u00e8de pas d\u2019information sur les membres honoraires d\u00e9sign\u00e9s avant 2003.<\/p>\n<h4 style=\"text-align: justify;\"><strong>Les cours dans les biblioth\u00e8ques<\/strong><\/h4>\n<p style=\"text-align: justify;\">Neuf instructeurs exp\u00e9riment\u00e9s donnent les <a href=\"https:\/\/cimbcc.org\/test2\/activites\/familiarisation-a-linternet\" target=\"_blank\" rel=\"noopener noreferrer\">cours d\u2019initiation<\/a> \u00e0 l\u2019ordinateur et \u00e0 Internet dans les biblioth\u00e8ques de <a href=\"https:\/\/www.stbruno.ca\/bibliotheque\" target=\"_blank\" rel=\"noopener noreferrer\">Saint-Bruno-de-Montarville<\/a>, <a href=\"https:\/\/www.ville.saint-basile-le-grand.qc.ca\/vie-active\/culture-et-decouverte\/bibliotheque\/\" target=\"_blank\" rel=\"noopener noreferrer\">Saint-Basile-Le-Grand<\/a> et <a href=\"https:\/\/www.ville.sainte-julie.qc.ca\/fr\/278\/Services_offerts\" target=\"_blank\" rel=\"noopener noreferrer\">Sainte-Julie<\/a>.<\/p>\n<p style=\"text-align: justify;\">Un cours de niveau 3 a \u00e9t\u00e9 ajout\u00e9 au cours pr\u00e9paratoire et aux cours de niveau 1 et 2. Il s\u2019agit de deux apr\u00e8s-midi de deux heures qui sont destin\u00e9s \u00e0 r\u00e9viser le contenu des niveaux pr\u00e9c\u00e9dents, \u00e0 revoir les \u00e9l\u00e9ments les plus complexes et \u00e0 r\u00e9pondre aux questions des participants. Ce niveau 3 sera anim\u00e9 par Huguette Turgeon et il sera implant\u00e9 \u00e0 compter d\u2019avril prochain.<\/p>\n<p style=\"text-align: justify;\">Michel Gagn\u00e9 a fait le m\u00eame constat cette ann\u00e9e que l\u2019an dernier : les cours dans les biblioth\u00e8ques ne sont plus la source de nouveaux membres qu\u2019ils \u00e9taient dans le pass\u00e9. Cette ann\u00e9e, il y a encore pr\u00e8s de 50 inscrits, mais 15 \u00e9taient d\u00e9j\u00e0 membres du club. Michel pr\u00e9voit que des cours d\u2019initiation seront encore donn\u00e9s dans les biblioth\u00e8ques pendant quelques ann\u00e9es, mais il faudra y renoncer quand il n\u2019y aura plus assez d&rsquo;inscriptions.<\/p>\n<h4 style=\"text-align: justify;\"><strong>Conf\u00e9rences dans des biblioth\u00e8ques<\/strong><\/h4>\n<p style=\"text-align: justify;\">Dans le cadre de son 35<sup>e<\/sup> anniversaire, le club a propos\u00e9 aux biblioth\u00e8ques de Saint-Bruno-de-Montarville, de Saint-Basile-le-Grand, de Sainte-Julie et de <a href=\"http:\/\/culture.beloeil.ca\/biblio\/\" target=\"_blank\" rel=\"noopener noreferrer\">Bel\u0153il<\/a> de tenir une conf\u00e9rence sur un sujet qui pouvait bien cadrer avec leur programme loisir et culture. Les quatre biblioth\u00e8ques ont accept\u00e9 cette proposition et une conf\u00e9rence a \u00e9t\u00e9 tenue dans chacune en octobre dernier. Elles ont attir\u00e9 une centaine de personnes et elles furent tr\u00e8s appr\u00e9ci\u00e9es.<\/p>\n<p style=\"text-align: justify;\">Ces conf\u00e9rences n\u2019ont pas donn\u00e9 les r\u00e9sultats souhait\u00e9s du point de vue du recrutement de nouveaux membres. Elles ont cependant fourni une bonne visibilit\u00e9 au club et elles ont renforc\u00e9 nos relations avec les biblioth\u00e8ques. L\u2019attention des usagers des biblioth\u00e8ques sera d\u00e9sormais attir\u00e9e vers les activit\u00e9s du club en employant divers moyens de communication.<\/p>\n<h4 style=\"text-align: justify;\"><strong><em>Google My Business<\/em><\/strong><\/h4>\n<p style=\"text-align: justify;\">Le Club informatique est enregistr\u00e9 sur <a href=\"https:\/\/www.google.com\/intl\/fr_ca\/business\/\" target=\"_blank\" rel=\"noopener noreferrer\"><em>Google My Business<\/em><\/a> depuis 8 mois. Gr\u00e2ce \u00e0 cela, un internaute obtient des informations sur le club \u00e0 la droite de la page des r\u00e9sultats propos\u00e9s par Google lorsqu\u2019il fait une recherche avec les mots Club informatique Mont-Bruno ou Club informatique Saint-Bruno. L\u2019internaute peut aussi y laisser un commentaire ou une question \u00e0 l\u2019intention du club. Jacques Lalibert\u00e9 a accept\u00e9 la responsabilit\u00e9 d\u2019y r\u00e9pondre.<\/p>\n<h4 style=\"text-align: justify;\"><strong>Suivi budg\u00e9taire<\/strong><\/h4>\n<p style=\"text-align: justify;\">Comme pr\u00e9vu au budget adopt\u00e9 en avril dernier, le conseil a autoris\u00e9 le paiement de la facture re\u00e7ue par la Ville de Saint-Bruno-de-Montarville pour la location des locaux utilis\u00e9s par le club et pour l\u2019utilisation du photocopieur.<\/p>\n<p style=\"text-align: justify;\">La tr\u00e9sori\u00e8re a d\u00e9pos\u00e9 un budget r\u00e9vis\u00e9 pour l\u2019ann\u00e9e en cours o\u00f9 les revenus sont moins importants que pr\u00e9vu. Cette r\u00e9vision a pour but de respecter le budget adopt\u00e9 et de maintenir le d\u00e9ficit au niveau pr\u00e9vu en r\u00e9duisant certaines d\u00e9penses.<\/p>\n<p style=\"text-align: justify;\">Le conseil a r\u00e9it\u00e9r\u00e9 son intention d\u2019adopter un budget \u00e9quilibr\u00e9 pour 2019-2020. Pour ce faire, il faudra tenir compte de la baisse anticip\u00e9e des cotisations et ajuster les d\u00e9penses en cons\u00e9quence. Des r\u00e9ponses favorables aux demandes d\u2019aide financi\u00e8re qui seront faites pourront aussi aider le club \u00e0 maintenir un budget \u00e9quilibr\u00e9.<\/p>\n<h4 style=\"text-align: justify;\"><strong>Mise \u00e0 jour d\u2019outils de gestion<\/strong><\/h4>\n<p style=\"text-align: justify;\">Le conseil d\u2019administration a approuv\u00e9 la mise \u00e0 jour les documents de r\u00e9f\u00e9rence suivants :<\/p>\n<ul style=\"text-align: justify;\">\n<li>Gestion des achats, des contrats et des d\u00e9penses<\/li>\n<li>Gestion des membres honoraires et des membres associ\u00e9s<\/li>\n<\/ul>\n<p style=\"text-align: justify;\">Sylvie Mazur<br \/>\nSecr\u00e9taire du CIMBCC<\/p>\n<p><em>\u00a0<\/em><\/p>\n","protected":false},"excerpt":{"rendered":"<p>\u00c0 la premi\u00e8re r\u00e9union de 2019, le conseil d\u2019administration du club s\u2019est interrog\u00e9 sur le contenu de son site Web consacr\u00e9 aux membres honoraires. Il a fait le point sur les cours donn\u00e9s dans les biblioth\u00e8ques et sur des activit\u00e9s destin\u00e9es \u00e0 accro\u00eetre sa visibilit\u00e9 : des conf\u00e9rences dans des biblioth\u00e8ques et l\u2019inscription sur Google &hellip; <a href=\"https:\/\/cimbcc.org\/test2\/echos-du-conseil-dadministration-8-janvier-2019\/\" class=\"more-link\">Continuer la lecture de <span class=\"screen-reader-text\">\u00c9chos du conseil d\u2019administration \u2014 8 janvier 2019<\/span>  <span class=\"meta-nav\">&rarr;<\/span><\/a><\/p>\n","protected":false},"author":43,"featured_media":0,"comment_status":"open","ping_status":"closed","sticky":false,"template":"","format":"standard","meta":{"footnotes":""},"categories":[386],"tags":[126,472,907,906,908,594,552,909],"class_list":["post-23935","post","type-post","status-publish","format-standard","hentry","category-echos-du-conseil-dadministration","tag-benevoles","tag-budget","tag-conferences-dans-des-bibliotheques","tag-cours-dans-les-bibliotheques","tag-google-my-business","tag-membres","tag-membres-honoraires","tag-outils-de-gestion"],"_links":{"self":[{"href":"https:\/\/cimbcc.org\/test2\/wp-json\/wp\/v2\/posts\/23935","targetHints":{"allow":["GET"]}}],"collection":[{"href":"https:\/\/cimbcc.org\/test2\/wp-json\/wp\/v2\/posts"}],"about":[{"href":"https:\/\/cimbcc.org\/test2\/wp-json\/wp\/v2\/types\/post"}],"author":[{"embeddable":true,"href":"https:\/\/cimbcc.org\/test2\/wp-json\/wp\/v2\/users\/43"}],"replies":[{"embeddable":true,"href":"https:\/\/cimbcc.org\/test2\/wp-json\/wp\/v2\/comments?post=23935"}],"version-history":[{"count":10,"href":"https:\/\/cimbcc.org\/test2\/wp-json\/wp\/v2\/posts\/23935\/revisions"}],"predecessor-version":[{"id":27847,"href":"https:\/\/cimbcc.org\/test2\/wp-json\/wp\/v2\/posts\/23935\/revisions\/27847"}],"wp:attachment":[{"href":"https:\/\/cimbcc.org\/test2\/wp-json\/wp\/v2\/media?parent=23935"}],"wp:term":[{"taxonomy":"category","embeddable":true,"href":"https:\/\/cimbcc.org\/test2\/wp-json\/wp\/v2\/categories?post=23935"},{"taxonomy":"post_tag","embeddable":true,"href":"https:\/\/cimbcc.org\/test2\/wp-json\/wp\/v2\/tags?post=23935"}],"curies":[{"name":"wp","href":"https:\/\/api.w.org\/{rel}","templated":true}]}}