{"id":23967,"date":"2019-02-01T00:00:13","date_gmt":"2019-02-01T05:00:13","guid":{"rendered":"https:\/\/cimbcc.org\/test2\/?p=23967"},"modified":"2023-10-16T22:14:29","modified_gmt":"2023-10-17T02:14:29","slug":"mot-du-president-fevrier-2019","status":"publish","type":"post","link":"https:\/\/cimbcc.org\/test2\/mot-du-president-fevrier-2019\/","title":{"rendered":"Mot du pr\u00e9sident &#8211; f\u00e9vrier 2019"},"content":{"rendered":"<figure id=\"attachment_23836\" aria-describedby=\"caption-attachment-23836\" style=\"width: 125px\" class=\"wp-caption aligncenter\"><img loading=\"lazy\" decoding=\"async\" class=\" wp-image-23836\" src=\"https:\/\/cimbcc.org\/test2\/wp-content\/uploads\/photo_cote_rejean.jpg\" alt=\"\" width=\"125\" height=\"125\" \/><figcaption id=\"caption-attachment-23836\" class=\"wp-caption-text\"><span style=\"color: #ffffff;\">mmnm<\/span>R\u00e9jean C\u00f4t\u00e9<\/figcaption><\/figure>\n<h5 style=\"text-align: left;\">Avantages de l\u2019informatique pour les personnes \u00e2g\u00e9es<\/h5>\n<p style=\"text-align: justify;\">Plusieurs \u00e9tudes ont d\u00e9montr\u00e9 que l\u2019utilisation d\u2019un ordinateur ou d\u2019une tablette est tr\u00e8s b\u00e9n\u00e9fique pour les personnes \u00e2g\u00e9es.<\/p>\n<p style=\"text-align: justify;\">On sait maintenant que l\u2019utilisation de ces appareils stimule les r\u00e9gions du cerveau responsables des raisonnements complexes et de la prise de d\u00e9cision.<\/p>\n<p><!--more--><\/p>\n<p style=\"text-align: justify;\">Les ordinateurs actuels sont mieux adapt\u00e9s aux <a href=\"https:\/\/fr.wikipedia.org\/wiki\/Personne_%C3%A2g%C3%A9e\" target=\"_blank\" rel=\"noopener\">personnes \u00e2g\u00e9es<\/a> avec des interfaces plus intuitives et plus lisibles et une ergonomie am\u00e9lior\u00e9e (taille des caract\u00e8res, sensibilit\u00e9 des \u00e9crans). Les tablettes sont de plus en plus appr\u00e9ci\u00e9es par les personnes \u00e2g\u00e9es parce qu\u2019elles sont mobiles et qu\u2019elles favorisent leur autonomie.<\/p>\n<p style=\"text-align: justify;\">Quand une personne \u00e2g\u00e9e utilise un ordinateur ou une tablette, elle vit une exp\u00e9rience interactive n\u00e9cessitant de faire des choix, ce qui stimule sa capacit\u00e9 \u00e0 prendre des d\u00e9cisions. Cela pourrait m\u00eame avoir pour r\u00e9sultat de garder son cerveau plus alerte. En effet, l\u2019imagerie par r\u00e9sonance magn\u00e9tique a mis en \u00e9vidence un plus haut degr\u00e9 d\u2019activit\u00e9s c\u00e9r\u00e9brales chez les personnes qui naviguaient sur Internet que chez celles qui ne le faisaient pas.<\/p>\n<p style=\"text-align: justify;\">Avoir acc\u00e8s \u00e0 Internet au quotidien offre l\u2019avantage de pouvoir s\u2019informer, communiquer avec ses proches, faire des mots crois\u00e9s, des mots myst\u00e8res, se divertir avec certains jeux et faire ses achats sur le web, ce qui est particuli\u00e8rement utile lorsqu&rsquo;on est immobilis\u00e9 \u00e0 domicile. Les ressources disponibles sur Internet permettent aussi de d\u00e9velopper des liens sociaux favorables \u00e0 l\u2019entretien des fonctions cognitives.<\/p>\n<p style=\"text-align: justify;\">Le r\u00e9seau social Facebook peut \u00eatre tr\u00e8s int\u00e9ressant pour les personnes \u00e2g\u00e9es, car elles peuvent souvent y trouver les derni\u00e8res nouvelles des membres de leur famille ainsi que des photos et vid\u00e9os que ces derniers y ont plac\u00e9s. Facebook leur donne aussi acc\u00e8s \u00e0 d\u2019autres informations qui peuvent les int\u00e9resser.<\/p>\n<table class=\"aligncenter\" style=\"height: 167px; width: 462px;\">\n<tbody>\n<tr style=\"height: 39px;\">\n<td style=\"height: 39px; width: 452.386px;\" colspan=\"2\">\n<p style=\"text-align: center;\"><span style=\"font-size: 12pt;\"><strong>DES A\u00ceN\u00c9S DE PLUS EN PLUS CONNECT\u00c9S *<\/strong><\/span><\/p>\n<\/td>\n<\/tr>\n<tr style=\"height: 15px;\">\n<td style=\"height: 15px; width: 452.386px;\" colspan=\"2\"><span style=\"font-size: 12pt;\"><strong>Parmi les adultes de 65\u00a0ans et plus\u00a0:<\/strong><\/span><\/td>\n<\/tr>\n<tr style=\"height: 15px;\">\n<td style=\"height: 15px; width: 42.3864px;\"><span style=\"font-size: 12pt;\">80\u00a0%<\/span><\/td>\n<td style=\"height: 15px; width: 404.205px;\"><span style=\"font-size: 12pt;\">disposent d\u2019une connexion Internet \u00e0 la maison<\/span><\/td>\n<\/tr>\n<tr style=\"height: 15px;\">\n<td style=\"height: 15px; width: 42.3864px;\"><span style=\"font-size: 12pt;\">60\u00a0%<\/span><\/td>\n<td style=\"height: 15px; width: 404.205px;\"><span style=\"font-size: 12pt;\">utilisent Internet tous les jours<\/span><\/td>\n<\/tr>\n<tr style=\"height: 15px;\">\n<td style=\"height: 15px; width: 42.3864px;\"><span style=\"font-size: 12pt;\">75 %<\/span><\/td>\n<td style=\"height: 15px; width: 404.205px;\"><span style=\"font-size: 12pt;\">des internautes se consid\u00e8rent comme moyennement ou tr\u00e8s habiles sur Internet<\/span><\/td>\n<\/tr>\n<tr style=\"height: 15px;\">\n<td style=\"height: 15px; width: 42.3864px;\"><span style=\"font-size: 12pt;\">68 %<\/span><\/td>\n<td style=\"height: 15px; width: 404.205px;\"><span style=\"font-size: 12pt;\">poss\u00e8dent un ordinateur<\/span><\/td>\n<\/tr>\n<tr style=\"height: 15px;\">\n<td style=\"height: 15px; width: 42.3864px;\"><span style=\"font-size: 12pt;\">51 %<\/span><\/td>\n<td style=\"height: 15px; width: 404.205px;\"><span style=\"font-size: 12pt;\">poss\u00e8dent une tablette \u00e9lectronique<\/span><\/td>\n<\/tr>\n<tr style=\"height: 15px;\">\n<td style=\"height: 15px; width: 42.3864px;\"><span style=\"font-size: 12pt;\">37 %<\/span><\/td>\n<td style=\"height: 15px; width: 404.205px;\"><span style=\"font-size: 12pt;\">poss\u00e8dent un t\u00e9l\u00e9phone intelligent<\/span><\/td>\n<\/tr>\n<tr style=\"height: 23px;\">\n<td style=\"width: 42.3864px; height: 23px;\"><span style=\"font-size: 12pt;\">29 %<\/span><\/td>\n<td style=\"width: 404.205px; height: 23px;\"><span style=\"font-size: 12pt;\">ont fait un achat en ligne<\/span><\/td>\n<\/tr>\n<\/tbody>\n<\/table>\n<p>&nbsp;<\/p>\n<p>&nbsp;<\/p>\n<p>&nbsp;<\/p>\n<p>&nbsp;<\/p>\n<p><em><span style=\"font-size: 10pt;\">\u00a0\u00a0\u00a0<strong>* Source\u00a0:<\/strong> <a href=\"https:\/\/cefrio.qc.ca\/fr\/enquetes-et-donnees\/netendances2018-vieillir-ere-numerique\/\" target=\"_blank\" rel=\"noopener\">publication du CEFRIO<\/a><\/span><\/em><\/p>\n<p style=\"text-align: justify;\">Le <a href=\"https:\/\/cimbcc.org\/test2\/\" target=\"_blank\" rel=\"noopener\"><strong>Club informatique Mont-Bruno<\/strong><\/a> est heureux d\u2019aider les personnes de tous \u00e2ges \u00e0 <a href=\"https:\/\/cimbcc.org\/test2\/le-club-2\/la-mission-et-la-politique\" target=\"_blank\" rel=\"noopener\">s\u2019initier \u00e0 l\u2019informatique<\/a>. Il contribue aussi \u00e0 leur perfectionnement dans l\u2019utilisation de l\u2019ordinateur et de la tablette \u00e9lectronique et dans la navigation sur Internet. <a href=\"https:\/\/cimbcc.org\/test2\/wp-content\/uploads\/Formulaire_inscription_Aout-2018.pdf\" target=\"_blank\" rel=\"noopener\">Pourquoi n\u2019inviteriez-vous pas certaines de vos connaissances \u00e0 se joindre au club informatique?<\/a> Elles pourraient ainsi agrandir leur cercle d\u2019amis, s\u2019ouvrir \u00e0 de nouveaux horizons et par la m\u00eame occasion maintenir un esprit alerte! Ce serait formidable, ne pensez-vous pas?<\/p>\n<p><img loading=\"lazy\" decoding=\"async\" class=\"size-full wp-image-23974 aligncenter\" src=\"https:\/\/cimbcc.org\/test2\/wp-content\/uploads\/chip_2019_02_01_coeur_1.jpg\" alt=\"\" width=\"116\" height=\"95\" \/><\/p>\n<p style=\"text-align: justify;\">Vous serez probablement d\u2019accord avec moi pour penser qu\u2019une journ\u00e9e par ann\u00e9e consacr\u00e9e \u00e0 l\u2019amour et \u00e0 l\u2019amiti\u00e9, ce n\u2019est pas de trop! Le 14\u00a0f\u00e9vrier est la f\u00eate de l\u2019amour et de l\u2019amiti\u00e9. Ne ratez pas cette occasion de faire savoir \u00e0 vos proches combien vous les aimez. Cela ne vous co\u00fbtera pas cher et \u00e7a leur fera s\u00fbrement du bien, car partager l\u2019amour et l\u2019amiti\u00e9 n\u2019a pas d\u2019\u00e2ge.<\/p>\n<p style=\"text-align: justify;\">Bonne <a href=\"https:\/\/fr.wikipedia.org\/wiki\/Saint-Valentin\" target=\"_blank\" rel=\"noopener\">Saint-Valentin<\/a> \u00e0 tous!<\/p>\n<p>R\u00e9jean\u00a0C\u00f4t\u00e9<br \/>\nPr\u00e9sident<\/p>\n","protected":false},"excerpt":{"rendered":"<p>Avantages de l\u2019informatique pour les personnes \u00e2g\u00e9es Plusieurs \u00e9tudes ont d\u00e9montr\u00e9 que l\u2019utilisation d\u2019un ordinateur ou d\u2019une tablette est tr\u00e8s b\u00e9n\u00e9fique pour les personnes \u00e2g\u00e9es. On sait maintenant que l\u2019utilisation de ces appareils stimule les r\u00e9gions du cerveau responsables des raisonnements complexes et de la prise de d\u00e9cision.<\/p>\n","protected":false},"author":43,"featured_media":0,"comment_status":"open","ping_status":"closed","sticky":false,"template":"","format":"standard","meta":{"footnotes":""},"categories":[11],"tags":[20,421,154,127,267,913,105],"class_list":["post-23967","post","type-post","status-publish","format-standard","hentry","category-mots-du-president","tag-facebook","tag-informatique","tag-internet","tag-personnes-agees","tag-saint-valentin","tag-stimulation","tag-tablette"],"_links":{"self":[{"href":"https:\/\/cimbcc.org\/test2\/wp-json\/wp\/v2\/posts\/23967","targetHints":{"allow":["GET"]}}],"collection":[{"href":"https:\/\/cimbcc.org\/test2\/wp-json\/wp\/v2\/posts"}],"about":[{"href":"https:\/\/cimbcc.org\/test2\/wp-json\/wp\/v2\/types\/post"}],"author":[{"embeddable":true,"href":"https:\/\/cimbcc.org\/test2\/wp-json\/wp\/v2\/users\/43"}],"replies":[{"embeddable":true,"href":"https:\/\/cimbcc.org\/test2\/wp-json\/wp\/v2\/comments?post=23967"}],"version-history":[{"count":11,"href":"https:\/\/cimbcc.org\/test2\/wp-json\/wp\/v2\/posts\/23967\/revisions"}],"predecessor-version":[{"id":25100,"href":"https:\/\/cimbcc.org\/test2\/wp-json\/wp\/v2\/posts\/23967\/revisions\/25100"}],"wp:attachment":[{"href":"https:\/\/cimbcc.org\/test2\/wp-json\/wp\/v2\/media?parent=23967"}],"wp:term":[{"taxonomy":"category","embeddable":true,"href":"https:\/\/cimbcc.org\/test2\/wp-json\/wp\/v2\/categories?post=23967"},{"taxonomy":"post_tag","embeddable":true,"href":"https:\/\/cimbcc.org\/test2\/wp-json\/wp\/v2\/tags?post=23967"}],"curies":[{"name":"wp","href":"https:\/\/api.w.org\/{rel}","templated":true}]}}