{"id":24192,"date":"2019-02-06T00:00:52","date_gmt":"2019-02-06T05:00:52","guid":{"rendered":"https:\/\/cimbcc.org\/test2\/?p=24192"},"modified":"2023-10-16T22:14:29","modified_gmt":"2023-10-17T02:14:29","slug":"bell-cause-pour-la-cause","status":"publish","type":"post","link":"https:\/\/cimbcc.org\/test2\/bell-cause-pour-la-cause\/","title":{"rendered":"Bell Cause pour la cause"},"content":{"rendered":"<figure id=\"attachment_24082\" aria-describedby=\"caption-attachment-24082\" style=\"width: 125px\" class=\"wp-caption aligncenter\"><img loading=\"lazy\" decoding=\"async\" class=\"size-full wp-image-24082\" src=\"https:\/\/cimbcc.org\/test2\/wp-content\/uploads\/photo_couture_francine.jpg\" alt=\"\" width=\"125\" height=\"125\" \/><figcaption id=\"caption-attachment-24082\" class=\"wp-caption-text\"><span style=\"color: #ffffff;\">mm<\/span>Francine Couture<\/figcaption><\/figure>\n<p style=\"text-align: justify;\">Le 30 janvier dernier \u00e9tait la journ\u00e9e consacr\u00e9e \u00e0 la sant\u00e9 mentale par Bell. \u00ab\u00a0Pour chaque message texte, appel mobile, appel interurbain, tweet avec le mot-clic #BellCause, visionnement de notre vid\u00e9o ou utilisation du filtre Snapchat et Facebook lors de la Journ\u00e9e Bell Cause pour la cause, Bell a vers\u00e9 5 \u00a2 pour des initiatives en sant\u00e9 mentale\u00a0\u00bb. 145 millions de personnes ont r\u00e9pondu \u00e0 cet appel de Bell (en date du 1<sup>er<\/sup> f\u00e9vrier) et c\u2019est tant mieux.<\/p>\n<p><img loading=\"lazy\" decoding=\"async\" class=\"size-full wp-image-24194 aligncenter\" src=\"https:\/\/cimbcc.org\/test2\/wp-content\/uploads\/chip_2019_02_06_Bell_1.jpg\" alt=\"\" width=\"214\" height=\"92\" \/><\/p>\n<p><!--more--><\/p>\n<p style=\"text-align: justify;\">Malgr\u00e9 les progr\u00e8s faits durant la derni\u00e8re d\u00e9cennie, les probl\u00e8mes de sant\u00e9 mentale sont encore mal compris du grand public et plusieurs personnes souffrent des commentaires qu\u2019elles re\u00e7oivent\u00a0:<\/p>\n<p style=\"text-align: justify; padding-left: 30px;\">Une personne d\u00e9prim\u00e9e se fait dire\u00a0: \u00ab\u00a0Tu as tout pour \u00eatre heureuse\u2026pourquoi es-tu d\u00e9prim\u00e9e ?\u00a0\u00bb<\/p>\n<p style=\"text-align: justify; padding-left: 30px;\">Une personne anxieuse se fait dire\u00a0: \u00ab\u00a0Arr\u00eate de t\u2019inqui\u00e9ter pour rien!\u00a0\u00bb<\/p>\n<p style=\"text-align: justify; padding-left: 30px;\">Un enfant avec un d\u00e9ficit d\u2019attention se fait dire\u00a0: \u00ab\u00a0Mais voyons force-toi un peu et concentre-toi!\u00a0\u00bb<\/p>\n<p style=\"text-align: justify;\">Tous ces commentaires sont tr\u00e8s blessants et refl\u00e8tent un manque d\u2019information. Je vous propose une autre action pour \u00e9liminer le tabou et la d\u00e9sinformation en maladie mentale\u00a0: vous informer sur les probl\u00e8mes de sant\u00e9 mentale sur des sites internet fiables.<\/p>\n<p style=\"text-align: justify;\">Derni\u00e8rement, j\u2019ai cherch\u00e9 sur Google un site sur la diff\u00e9rence entre l\u2019\u00e9puisement professionnel (burn-out) et la d\u00e9pression parce qu\u2019un membre de ma famille souffrait d\u2019\u00e9puisement et que je voulais l\u2019aider. Sur la liste des sites que Google me proposait, il y avait le site de <a href=\"https:\/\/www.passeportsante.net\/\" target=\"_blank\" rel=\"noopener\">passeport sant\u00e9.net<\/a>, de <a href=\"https:\/\/www.strategiesdesantementale.com\/\" target=\"_blank\" rel=\"noopener\">strategiesdesantementale.com<\/a>, de <a href=\"http:\/\/www.canalvie.com\/\" target=\"_blank\" rel=\"noopener\">canalvie.com<\/a> et <a href=\"http:\/\/www.douglas.qc.ca\/\" target=\"_blank\" rel=\"noopener\">douglas.qc.ca<\/a> qui est le site de l\u2019Institut Douglas.<\/p>\n<p style=\"text-align: justify;\">L\u2019<a href=\"https:\/\/fr.wikipedia.org\/wiki\/Institut_universitaire_en_sant\u00e9_mentale_Douglas\" target=\"_blank\" rel=\"noopener\">Institut Douglas<\/a> est un h\u00f4pital de sant\u00e9 mentale de Montr\u00e9al. <strong>Les sites internet des h\u00f4pitaux sont toujours des r\u00e9f\u00e9rences tr\u00e8s fiables en sant\u00e9<\/strong> et j\u2019y ai trouv\u00e9 un article et un vid\u00e9o sur l\u2019\u00e9puisement professionnel et la d\u00e9pression. Vous pourrez le consulter <a href=\"http:\/\/www.douglas.qc.ca\/info\/depression-ou-burn-out\" target=\"_blank\" rel=\"noopener\">en cliquant ici<\/a>.<\/p>\n<p style=\"text-align: justify;\">Sur la <a href=\"http:\/\/www.douglas.qc.ca\/\" target=\"_blank\" rel=\"noopener\">page d\u2019accueil du site<\/a>, il y a champ de saisie o\u00f9 on peut taper le nom d\u2019un probl\u00e8me de sant\u00e9 mentale dont on veut avoir de l\u2019information, par exemple troubles anxieux, anorexie, etc. (Champ de saisie vers lequel pointe la fl\u00e8che rouge dans l&rsquo;image suivante)<\/p>\n<p><img loading=\"lazy\" decoding=\"async\" class=\"alignnone size-full wp-image-24195\" src=\"https:\/\/cimbcc.org\/test2\/wp-content\/uploads\/chip_2019_02_06_Bell_2.jpg\" alt=\"\" width=\"730\" height=\"66\" srcset=\"https:\/\/cimbcc.org\/test2\/wp-content\/uploads\/chip_2019_02_06_Bell_2.jpg 730w, https:\/\/cimbcc.org\/test2\/wp-content\/uploads\/chip_2019_02_06_Bell_2-300x27.jpg 300w\" sizes=\"auto, (max-width: 730px) 100vw, 730px\" \/><\/p>\n<p><span style=\"font-size: 12.0pt; line-height: 115%; font-family: 'Times New Roman',serif;\">De plus, si on am\u00e8ne son curseur sur Infos sant\u00e9 mentale, on obtient un menu, comme indiqu\u00e9 plus bas : <\/span><\/p>\n<p><img loading=\"lazy\" decoding=\"async\" class=\"alignnone size-full wp-image-24196\" src=\"https:\/\/cimbcc.org\/test2\/wp-content\/uploads\/chip_2019_02_06_Bell_3.jpg\" alt=\"\" width=\"701\" height=\"153\" srcset=\"https:\/\/cimbcc.org\/test2\/wp-content\/uploads\/chip_2019_02_06_Bell_3.jpg 701w, https:\/\/cimbcc.org\/test2\/wp-content\/uploads\/chip_2019_02_06_Bell_3-300x65.jpg 300w\" sizes=\"auto, (max-width: 701px) 100vw, 701px\" \/><\/p>\n<ul>\n<li style=\"text-align: justify;\">En cliquant sur <a href=\"http:\/\/www.douglas.qc.ca\/info_sante\/troubles\" target=\"_blank\" rel=\"noopener\">Sant\u00e9 mentale de A \u00e0 Z<\/a>, on obtient un alphabet o\u00f9 plusieurs troubles de sant\u00e9 mentale sont class\u00e9s par ordre alphab\u00e9tique. C\u2019est une fa\u00e7on simple d\u2019acqu\u00e9rir des connaissances en maladie mentale.<\/li>\n<li style=\"text-align: justify;\">En cliquant sur <a href=\"http:\/\/www.douglas.qc.ca\/section\/ecole-mini-psy-123\" target=\"_blank\" rel=\"noopener\">\u00c9cole Mini Psy<\/a>, on a acc\u00e8s \u00e0 des vid\u00e9os abordant certaines maladies et la pr\u00e9vention en sant\u00e9 mentale.<\/li>\n<li style=\"text-align: justify;\">Si vous le voulez, vous pourrez explorer les <a href=\"http:\/\/www.douglas.qc.ca\/info_sante\" target=\"_blank\" rel=\"noopener\">autres sujets de ce menu<\/a>.<\/li>\n<\/ul>\n<p style=\"text-align: justify;\">L\u2019information donn\u00e9e sur ce site est compl\u00e8te, fiable et mise \u00e0 jour r\u00e9guli\u00e8rement.<\/p>\n<p style=\"text-align: justify;\">Le <a href=\"http:\/\/www.douglas.qc.ca\/\" target=\"_blank\" rel=\"noopener\">site de l\u2019Institut Douglas<\/a> vous permettra de vous renseigner et de parler de sant\u00e9 mentale en toute connaissance de cause, d\u2019\u00e9viter de dire des b\u00eatises sur la maladie mentale et surtout de ne pas blesser les personnes qui essaient de survivre \u00e0 une maladie mentale.<\/p>\n<p style=\"text-align: justify;\">D\u2019autres h\u00f4pitaux du Qu\u00e9bec ont des sites internet qui donnent des informations sur les probl\u00e8mes de sant\u00e9 mentale et leur pr\u00e9vention\u00a0: <a href=\"http:\/\/www.iusmm.ca\/\" target=\"_blank\" rel=\"noopener\">Institut universitaire en sant\u00e9 mentale de Montr\u00e9al<\/a>, <a href=\"https:\/\/ciusss-nordmtl.gouv.qc.ca\/nos-installations\/hopitaux\/hopital-en-sante-mentale-riviere-des-prairies\/\" target=\"_blank\" rel=\"noopener\">H\u00f4pital en sant\u00e9 mentale Rivi\u00e8re-des-Prairies<\/a> pour en nommer seulement deux. Tous ces sites internet sont fiables.<\/p>\n<p style=\"text-align: justify;\">Francine Couture,<br \/>\nmembre du Club informatique Mont Bruno et m\u00e9decin retrait\u00e9e.<\/p>\n<p>&nbsp;<\/p>\n","protected":false},"excerpt":{"rendered":"<p>Le 30 janvier dernier \u00e9tait la journ\u00e9e consacr\u00e9e \u00e0 la sant\u00e9 mentale par Bell. \u00ab\u00a0Pour chaque message texte, appel mobile, appel interurbain, tweet avec le mot-clic #BellCause, visionnement de notre vid\u00e9o ou utilisation du filtre Snapchat et Facebook lors de la Journ\u00e9e Bell Cause pour la cause, Bell a vers\u00e9 5 \u00a2 pour des initiatives &hellip; <a href=\"https:\/\/cimbcc.org\/test2\/bell-cause-pour-la-cause\/\" class=\"more-link\">Continuer la lecture de <span class=\"screen-reader-text\">Bell Cause pour la cause<\/span>  <span class=\"meta-nav\">&rarr;<\/span><\/a><\/p>\n","protected":false},"author":43,"featured_media":0,"comment_status":"open","ping_status":"closed","sticky":false,"template":"","format":"standard","meta":{"footnotes":""},"categories":[1],"tags":[925,926,928,113,927],"class_list":["post-24192","post","type-post","status-publish","format-standard","hentry","category-sans-categories","tag-bell","tag-bell-cause-pour-la-cause","tag-institut-douglas","tag-sante","tag-sante-mentale"],"_links":{"self":[{"href":"https:\/\/cimbcc.org\/test2\/wp-json\/wp\/v2\/posts\/24192","targetHints":{"allow":["GET"]}}],"collection":[{"href":"https:\/\/cimbcc.org\/test2\/wp-json\/wp\/v2\/posts"}],"about":[{"href":"https:\/\/cimbcc.org\/test2\/wp-json\/wp\/v2\/types\/post"}],"author":[{"embeddable":true,"href":"https:\/\/cimbcc.org\/test2\/wp-json\/wp\/v2\/users\/43"}],"replies":[{"embeddable":true,"href":"https:\/\/cimbcc.org\/test2\/wp-json\/wp\/v2\/comments?post=24192"}],"version-history":[{"count":7,"href":"https:\/\/cimbcc.org\/test2\/wp-json\/wp\/v2\/posts\/24192\/revisions"}],"predecessor-version":[{"id":24590,"href":"https:\/\/cimbcc.org\/test2\/wp-json\/wp\/v2\/posts\/24192\/revisions\/24590"}],"wp:attachment":[{"href":"https:\/\/cimbcc.org\/test2\/wp-json\/wp\/v2\/media?parent=24192"}],"wp:term":[{"taxonomy":"category","embeddable":true,"href":"https:\/\/cimbcc.org\/test2\/wp-json\/wp\/v2\/categories?post=24192"},{"taxonomy":"post_tag","embeddable":true,"href":"https:\/\/cimbcc.org\/test2\/wp-json\/wp\/v2\/tags?post=24192"}],"curies":[{"name":"wp","href":"https:\/\/api.w.org\/{rel}","templated":true}]}}