{"id":24285,"date":"2019-02-21T21:00:01","date_gmt":"2019-02-22T02:00:01","guid":{"rendered":"https:\/\/cimbcc.org\/test2\/?p=24285"},"modified":"2023-10-16T22:14:29","modified_gmt":"2023-10-17T02:14:29","slug":"echos-du-conseil-dadministration-5-fevrier-2019","status":"publish","type":"post","link":"https:\/\/cimbcc.org\/test2\/echos-du-conseil-dadministration-5-fevrier-2019\/","title":{"rendered":"\u00c9chos du conseil d\u2019administration \u2014 5 f\u00e9vrier 2019"},"content":{"rendered":"<figure id=\"attachment_21147\" aria-describedby=\"caption-attachment-21147\" style=\"width: 500px\" class=\"wp-caption alignnone\"><img loading=\"lazy\" decoding=\"async\" class=\"size-full wp-image-21147\" src=\"https:\/\/cimbcc.org\/test2\/wp-content\/uploads\/CIMBCC-2018-2019r.jpg\" alt=\"CA 2018-2019\" width=\"500\" height=\"228\" srcset=\"https:\/\/cimbcc.org\/test2\/wp-content\/uploads\/CIMBCC-2018-2019r.jpg 500w, https:\/\/cimbcc.org\/test2\/wp-content\/uploads\/CIMBCC-2018-2019r-300x137.jpg 300w\" sizes=\"auto, (max-width: 500px) 100vw, 500px\" \/><figcaption id=\"caption-attachment-21147\" class=\"wp-caption-text\">Sur la premi\u00e8re rang\u00e9e : Huguette Turgeon, Danielle Bourque, Danielle Barab\u00e9, Berthe Demers, Sylvie Mazur. Sur la deuxi\u00e8me rang\u00e9e : Michel C\u00f4t\u00e9, Jacques Lalibert\u00e9, Michel Gagn\u00e9, Richard Gervais, R\u00e9jean C\u00f4t\u00e9.<\/figcaption><\/figure>\n<p style=\"text-align: justify;\">Apr\u00e8s avoir fait le point sur les membres, les nouveaux b\u00e9n\u00e9voles et l\u2019inscription aux ateliers de l\u2019hiver\u00a02019, le conseil d\u2019administration a r\u00e9vis\u00e9 les activit\u00e9s suivantes\u00a0: les communications externes, les pr\u00e9sentations du mercredi et du vendredi, les activit\u00e9s sociales. Enfin, certains outils de gestion ont \u00e9t\u00e9 reconduits ou mis \u00e0 jour.<\/p>\n<p><!--more--><\/p>\n<hr \/>\n<h4><strong>Membres et b\u00e9n\u00e9voles<\/strong><\/h4>\n<p style=\"text-align: justify;\">25 membres se sont inscrits au club depuis le d\u00e9but de l\u2019ann\u00e9e. Le club comptait 621\u00a0membres au d\u00e9but de f\u00e9vrier et trois nouveaux b\u00e9n\u00e9voles\u00a0:<\/p>\n<ul style=\"text-align: justify;\">\n<li>Danielle\u00a0Provost s\u2019est jointe \u00e0 Raymonde\u00a0Lemay pour assurer les communications avec les membres et avec le public;<\/li>\n<li>Denis\u00a0Lamarre et Philippe\u00a0Lamarre, deux nouveaux pr\u00e9sentateurs, ont fait un expos\u00e9 sur le logiciel <a href=\"https:\/\/cimbcc.org\/test2\/wp-content\/uploads\/Notes_19_02_01_ShortKeeper.pdf\" target=\"_blank\" rel=\"noopener\"><em>ShortKeeper<\/em><\/a>, dans le cadre de la s\u00e9rie <a href=\"https:\/\/cimbcc.org\/test2\/wp-content\/uploads\/Calendrier_des_presentations_2018-2019_Decouverte.pdf\" target=\"_blank\" rel=\"noopener\"><em>D\u00e9couverte<\/em><\/a>.<\/li>\n<\/ul>\n<hr \/>\n<h4 style=\"text-align: justify;\"><strong>Ateliers<\/strong><\/h4>\n<p style=\"text-align: justify;\">Berthe\u00a0Demers a pr\u00e9sent\u00e9 un bilan sommaire\u00a0des inscriptions aux <a href=\"https:\/\/cimbcc.org\/test2\/activites\/les-ateliers\" target=\"_blank\" rel=\"noopener\">ateliers<\/a> de l\u2019hiver\u00a02019\u00a0:<\/p>\n<ul>\n<li style=\"text-align: justify;\">11 ateliers;<\/li>\n<li style=\"text-align: justify;\">109\u00a0inscrits;<\/li>\n<li style=\"text-align: justify;\">49\u00a0r\u00e9unions.<\/li>\n<\/ul>\n<p style=\"text-align: justify;\">L\u2019inscription en ligne s\u2019est bien d\u00e9roul\u00e9e. Aucun atelier n\u2019a \u00e9t\u00e9 annul\u00e9 faute d\u2019inscriptions. Des ateliers se tiendront pour la premi\u00e8re fois, cet hiver, \u00e0 la <a href=\"https:\/\/www.stbruno.ca\/ancienne-gare\" target=\"_blank\" rel=\"noopener\">vieille gare de Saint-Bruno-de-Montarville<\/a>. Jusqu&rsquo;\u00e0 maintenant, ce lieu semble satisfaisant.<\/p>\n<hr \/>\n<h4><strong>Communications externes <\/strong><\/h4>\n<p style=\"text-align: justify;\">Chaque semaine, de la mi-ao\u00fbt au d\u00e9but de mai, les responsables des communications externes transmettent aux membres un message par courriel o\u00f9 sont annonc\u00e9es les activit\u00e9s de la semaine.<\/p>\n<p style=\"text-align: justify;\">Elles communiquent aussi de l\u2019information sur nos activit\u00e9s au journal <a href=\"https:\/\/www.versants.com\/\" target=\"_blank\" rel=\"noopener\"><em>Les Versants<\/em><\/a>. De plus, elles s\u2019assurent que l\u2019information sur le club soit \u00e0 jour dans les publications sur les <a href=\"https:\/\/www.stbruno.ca\/sites\/default\/files\/pdf\/programme-loisir-culture_hiver-2019_web.pdf\" target=\"_blank\" rel=\"noopener\">organismes locaux de la Ville de Saint-Bruno-de-Montarville<\/a>. Elles ont aussi la responsabilit\u00e9 de faire para\u00eetre une publicit\u00e9 pour annoncer la <em>Journ\u00e9e d\u2019information et d\u2019inscription<\/em> de septembre.<\/p>\n<p style=\"text-align: justify;\">Enfin, elles r\u00e9pondent aux demandes qui leur parviennent par courriel \u00e0 l\u2019adresse suivante\u00a0: <a href=\"mailto:cimbcc@cimbcc.org\" target=\"_blank\" rel=\"noopener\">cimbcc@cimbcc.org<\/a>.<\/p>\n<p style=\"text-align: justify;\">Le conseil d\u2019administration a renouvel\u00e9 le mandat de cette \u00e9quipe dont les activit\u00e9s sont essentielles \u00e0 l\u2019information des membres et du public sur les activit\u00e9s du club.<\/p>\n<hr \/>\n<h4><strong>Pr\u00e9sentations du mercredi et du vendredi <\/strong><\/h4>\n<p style=\"text-align: justify;\">Pour faire le point sur les <a href=\"https:\/\/cimbcc.org\/test2\/activites\/les-presentations-du-mercredi-et-du-vendredi\" target=\"_blank\" rel=\"noopener\">s\u00e9ances bihebdomadaires de pr\u00e9sentations<\/a>, Guy\u00a0B\u00e9langer, C\u00e9line\u00a0Dufresne et Michel\u00a0Paul se sont joints au parrain de l\u2019activit\u00e9, Michel\u00a0Gagn\u00e9.<\/p>\n<p style=\"text-align: justify;\">La s\u00e9rie <a href=\"https:\/\/cimbcc.org\/test2\/wp-content\/uploads\/Calendrier_des_presentations_2018-2019_Facile.pdf\" target=\"_blank\" rel=\"noopener\"><em>Facile<\/em><\/a> a remport\u00e9 un franc succ\u00e8s l\u2019an dernier comme cette ann\u00e9e, particuli\u00e8rement en automne. La fr\u00e9quentation des s\u00e9ances de la s\u00e9rie <a href=\"https:\/\/cimbcc.org\/test2\/wp-content\/uploads\/Calendrier_des_presentations_2018-2019_Decouverte.pdf\" target=\"_blank\" rel=\"noopener\"><em>D\u00e9couverte<\/em><\/a> est plut\u00f4t d\u00e9cevante. Le club serait davantage per\u00e7u comme un lieu d\u2019initiation \u00e0 l\u2019ordinateur que comme un endroit o\u00f9 on peut se mettre \u00e0 jour et d\u00e9couvrir de nouvelles utilisations de l\u2019ordinateur.<\/p>\n<p style=\"text-align: justify;\">Les orientations propos\u00e9es et accept\u00e9es pour l\u2019an prochain tiennent compte de ces constats\u00a0:<\/p>\n<ul style=\"text-align: justify;\">\n<li>pour la s\u00e9rie <a href=\"https:\/\/cimbcc.org\/test2\/wp-content\/uploads\/Calendrier_des_presentations_2018-2019_Facile.pdf\" target=\"_blank\" rel=\"noopener\"><em>Facile<\/em><\/a>\u00a0: conserver sensiblement les m\u00eames sujets et le m\u00eame format;<\/li>\n<li>pour la s\u00e9rie <a href=\"https:\/\/cimbcc.org\/test2\/wp-content\/uploads\/Calendrier_des_presentations_2018-2019_Decouverte.pdf\" target=\"_blank\" rel=\"noopener\"><em>D\u00e9couverte<\/em><\/a>\u00a0: programmer plusieurs sujets qui n\u2019ont jamais \u00e9t\u00e9 pr\u00e9sent\u00e9s, ne pas programmer un sujet qui a \u00e9t\u00e9 pr\u00e9sent\u00e9 au cours des deux derni\u00e8res ann\u00e9es, programmer une ou deux\u00a0s\u00e9ances sur Windows\u00a010 et conserver le m\u00eame format.<\/li>\n<\/ul>\n<p style=\"text-align: justify;\">L\u2019exploration de nouveaux sujets pour la s\u00e9rie <a href=\"https:\/\/cimbcc.org\/test2\/wp-content\/uploads\/Calendrier_des_presentations_2018-2019_Decouverte.pdf\" target=\"_blank\" rel=\"noopener\"><em>D\u00e9couverte<\/em><\/a> est d\u00e9j\u00e0 amorc\u00e9e. De plus, pour attirer les membres en plus grand nombre, des <strong>capsules d\u2019information de 5\u00a0minutes seront diffus\u00e9es en boucle avant le d\u00e9but des s\u00e9ances<\/strong> de la s\u00e9rie <em><a href=\"https:\/\/cimbcc.org\/test2\/wp-content\/uploads\/Calendrier_des_presentations_2018-2019_Decouverte.pdf\" target=\"_blank\" rel=\"noopener\">D\u00e9couverte<\/a>,<\/em> \u00e0 compter de septembre prochain. Cette nouveaut\u00e9 sera annonc\u00e9e dans le cadre de la prochaine assembl\u00e9e g\u00e9n\u00e9rale, le 17\u00a0avril.<\/p>\n<hr \/>\n<h4><strong>Activit\u00e9s sociales<\/strong><\/h4>\n<p style=\"text-align: justify;\">Le conseil d\u2019administration a approuv\u00e9 la poursuite du programme <a href=\"https:\/\/cimbcc.org\/test2\/services\/les-activites-sociales\" target=\"_blank\" rel=\"noopener\">d\u2019activit\u00e9s sociales<\/a> pr\u00e9vues pour les membres\u00a0: le souper de No\u00ebl et la soir\u00e9e des membres, ainsi que les activit\u00e9s destin\u00e9es \u00e0 remercier les b\u00e9n\u00e9voles de leur engagement.<\/p>\n<hr \/>\n<h4><strong>Mise \u00e0 jour d\u2019outils de gestion<\/strong><\/h4>\n<p style=\"text-align: justify;\">Le conseil d\u2019administration a approuv\u00e9 la mise \u00e0 jour des documents de r\u00e9f\u00e9rence suivants\u00a0:<\/p>\n<ul>\n<li style=\"text-align: justify;\"><strong><em>R\u00e8glements g\u00e9n\u00e9raux\u00a0<\/em><\/strong>: les <em>R\u00e8glements<\/em> peuvent \u00eatre consult\u00e9s sur le site Web <a href=\"https:\/\/cimbcc.org\/test2\/le-club-2\/reglements-du-club\" target=\"_blank\" rel=\"noopener\">ici<\/a>.<\/li>\n<li style=\"text-align: justify;\"><strong><em>Pr\u00e9paration et d\u00e9roulement de l\u2019assembl\u00e9e g\u00e9n\u00e9rale annuelle\u00a0<\/em><\/strong>: cet outil compl\u00e8te le point\u00a06 des <em>R\u00e8glements g\u00e9n\u00e9raux<\/em>.<\/li>\n<li style=\"text-align: justify;\"><strong><em>\u00c9tat de la rel\u00e8ve pour les fonctions vitales du club\u00a0<\/em><\/strong>: le club est encore <strong>\u00e0 la recherche<\/strong> de personnes qui accepteront d\u2019agir comme substituts (et \u00e9ventuellement de prendre la rel\u00e8ve) du <strong>pr\u00e9sident<\/strong> du club, des <strong>deux coordonnatrices des ateliers<\/strong> et de la <strong>coordonnatrice de la <\/strong><em><strong>Journ\u00e9e d\u2019information et d\u2019inscription<\/strong>.<\/em><\/li>\n<\/ul>\n<p>Sylvie\u00a0Mazur<br \/>\nSecr\u00e9taire du CIMBCC<\/p>\n","protected":false},"excerpt":{"rendered":"<p>Apr\u00e8s avoir fait le point sur les membres, les nouveaux b\u00e9n\u00e9voles et l\u2019inscription aux ateliers de l\u2019hiver\u00a02019, le conseil d\u2019administration a r\u00e9vis\u00e9 les activit\u00e9s suivantes\u00a0: les communications externes, les pr\u00e9sentations du mercredi et du vendredi, les activit\u00e9s sociales. Enfin, certains outils de gestion ont \u00e9t\u00e9 reconduits ou mis \u00e0 jour.<\/p>\n","protected":false},"author":43,"featured_media":0,"comment_status":"open","ping_status":"closed","sticky":false,"template":"","format":"standard","meta":{"footnotes":""},"categories":[386],"tags":[737,269,126,341,594,909,271],"class_list":["post-24285","post","type-post","status-publish","format-standard","hentry","category-echos-du-conseil-dadministration","tag-activites-sociales","tag-ateliers","tag-benevoles","tag-communications","tag-membres","tag-outils-de-gestion","tag-presentations"],"_links":{"self":[{"href":"https:\/\/cimbcc.org\/test2\/wp-json\/wp\/v2\/posts\/24285","targetHints":{"allow":["GET"]}}],"collection":[{"href":"https:\/\/cimbcc.org\/test2\/wp-json\/wp\/v2\/posts"}],"about":[{"href":"https:\/\/cimbcc.org\/test2\/wp-json\/wp\/v2\/types\/post"}],"author":[{"embeddable":true,"href":"https:\/\/cimbcc.org\/test2\/wp-json\/wp\/v2\/users\/43"}],"replies":[{"embeddable":true,"href":"https:\/\/cimbcc.org\/test2\/wp-json\/wp\/v2\/comments?post=24285"}],"version-history":[{"count":7,"href":"https:\/\/cimbcc.org\/test2\/wp-json\/wp\/v2\/posts\/24285\/revisions"}],"predecessor-version":[{"id":26395,"href":"https:\/\/cimbcc.org\/test2\/wp-json\/wp\/v2\/posts\/24285\/revisions\/26395"}],"wp:attachment":[{"href":"https:\/\/cimbcc.org\/test2\/wp-json\/wp\/v2\/media?parent=24285"}],"wp:term":[{"taxonomy":"category","embeddable":true,"href":"https:\/\/cimbcc.org\/test2\/wp-json\/wp\/v2\/categories?post=24285"},{"taxonomy":"post_tag","embeddable":true,"href":"https:\/\/cimbcc.org\/test2\/wp-json\/wp\/v2\/tags?post=24285"}],"curies":[{"name":"wp","href":"https:\/\/api.w.org\/{rel}","templated":true}]}}