{"id":2470,"date":"2012-05-04T11:00:08","date_gmt":"2012-05-04T16:00:08","guid":{"rendered":"https:\/\/cimbcc.org\/test2\/?p=2470"},"modified":"2023-10-16T22:17:14","modified_gmt":"2023-10-17T02:17:14","slug":"mot-du-president-mai-2012","status":"publish","type":"post","link":"https:\/\/cimbcc.org\/test2\/mot-du-president-mai-2012\/","title":{"rendered":"Mot du pr\u00e9sident &#8211; mai 2012"},"content":{"rendered":"<figure id=\"attachment_23836\" aria-describedby=\"caption-attachment-23836\" style=\"width: 125px\" class=\"wp-caption aligncenter\"><img loading=\"lazy\" decoding=\"async\" class=\"size-full wp-image-23836\" src=\"https:\/\/cimbcc.org\/test2\/wp-content\/uploads\/photo_cote_rejean.jpg\" alt=\"\" width=\"125\" height=\"125\" \/><figcaption id=\"caption-attachment-23836\" class=\"wp-caption-text\"><span style=\"color: #ffffff;\">mmmm<\/span>R\u00e9jean C\u00f4t\u00e9<\/figcaption><\/figure>\n<h4 style=\"text-align: left;\">Rencontre du conseil d&rsquo;administration, r\u00e9trospective et coup d&rsquo;oeil sur la nouvelle ann\u00e9e<\/h4>\n<p style=\"text-align: justify;\">C\u2019est avec humilit\u00e9 que j\u2019ai accept\u00e9 de nouveau de pr\u00e9sider aux destin\u00e9es du Club informatique Mont-Bruno pour une autre\u00a0ann\u00e9e, \u00e0 la r\u00e9union du conseil d\u2019administration du 1<sup>er<\/sup>\u00a0mai. Michel\u00a0Gagn\u00e9, Sylvie\u00a0Mazur et Walter\u00a0Pearce ont \u00e9t\u00e9 \u00e9lus respectivement vice-pr\u00e9sident, secr\u00e9taire et tr\u00e9sorier. Je les f\u00e9licite pour leur courage et les remercie pour tout l\u2019appui qu\u2019ils m\u2019ont apport\u00e9 durant l\u2019ann\u00e9e du club qui se termine.<\/p>\n<p style=\"text-align: justify;\"><!--more--><\/p>\n<p style=\"text-align: justify;\">J\u2019en profite pour f\u00e9liciter les autres administrateurs r\u00e9\u00e9lus ou nouvellement \u00e9lus. Je remercie aussi ceux qui n\u2019ont pas sollicit\u00e9 de nouveaux mandats, soit Francine\u00a0Desrosiers, r\u00e9put\u00e9e pour ses courriels du dimanche, Carmen\u00a0Gamache, notre secr\u00e9taire, Roch\u00a0Lafrance, notre m\u00e9moire, et Annick\u00a0Ledur.<\/p>\n<p style=\"text-align: justify;\">J\u2019ai pens\u00e9 vous faire une r\u00e9trospective de quelques points saillants de l\u2019ann\u00e9e avec un coup d\u2019\u0153il sur la nouvelle ann\u00e9e dans ce dernier <em>Mot du pr\u00e9sident<\/em> de l\u2019exercice 2011-2012.<\/p>\n<p style=\"text-align: justify;\">Au fil des ans, le Club informatique Mont-Bruno \u00e9volue et s\u2019am\u00e9liore. Il recrute de nouveaux pr\u00e9sentateurs, fait de nouvelles pr\u00e9sentations et offre aussi de nouveaux services \u00e0 ses membres. Je suis convaincu qu\u2019encore une fois cette ann\u00e9e nous avons bien r\u00e9ussi. Voici quelques-unes des activit\u00e9s qui ont marqu\u00e9 l\u2019ann\u00e9e.<\/p>\n<h4 style=\"text-align: justify;\">Les ateliers<\/h4>\n<p style=\"text-align: justify;\">En f\u00e9vrier, le club a cr\u00e9\u00e9 un atelier pour les curieux en informatique. Cet atelier r\u00e9unit des membres ayant une assez bonne base en informatique et qui d\u00e9sirent continuer \u00e0 am\u00e9liorer leurs connaissances. Nous consid\u00e9rons cet atelier essentiel au d\u00e9veloppement technique du club.<\/p>\n<p style=\"text-align: justify;\">Pour les ateliers, le d\u00e9fi est toujours le m\u00eame. En septembre, il faudra trouver de nouveaux animateurs. Si vous vous sentez de taille pour relever ce d\u00e9fi, communiquez avec moi pour en discuter. Tout ce que \u00e7a prend, c\u2019est la connaissance du sujet et un bon sens de l\u2019organisation\u00a0: nul besoin d\u2019\u00eatre un sp\u00e9cialiste, vous aurez toute l\u2019aide n\u00e9cessaire dont vous aurez besoin.<\/p>\n<h4 style=\"text-align: justify;\">Souper de No\u00ebl<\/h4>\n<p style=\"text-align: justify;\">Pr\u00e8s de 100\u00a0personnes ont particip\u00e9 au souper de No\u00ebl au Centre Marcel-Dulude, le 7\u00a0d\u00e9cembre dernier. Plusieurs qualifient cet \u00e9v\u00e9nement comme le plus beau souper de No\u00ebl au club depuis fort longtemps. Nous avons bien mang\u00e9 et nous nous sommes bien amus\u00e9s.<\/p>\n<h4 style=\"text-align: justify;\">Comit\u00e9 de direction\/conseil d\u2019administration<\/h4>\n<p style=\"text-align: justify;\">Notre assembl\u00e9e g\u00e9n\u00e9rale annuelle qui s\u2019est tenue le 11\u00a0avril a \u00e9t\u00e9 la plus courue de toute l\u2019histoire du club. Il y a de quoi \u00eatre fier. Avec l\u2019adoption de nos nouveaux r\u00e8glements g\u00e9n\u00e9raux, le comit\u00e9 de direction change de nom et devient le conseil d\u2019administration.<\/p>\n<h4 style=\"text-align: justify;\">D\u00e9pannage avant les pr\u00e9sentations<\/h4>\n<p style=\"text-align: justify;\">En principe, deux\u00a0b\u00e9n\u00e9voles s\u2019installent avec leur ordinateur dans la cuisine du Chalet Marie-Victorin une demi-heure avant chaque s\u00e9ance de pr\u00e9sentations et peuvent r\u00e9pondre aux questions jusqu\u2019\u00e0 une\u00a0heure apr\u00e8s le d\u00e9but de la s\u00e9ance. Ils peuvent vous aider \u00e0 r\u00e9soudre vos probl\u00e8mes d\u2019ordinateur ou de logiciel. Ce service est maintenant bien rod\u00e9.<\/p>\n<h4 style=\"text-align: justify;\">Notre bulletin le <em>CHIP<\/em><\/h4>\n<p style=\"text-align: justify;\">Le <em>CHIP <\/em>est pass\u00e9 de la forme papier \u00e0 la forme \u00e9lectronique dans un blogue en milieu d\u2019ann\u00e9e. En d\u00e9cembre, le <em>CHIP<\/em> a \u00e9t\u00e9 publi\u00e9 \u00e0 la fois dans sa forme papier et en mode \u00e9lectronique. Mais depuis le 1<sup>er<\/sup>\u00a0janvier, il n\u2019est publi\u00e9 qu\u2019en mode \u00e9lectronique. Les articles du <em>CHIP<\/em> sont maintenant envoy\u00e9s par courriel \u00e0 tous les abonn\u00e9s du blogue qui sera ouvert \u00e0 vos commentaires \u00e0 l\u2019automne. Cette autre \u00e9tape cr\u00e9era toutes les conditions pour un bon dialogue entre les membres et avec la direction.<\/p>\n<h4 style=\"text-align: justify;\">Nos pr\u00e9cieux b\u00e9n\u00e9voles<\/h4>\n<p style=\"text-align: justify;\">Je remercie tous les membres du comit\u00e9 de direction et tous les b\u00e9n\u00e9voles pour leurs g\u00e9n\u00e9reuses contributions tout au long de l\u2019ann\u00e9e. Je vous laisse souvent entendre combien nos b\u00e9n\u00e9voles nous sont pr\u00e9cieux. Sans eux, il n\u2019y aurait pas de club. Il faut renouveler continuellement notre contingent de b\u00e9n\u00e9voles. On doit remplacer ceux qui partent, souvent apr\u00e8s nous avoir rendu d\u2019excellents services. On souhaite que d\u2019autres les remplacent pour continuer \u00e0 faire tourner la roue. Si vous d\u00e9sirez contribuer au club pour quelque t\u00e2che que ce soit, ou m\u00eame si vous voulez aider et que vous ne savez pas comment le faire, communiquez avec moi. Dans une organisation comme la n\u00f4tre, il y a toujours plus de travail que de bras pour le faire. Plus il y aura de membres qui s\u2019engagent, plus nous pourrons enrichir nos activit\u00e9s au b\u00e9n\u00e9fice de tous.<\/p>\n<p style=\"text-align: justify;\">R\u00e9jean C\u00f4t\u00e9, pr\u00e9sident<\/p>\n<p style=\"text-align: justify;\">T\u00e9l.\u00a0: 450 441-2339<\/p>\n","protected":false},"excerpt":{"rendered":"<p>Rencontre du conseil d&rsquo;administration, r\u00e9trospective et coup d&rsquo;oeil sur la nouvelle ann\u00e9e C\u2019est avec humilit\u00e9 que j\u2019ai accept\u00e9 de nouveau de pr\u00e9sider aux destin\u00e9es du Club informatique Mont-Bruno pour une autre\u00a0ann\u00e9e, \u00e0 la r\u00e9union du conseil d\u2019administration du 1er\u00a0mai. Michel\u00a0Gagn\u00e9, Sylvie\u00a0Mazur et Walter\u00a0Pearce ont \u00e9t\u00e9 \u00e9lus respectivement vice-pr\u00e9sident, secr\u00e9taire et tr\u00e9sorier. Je les f\u00e9licite pour &hellip; <a href=\"https:\/\/cimbcc.org\/test2\/mot-du-president-mai-2012\/\" class=\"more-link\">Continuer la lecture de <span class=\"screen-reader-text\">Mot du pr\u00e9sident &#8211; mai 2012<\/span>  <span class=\"meta-nav\">&rarr;<\/span><\/a><\/p>\n","protected":false},"author":43,"featured_media":0,"comment_status":"closed","ping_status":"closed","sticky":false,"template":"","format":"standard","meta":{"footnotes":""},"categories":[11],"tags":[231,269,246,199],"class_list":["post-2470","post","type-post","status-publish","format-standard","hentry","category-mots-du-president","tag-assistance-avant-les-seances","tag-ateliers","tag-chip","tag-noel"],"_links":{"self":[{"href":"https:\/\/cimbcc.org\/test2\/wp-json\/wp\/v2\/posts\/2470","targetHints":{"allow":["GET"]}}],"collection":[{"href":"https:\/\/cimbcc.org\/test2\/wp-json\/wp\/v2\/posts"}],"about":[{"href":"https:\/\/cimbcc.org\/test2\/wp-json\/wp\/v2\/types\/post"}],"author":[{"embeddable":true,"href":"https:\/\/cimbcc.org\/test2\/wp-json\/wp\/v2\/users\/43"}],"replies":[{"embeddable":true,"href":"https:\/\/cimbcc.org\/test2\/wp-json\/wp\/v2\/comments?post=2470"}],"version-history":[{"count":61,"href":"https:\/\/cimbcc.org\/test2\/wp-json\/wp\/v2\/posts\/2470\/revisions"}],"predecessor-version":[{"id":25857,"href":"https:\/\/cimbcc.org\/test2\/wp-json\/wp\/v2\/posts\/2470\/revisions\/25857"}],"wp:attachment":[{"href":"https:\/\/cimbcc.org\/test2\/wp-json\/wp\/v2\/media?parent=2470"}],"wp:term":[{"taxonomy":"category","embeddable":true,"href":"https:\/\/cimbcc.org\/test2\/wp-json\/wp\/v2\/categories?post=2470"},{"taxonomy":"post_tag","embeddable":true,"href":"https:\/\/cimbcc.org\/test2\/wp-json\/wp\/v2\/tags?post=2470"}],"curies":[{"name":"wp","href":"https:\/\/api.w.org\/{rel}","templated":true}]}}