{"id":2510,"date":"2012-05-07T11:00:18","date_gmt":"2012-05-07T16:00:18","guid":{"rendered":"https:\/\/cimbcc.org\/test2\/?p=2510"},"modified":"2023-10-16T22:17:14","modified_gmt":"2023-10-17T02:17:14","slug":"editorial-mai-2012","status":"publish","type":"post","link":"https:\/\/cimbcc.org\/test2\/editorial-mai-2012\/","title":{"rendered":"\u00c9ditorial \u2013 mai 2012"},"content":{"rendered":"<p style=\"text-align: center;\"><a href=\"https:\/\/cimbcc.org\/test2\/editorial-fevrier-2013\/photo-andre-charest-editorial-2\" rel=\"attachment wp-att-5376\"><img loading=\"lazy\" decoding=\"async\" class=\"aligncenter size-full wp-image-5376\" src=\"https:\/\/cimbcc.org\/test2\/wp-content\/uploads\/Photo-Andre-Charest-Editorial1.jpg\" alt=\"Photo-Andre-Charest-Editorial\" width=\"300\" height=\"82\" \/><\/a><\/p>\n<h4 style=\"text-align: left;\">Bilan de l&rsquo;ann\u00e9e 2011-2012<\/h4>\n<p style=\"text-align: justify;\">Au moment o\u00f9 vous lirez ces lignes, les activit\u00e9s de formation 2011-2012 du club seront termin\u00e9es. Plus de s\u00e9ances de pr\u00e9sentations et plus d\u2019ateliers jusqu&rsquo;en septembre! D\u00e9j\u00e0, plusieurs b\u00e9n\u00e9voles pr\u00e9parent l\u2019ann\u00e9e 2012-2013.<\/p>\n<p style=\"text-align: justify;\"><!--more--><\/p>\n<p style=\"text-align: justify;\">Notre pr\u00e9sident dans son <em>Mot<\/em> nous trace un bilan de l\u2019ann\u00e9e. J\u2019aimerais faire un peu la m\u00eame chose, mais en butinant sur quelques points.<\/p>\n<p style=\"text-align: justify;\">Le club a eu un ind\u00e9niable succ\u00e8s de participation \u00e0 son assembl\u00e9e g\u00e9n\u00e9rale annuelle du 11\u00a0avril. En comptant les quelques retardataires, 93\u00a0membres ont assist\u00e9 \u00e0 la rencontre. Du jamais vu au CIMBCC. Cette derni\u00e8re assembl\u00e9e est de toutes les assembl\u00e9es g\u00e9n\u00e9rales des neuf derni\u00e8res ann\u00e9es (avant je ne sais pas) celle qui ressemble le plus \u00e0 ce que devrait \u00eatre une assembl\u00e9e g\u00e9n\u00e9rale annuelle. Il nous reste quand m\u00eame quelques cro\u00fbtes \u00e0 manger pour arriver \u00e0 tenir l\u2019assembl\u00e9e g\u00e9n\u00e9rale annuelle id\u00e9ale. C\u2019est une question d\u2019apprentissage et nous sommes sur la bonne voie. Entre autres, nous devons favoriser une plus grande participation des membres en les pr\u00e9parant mieux. Je r\u00eave de l\u2019ann\u00e9e o\u00f9 nous serons oblig\u00e9s de louer le Centre Marcel-Dulude pour accommoder tous ceux qui veulent assister \u00e0 l\u2019assembl\u00e9e. Ils viendront nombreux, car ils sauront qu\u2019ils ont leur mot \u00e0 dire et qu\u2019ils seront \u00e9cout\u00e9s.<\/p>\n<p style=\"text-align: justify;\">Puisqu&rsquo;il est question de r\u00eave, je r\u00eave toujours de compl\u00e9ter la petite communaut\u00e9 qui s\u2019occupe de notre site et de son blogue. Un membre est pr\u00eat \u00e0 g\u00e9rer les commentaires lorsque le blogue sera ouvert l\u2019automne prochain. Il nous manque toujours quelqu&rsquo;un avec une inclinaison plus technique pour relever Michel\u00a0Gagn\u00e9 ou tout au moins travailler avec lui sur l\u2019\u00e9volution et le maintien du site. Si je ne faisais pas toutes ces autres choses, je serais le premier \u00e0 me porter volontaire; j\u2019adore apprendre. C\u2019est une belle occasion. Qui rel\u00e8vera le d\u00e9fi? Surtout que notre nouveau site devrait \u00e9voluer passablement dans les prochaines ann\u00e9es.<\/p>\n<p style=\"text-align: justify;\">Dans les huit derni\u00e8res ann\u00e9es, le club a n\u00e9glig\u00e9 ses membres plus avanc\u00e9s en informatique. Il y a bien eu un atelier pour avanc\u00e9s en 2008-2009, mais l\u2019int\u00e9r\u00eat s\u2019est \u00e9mouss\u00e9 en cours d\u2019ann\u00e9e et l\u2019atelier n\u2019a pas repris ses activit\u00e9s l\u2019ann\u00e9e suivante. Nous n\u2019avions pas la bonne formule.<\/p>\n<p style=\"text-align: justify;\">On a essay\u00e9 par la suite de se servir du groupe d\u2019int\u00e9r\u00eat (ou atelier) sur le fonctionnement de l\u2019ordinateur pour int\u00e9resser les avanc\u00e9s. La chose a plus ou moins fonctionn\u00e9 pendant deux\u00a0ans. Il est devenu \u00e9vident \u00e0 l\u2019automne\u00a02011 que cet atelier aussi allait faire naufrage. Nous l\u2019avons sabord\u00e9 et Michel\u00a0Gagn\u00e9 et moi avons cr\u00e9\u00e9 l\u2019atelier des curieux en informatique. Une vingtaine de membres ont \u00e9t\u00e9 mis dans le coup avec un certain succ\u00e8s. Les 14\u00a0participants \u00e0 la derni\u00e8re r\u00e9union ont tous exprim\u00e9 le d\u00e9sir de continuer en septembre. C\u2019est de bon augure. Restons quand m\u00eame raisonnablement optimistes en esp\u00e9rant que cette fois nous avons trouv\u00e9 la bonne formule.<\/p>\n<p style=\"text-align: justify;\">Pourquoi porter autant d\u2019int\u00e9r\u00eat \u00e0 cet atelier en particulier? Tout simplement parce que l\u2019atelier des curieux en informatique, tout comme celui des logiciels libres, est notre universit\u00e9. Ils sont une richesse dont le club ne peut se passer pour assurer son \u00e9volution.<\/p>\n<p style=\"text-align: justify;\">Mon butinage est injuste. Il oublie tout l\u2019effort et les prestations des pr\u00e9sentateurs aux s\u00e9ances du mercredi soir et du vendredi apr\u00e8s-midi et ceux des animateurs des autres ateliers. Il oublie aussi tous ceux qui supportent les activit\u00e9s de d\u00e9pannage que ce soit par courriel ou avant les s\u00e9ances de pr\u00e9sentations, et celui qui coordonne le d\u00e9pannage \u00e0 domicile. Il oublie toute la logistique des activit\u00e9s, les communications, les cours dans les biblioth\u00e8ques, l\u2019organisation des activit\u00e9s sociales, les collaborations \u00e0 notre blogue, notre photographe, la r\u00e9cup\u00e9ration du mat\u00e9riel informatique, la gestion de l\u2019effectif et l\u2019administration du club.<\/p>\n<p style=\"text-align: justify;\">Quelqu\u2019un m\u2019a dit derni\u00e8rement que le Club informatique Mont-Bruno est un tr\u00e9sor. Je le crois. C\u2019est un tr\u00e9sor fragile qui d\u00e9pend du bon vouloir de tous ses b\u00e9n\u00e9voles qui seront l\u00e0 de nouveau en septembre prochain pour vous accueillir.<\/p>\n<p style=\"text-align: justify;\">Andr\u00e9 Charest<\/p>\n","protected":false},"excerpt":{"rendered":"<p>Bilan de l&rsquo;ann\u00e9e 2011-2012 Au moment o\u00f9 vous lirez ces lignes, les activit\u00e9s de formation 2011-2012 du club seront termin\u00e9es. Plus de s\u00e9ances de pr\u00e9sentations et plus d\u2019ateliers jusqu&rsquo;en septembre! D\u00e9j\u00e0, plusieurs b\u00e9n\u00e9voles pr\u00e9parent l\u2019ann\u00e9e 2012-2013.<\/p>\n","protected":false},"author":43,"featured_media":0,"comment_status":"closed","ping_status":"closed","sticky":false,"template":"","format":"standard","meta":{"footnotes":""},"categories":[8],"tags":[126],"class_list":["post-2510","post","type-post","status-publish","format-standard","hentry","category-editoriaux","tag-benevoles"],"_links":{"self":[{"href":"https:\/\/cimbcc.org\/test2\/wp-json\/wp\/v2\/posts\/2510","targetHints":{"allow":["GET"]}}],"collection":[{"href":"https:\/\/cimbcc.org\/test2\/wp-json\/wp\/v2\/posts"}],"about":[{"href":"https:\/\/cimbcc.org\/test2\/wp-json\/wp\/v2\/types\/post"}],"author":[{"embeddable":true,"href":"https:\/\/cimbcc.org\/test2\/wp-json\/wp\/v2\/users\/43"}],"replies":[{"embeddable":true,"href":"https:\/\/cimbcc.org\/test2\/wp-json\/wp\/v2\/comments?post=2510"}],"version-history":[{"count":27,"href":"https:\/\/cimbcc.org\/test2\/wp-json\/wp\/v2\/posts\/2510\/revisions"}],"predecessor-version":[{"id":25855,"href":"https:\/\/cimbcc.org\/test2\/wp-json\/wp\/v2\/posts\/2510\/revisions\/25855"}],"wp:attachment":[{"href":"https:\/\/cimbcc.org\/test2\/wp-json\/wp\/v2\/media?parent=2510"}],"wp:term":[{"taxonomy":"category","embeddable":true,"href":"https:\/\/cimbcc.org\/test2\/wp-json\/wp\/v2\/categories?post=2510"},{"taxonomy":"post_tag","embeddable":true,"href":"https:\/\/cimbcc.org\/test2\/wp-json\/wp\/v2\/tags?post=2510"}],"curies":[{"name":"wp","href":"https:\/\/api.w.org\/{rel}","templated":true}]}}