{"id":2541,"date":"2012-05-09T11:00:29","date_gmt":"2012-05-09T16:00:29","guid":{"rendered":"https:\/\/cimbcc.org\/test2\/?p=2541"},"modified":"2023-10-16T22:17:14","modified_gmt":"2023-10-17T02:17:14","slug":"quand-le-telephone-intelligent-devient-la-meilleure-solution-pour-envoyer-des-fax","status":"publish","type":"post","link":"https:\/\/cimbcc.org\/test2\/quand-le-telephone-intelligent-devient-la-meilleure-solution-pour-envoyer-des-fax\/","title":{"rendered":"Quand le t\u00e9l\u00e9phone intelligent devient la meilleure solution pour envoyer des fax"},"content":{"rendered":"<figure id=\"attachment_25229\" aria-describedby=\"caption-attachment-25229\" style=\"width: 125px\" class=\"wp-caption aligncenter\"><img loading=\"lazy\" decoding=\"async\" class=\"size-full wp-image-25229\" src=\"https:\/\/cimbcc.org\/test2\/wp-content\/uploads\/photo_jacquet_jean_philippe.jpg\" alt=\"\" width=\"125\" height=\"125\" \/><figcaption id=\"caption-attachment-25229\" class=\"wp-caption-text\"><span style=\"color: #ffffff;\">n<\/span>Jean-Philippe Jacquet<\/figcaption><\/figure>\n<p style=\"text-align: justify;\">Comme \u00e0 chaque mois, Jean-Philippe vous pr\u00e9sente un article tir\u00e9 d\u2019Internet.<\/p>\n<p style=\"text-align: justify;\">Ce mois-ci, il\u00a0propose un article de Fran\u00e7ois Picard, journaliste et \u00e9diteur du webzine <a href=\"http:\/\/www.atoutmicro.ca\/\" target=\"_blank\" rel=\"noopener\">Atout Micro<\/a>, publi\u00e9 le\u00a04\u00a0avril dernier dans la <em>Direction informatique<\/em>, traitant\u00a0d&rsquo;un outil utile\u00a0sur les t\u00e9l\u00e9phones intelligents.<\/p>\n<p style=\"text-align: justify;\"><!--more--><\/p>\n<p style=\"text-align: justify;\">Des institutions et des soci\u00e9t\u00e9s\u00a0exigent que certains documents leur soient achemin\u00e9s par fax. Comment fait-on sans aller dans une boutique qui offre ce service si l\u2019on n\u2019a pas soi-m\u00eame un fax? Vous pouvez vous servir de votre t\u00e9l\u00e9phone intelligent pour le faire, soit \u00e0 la fois pour num\u00e9riser le document \u00e0 envoyer et pour transmettre la t\u00e9l\u00e9copie \u00e0 un t\u00e9l\u00e9copieur. Qui aurait pens\u00e9 qu\u2019un jour on pourrait envoyer un fax \u00e0 partir d\u2019un t\u00e9l\u00e9phone intelligent? C\u2019est fait!<\/p>\n<p style=\"text-align: justify;\"><noscript>&amp;amp;lt;a href=\u00a0\u00bbhttp:\/\/ad.ca.doubleclick.net\/jump\/idg.ca.directioninformatique\/produits;tile=2;pos=skyscraperros;sz=160&#215;600;ord=1200125976?\u00a0\u00bbtarget=\u00a0\u00bb_blank\u00a0\u00bb&amp;amp;gt;&amp;amp;lt;img src=\u00a0\u00bbhttp:\/\/ad.ca.doubleclick.net\/adj\/idg.cadirectioninformatique\/produits;tile=2;pos=skyscraperros;sz=160&#215;600;ord=1200125976?\u00a0\u00bbwidth=\u00a0\u00bb160&Prime; height=\u00a0\u00bb600&Prime; border=\u00a0\u00bb0&Prime; alt=\u00a0\u00bbDirection Informatique Advertisement\u00a0\u00bb \/&amp;amp;gt;&amp;amp;lt;\/a&amp;amp;gt;<\/noscript><noscript>&amp;amp;lt;a target=\u00a0\u00bb_blank\u00a0\u00bb href=\u00a0\u00bbhttp:\/\/ad.ca.doubleclick.net\/click%3Bh%3Dv8\/3c2c\/3\/0\/%2a\/d%3B252087504%3B0-0%3B0%3B76168200%3B2321-160\/600%3B46136032\/46153155\/1%3B%3B%7Efdr%3D252119005%3B0-0%3B0%3B26002377%3B2321-160\/600%3B46148213\/46165336\/1%3B%3B%7Eokv%3D%3Btile%3D2%3Bpos%3Dskyscraperros%3Bsz%3D160x600%3B%7Esscs%3D%3fhttp:\/\/www-03.ibm.com\/systems\/ca\/fr\/express\/campaigns\/offers.html?cmp=6n8ah&amp;amp;amp;cm=b&amp;amp;amp;csr=agca_esvirtualise-20111109&amp;amp;amp;cr=directioninformatique&amp;amp;amp;ct=6n8ah32rw&amp;amp;amp;cn=Creative1&Prime;&amp;amp;gt;&amp;amp;lt;img src=\u00a0\u00bbhttp:\/\/s0.2mdn.net\/712576\/2-IBM Banner MM_160x600.jpg\u00a0\u00bb width=\u00a0\u00bb160&Prime; height=\u00a0\u00bb600&Prime; border=\u00a0\u00bb0&Prime; alt=\u00a0\u00bbAdvertisement\u00a0\u00bb galleryimg=\u00a0\u00bbno\u00a0\u00bb&amp;amp;gt;&amp;amp;lt;\/a&amp;amp;gt;<\/noscript><\/p>\n<p style=\"text-align: justify;\">Pour en savoir plus, <a title=\"cliquez ici\" href=\"http:\/\/www.directioninformatique.com\/DI\/client\/fr\/DirectionInformatique\/Nouvelles.asp?id=66874&amp;cid=82\">cliquez ici<\/a>.<\/p>\n<p>Jean-Philippe Jacquet<\/p>\n","protected":false},"excerpt":{"rendered":"<p>Comme \u00e0 chaque mois, Jean-Philippe vous pr\u00e9sente un article tir\u00e9 d\u2019Internet. Ce mois-ci, il\u00a0propose un article de Fran\u00e7ois Picard, journaliste et \u00e9diteur du webzine Atout Micro, publi\u00e9 le\u00a04\u00a0avril dernier dans la Direction informatique, traitant\u00a0d&rsquo;un outil utile\u00a0sur les t\u00e9l\u00e9phones intelligents.<\/p>\n","protected":false},"author":43,"featured_media":0,"comment_status":"closed","ping_status":"closed","sticky":false,"template":"","format":"standard","meta":{"footnotes":""},"categories":[9],"tags":[296,104],"class_list":["post-2541","post","type-post","status-publish","format-standard","hentry","category-direction-informatique-toms-hardware","tag-fax","tag-telephone-intelligent"],"_links":{"self":[{"href":"https:\/\/cimbcc.org\/test2\/wp-json\/wp\/v2\/posts\/2541","targetHints":{"allow":["GET"]}}],"collection":[{"href":"https:\/\/cimbcc.org\/test2\/wp-json\/wp\/v2\/posts"}],"about":[{"href":"https:\/\/cimbcc.org\/test2\/wp-json\/wp\/v2\/types\/post"}],"author":[{"embeddable":true,"href":"https:\/\/cimbcc.org\/test2\/wp-json\/wp\/v2\/users\/43"}],"replies":[{"embeddable":true,"href":"https:\/\/cimbcc.org\/test2\/wp-json\/wp\/v2\/comments?post=2541"}],"version-history":[{"count":38,"href":"https:\/\/cimbcc.org\/test2\/wp-json\/wp\/v2\/posts\/2541\/revisions"}],"predecessor-version":[{"id":25854,"href":"https:\/\/cimbcc.org\/test2\/wp-json\/wp\/v2\/posts\/2541\/revisions\/25854"}],"wp:attachment":[{"href":"https:\/\/cimbcc.org\/test2\/wp-json\/wp\/v2\/media?parent=2541"}],"wp:term":[{"taxonomy":"category","embeddable":true,"href":"https:\/\/cimbcc.org\/test2\/wp-json\/wp\/v2\/categories?post=2541"},{"taxonomy":"post_tag","embeddable":true,"href":"https:\/\/cimbcc.org\/test2\/wp-json\/wp\/v2\/tags?post=2541"}],"curies":[{"name":"wp","href":"https:\/\/api.w.org\/{rel}","templated":true}]}}