{"id":25714,"date":"2019-03-22T00:00:11","date_gmt":"2019-03-22T04:00:11","guid":{"rendered":"https:\/\/cimbcc.org\/test2\/?p=25714"},"modified":"2023-10-16T22:14:28","modified_gmt":"2023-10-17T02:14:28","slug":"y-a-t-il-un-bogue-avec-les-vignettes-du-menu-demarrer","status":"publish","type":"post","link":"https:\/\/cimbcc.org\/test2\/y-a-t-il-un-bogue-avec-les-vignettes-du-menu-demarrer\/","title":{"rendered":"Y a-t-il un bogue avec les vignettes du menu D\u00e9marrer?"},"content":{"rendered":"<figure id=\"attachment_24120\" aria-describedby=\"caption-attachment-24120\" style=\"width: 125px\" class=\"wp-caption aligncenter\"><img loading=\"lazy\" decoding=\"async\" class=\"size-full wp-image-24120\" src=\"https:\/\/cimbcc.org\/test2\/wp-content\/uploads\/photo_dion_celine.jpg\" alt=\"\" width=\"125\" height=\"126\" \/><figcaption id=\"caption-attachment-24120\" class=\"wp-caption-text\"><span style=\"color: #ffffff;\">mmmn<\/span>C\u00e9line Dion<\/figcaption><\/figure>\n<p style=\"text-align: justify;\">J\u2019ai r\u00e9cemment re\u00e7u et install\u00e9 la <a href=\"https:\/\/www.microsoft.com\/fr-ca\/windows\" target=\"_blank\" rel=\"noopener\">mise \u00e0 jour 1809<\/a> de Windows 10. Fid\u00e8le \u00e0 elle-m\u00eame, cette mise \u00e0 jour de Windows 10 \u00e9tait presque aussi longue que les pr\u00e9c\u00e9dentes, \u00e0 part la toute premi\u00e8re installation de Windows 10 qui, elle, \u00e9tait vraiment tr\u00e8s longue.<\/p>\n<p style=\"text-align: justify;\">Personnellement, j\u2019ai \u00e9t\u00e9 tr\u00e8s choqu\u00e9e de constater que la configuration de mes <a href=\"https:\/\/fr.wikipedia.org\/wiki\/Miniature_(informatique)\" target=\"_blank\" rel=\"noopener\">vignettes<\/a> dans le menu D\u00e9marrer avait \u00e9t\u00e9 remplac\u00e9e par celle que Windows 10 m\u2019avait impos\u00e9e.<\/p>\n<p><!--more--><\/p>\n<p style=\"text-align: justify;\">Je me suis dit\u00a0: \u00ab\u00a0A<em>h bon. C&rsquo;est peut-\u00eatre une erreur durant la mise \u00e0 jour. Ce n&rsquo;est pas trop long \u00e0 reconfigurer, donc, je vais remettre mes vignettes pr\u00e9f\u00e9r\u00e9es et supprimer celles que je n&rsquo;utilise pas\u00a0\u00bb<\/em>.<\/p>\n<p style=\"text-align: justify;\">Mais \u00e0 ma grande surprise, Windows a encore une fois \u00e9cras\u00e9 ma configuration personnalis\u00e9e par celle de la <a href=\"https:\/\/www.microsoft.com\/fr-ca\/windows\" target=\"_blank\" rel=\"noopener\">mise \u00e0 jour 1809<\/a>!<\/p>\n<p style=\"text-align: justify;\">Apr\u00e8s plusieurs recherches sur le sujet, j&rsquo;ai d\u00e9couvert que d&rsquo;autres utilisateurs avaient eu le m\u00eame probl\u00e8me, mais Windows n&rsquo;avait pas donn\u00e9 de r\u00e9ponse \u00e0 ce sujet dans le forum de la communaut\u00e9 Windows ni sur aucun autre site.<\/p>\n<p style=\"text-align: justify;\">Comme je ne peux pas me \u00ab\u00a0convertir\u00a0\u00bb \u00e0 <a href=\"https:\/\/fr.wikipedia.org\/wiki\/Linux\" target=\"_blank\" rel=\"noopener\">Linux<\/a> faute de connaissance, j&rsquo;ai donc d\u00e9cid\u00e9 de v\u00e9rifier si le m\u00eame probl\u00e8me se produirait avec ma session Windows dite \u00ab\u00a0locale\u00a0\u00bb, que je n&rsquo;avais pas ouverte depuis tr\u00e8s longtemps. Apr\u00e8s quelques tests de configuration et red\u00e9marrage, quelle joie ce fut pour moi de retrouver le plein contr\u00f4le des vignettes de mon menu D\u00e9marrer!<\/p>\n<p style=\"text-align: justify;\">Par contre, je n&rsquo;avais plus acc\u00e8s au service nuagique <a href=\"https:\/\/onedrive.live.com\/about\/fr-ca\/signin\/\" target=\"_blank\" rel=\"noopener\">OneDrive<\/a> pour synchroniser mes dossiers OneDrive. Le programme OneDrive.exe ne s&rsquo;ex\u00e9cutait pas, s\u00fbrement parce que ma session locale n&rsquo;est pas li\u00e9e \u00e0 un mon compte Microsoft, ce qui est le but d&rsquo;ailleurs. Cela me semble normal que les dossiers stock\u00e9s sur le OneDrive d&rsquo;un compte Microsoft ne puissent \u00eatre utilis\u00e9s par un autre compte.<\/p>\n<p style=\"text-align: justify;\">Bien s\u00fbr, si j&rsquo;ai absolument besoin d&rsquo;acc\u00e9der \u00e0 mes dossiers sur OneDrive, je n&rsquo;ai qu&rsquo;\u00e0 me rendre sur le site web de OneDrive. Les fichiers que je vais modifier ne seront pas synchronis\u00e9s sur ma session avec un compte local, mais plut\u00f4t sur mon autre session avec compte Microsoft (celle qui ne \u00ab\u00a0m&rsquo;ob\u00e9it\u00a0\u00bb plus).<\/p>\n<p style=\"text-align: justify;\">Ma solution pour avoir mes fichiers synchronis\u00e9s dans le nuage avec mon compte local? Utiliser le service nuagique de Google, <a href=\"https:\/\/drive.google.com\/drive\/my-drive\" target=\"_blank\" rel=\"noopener\">Google Drive<\/a>. Lorsque j&rsquo;ai besoin d&rsquo;un de mes fichiers stock\u00e9s sur OneDrive, je le t\u00e9l\u00e9charge depuis le site web <a href=\"https:\/\/onedrive.live.com\/about\/fr-ca\/signin\/\" target=\"_blank\" rel=\"noopener\">OneDrive<\/a>\u00a0et je le sauvegarde dans un de mes dossiers <a href=\"https:\/\/drive.google.com\/drive\/my-drive\" target=\"_blank\" rel=\"noopener\">Google Drive<\/a> sur mon disque dur. Les fichiers vont se synchroniser avec le service <a href=\"https:\/\/drive.google.com\/drive\/my-drive\" target=\"_blank\" rel=\"noopener\">Google Drive<\/a>.<\/p>\n<p style=\"text-align: justify;\">Si vous n&rsquo;avez pas de compte local et d\u00e9sirez en cr\u00e9er un, il y a de nombreux tutoriels en ligne, par exemple celui-ci\u00a0: <a href=\"https:\/\/lecrabeinfo.net\/creer-un-compte-utilisateur-local-sur-windows-10.html\" target=\"_blank\" rel=\"noopener\">creer-un-compte-utilisateur-local-sur-windows-10<\/a>. Pour ceux qui ont suivi l&rsquo;atelier (#3) sur Windows 10 donn\u00e9 par Jacques Lalibert\u00e9, les instructions sont indiqu\u00e9es dans ses notes de cours.<\/p>\n<p>Je vous prie de compl\u00e9ter le bref sondage qui suit cet article.<\/p>\n<p>C\u00e9line Dion<\/p>\n<p style=\"text-align: center;\"><iframe loading=\"lazy\" src=\"https:\/\/docs.google.com\/forms\/d\/e\/1FAIpQLSfV-14oX1ghwLb-GTIPc-beSsh-U3J-mvGGnlcRMvu0h4GQIg\/viewform?embedded=true\" width=\"640\" height=\"550\" frameborder=\"0\" marginwidth=\"0\" marginheight=\"0\">Chargement en cours&#8230;<\/iframe>Cliquer vour voir les\u00a0<a href=\"https:\/\/cimbcc.org\/test2\/resultats-du-sondage-sur-le-bogue-avec-les-vignettes-du-menu-demarrer\">R\u00e9sultats du sondage<\/a><\/p>\n","protected":false},"excerpt":{"rendered":"<p>J\u2019ai r\u00e9cemment re\u00e7u et install\u00e9 la mise \u00e0 jour 1809 de Windows 10. Fid\u00e8le \u00e0 elle-m\u00eame, cette mise \u00e0 jour de Windows 10 \u00e9tait presque aussi longue que les pr\u00e9c\u00e9dentes, \u00e0 part la toute premi\u00e8re installation de Windows 10 qui, elle, \u00e9tait vraiment tr\u00e8s longue. Personnellement, j\u2019ai \u00e9t\u00e9 tr\u00e8s choqu\u00e9e de constater que la configuration &hellip; <a href=\"https:\/\/cimbcc.org\/test2\/y-a-t-il-un-bogue-avec-les-vignettes-du-menu-demarrer\/\" class=\"more-link\">Continuer la lecture de <span class=\"screen-reader-text\">Y a-t-il un bogue avec les vignettes du menu D\u00e9marrer?<\/span>  <span class=\"meta-nav\">&rarr;<\/span><\/a><\/p>\n","protected":false},"author":43,"featured_media":0,"comment_status":"open","ping_status":"closed","sticky":false,"template":"","format":"standard","meta":{"footnotes":""},"categories":[24],"tags":[932,134,373,88],"class_list":["post-25714","post","type-post","status-publish","format-standard","hentry","category-conseils-pratiques","tag-932","tag-google-drive","tag-onedrive","tag-windows-10"],"_links":{"self":[{"href":"https:\/\/cimbcc.org\/test2\/wp-json\/wp\/v2\/posts\/25714","targetHints":{"allow":["GET"]}}],"collection":[{"href":"https:\/\/cimbcc.org\/test2\/wp-json\/wp\/v2\/posts"}],"about":[{"href":"https:\/\/cimbcc.org\/test2\/wp-json\/wp\/v2\/types\/post"}],"author":[{"embeddable":true,"href":"https:\/\/cimbcc.org\/test2\/wp-json\/wp\/v2\/users\/43"}],"replies":[{"embeddable":true,"href":"https:\/\/cimbcc.org\/test2\/wp-json\/wp\/v2\/comments?post=25714"}],"version-history":[{"count":18,"href":"https:\/\/cimbcc.org\/test2\/wp-json\/wp\/v2\/posts\/25714\/revisions"}],"predecessor-version":[{"id":26329,"href":"https:\/\/cimbcc.org\/test2\/wp-json\/wp\/v2\/posts\/25714\/revisions\/26329"}],"wp:attachment":[{"href":"https:\/\/cimbcc.org\/test2\/wp-json\/wp\/v2\/media?parent=25714"}],"wp:term":[{"taxonomy":"category","embeddable":true,"href":"https:\/\/cimbcc.org\/test2\/wp-json\/wp\/v2\/categories?post=25714"},{"taxonomy":"post_tag","embeddable":true,"href":"https:\/\/cimbcc.org\/test2\/wp-json\/wp\/v2\/tags?post=25714"}],"curies":[{"name":"wp","href":"https:\/\/api.w.org\/{rel}","templated":true}]}}