{"id":2606,"date":"2012-05-16T11:00:42","date_gmt":"2012-05-16T16:00:42","guid":{"rendered":"https:\/\/cimbcc.org\/test2\/?p=2606"},"modified":"2023-10-16T22:17:14","modified_gmt":"2023-10-17T02:17:14","slug":"echos-du-conseil-dadministration-mai-2012","status":"publish","type":"post","link":"https:\/\/cimbcc.org\/test2\/echos-du-conseil-dadministration-mai-2012\/","title":{"rendered":"\u00c9chos du conseil d&rsquo;administration &#8211; 1er mai 2012"},"content":{"rendered":"<h5><\/h5>\n<figure id=\"attachment_5549\" aria-describedby=\"caption-attachment-5549\" style=\"width: 450px\" class=\"wp-caption aligncenter\"><img loading=\"lazy\" decoding=\"async\" class=\"size-full wp-image-5549\" src=\"https:\/\/cimbcc.org\/test2\/wp-content\/uploads\/Photo-Du-CA-2012-2013.jpg\" alt=\"\" width=\"450\" height=\"134\" srcset=\"https:\/\/cimbcc.org\/test2\/wp-content\/uploads\/Photo-Du-CA-2012-2013.jpg 450w, https:\/\/cimbcc.org\/test2\/wp-content\/uploads\/Photo-Du-CA-2012-2013-300x89.jpg 300w\" sizes=\"auto, (max-width: 450px) 100vw, 450px\" \/><figcaption id=\"caption-attachment-5549\" class=\"wp-caption-text\">De gauche \u00e0 droite\u00a0: Walter\u00a0Pearce, Francine\u00a0Fortier, R\u00e9jean\u00a0C\u00f4t\u00e9, Danielle\u00a0Bourque, Michel\u00a0Gagn\u00e9, Yvon\u00a0Gaudreau, Raymonde\u00a0Lemay, R\u00e9jean\u00a0Daigle, Sylvie\u00a0Mazur et Andr\u00e9\u00a0Charest. Denis\u00a0Dulude \u00e9tait absent au moment de la prise de la photo.<\/figcaption><\/figure>\n<p style=\"text-align: justify;\"><span style=\"color: #000000;\">La premi\u00e8re r\u00e9union du conseil d\u2019administration depuis l\u2019assembl\u00e9e g\u00e9n\u00e9rale annuelle a eu lieu le 1<sup>er<\/sup>\u00a0mai dernier. <\/span><\/p>\n<p style=\"text-align: justify;\"><!--more--><\/p>\n<p style=\"text-align: justify;\"><span style=\"color: #000000;\">\u00c0 cette r\u00e9union, R\u00e9jean\u00a0C\u00f4t\u00e9, Michel\u00a0Gagn\u00e9 et Walter\u00a0Pearce ont \u00e9t\u00e9 reconduits dans leurs fonctions respectivement de pr\u00e9sident, vice-pr\u00e9sident et tr\u00e9sorier. Sylvie\u00a0Mazur a \u00e9t\u00e9 \u00e9lue secr\u00e9taire. Tous les administrateurs ont ensuite sign\u00e9 le <em>Formulaire d\u2019entente sur les r\u00e8gles de conduite des membres du conseil d\u2019administration<\/em><em>. <\/em>Ce genre de formulaire \u00e0 signer par tout nouvel administrateur existe dans les organismes \u00e0 but non lucratif bien constitu\u00e9s. En signant ce formulaire, le nouvel administrateur s\u2019engage \u00e0 observer une s\u00e9rie de r\u00e8gles de conduite tout au long de son mandat et dans l\u2019ex\u00e9cution de ses fonctions.<\/span><\/p>\n<p style=\"text-align: justify;\"><span style=\"color: #000000;\">Notre pr\u00e9sident a alors mentionn\u00e9 que le nom \u00ab\u00a0Comit\u00e9 de direction\u00a0\u00bb ayant servi \u00e0 identifier le groupe de direction du club durant les quatre derni\u00e8res\u00a0ann\u00e9es a\u00a0\u00e9t\u00e9 automatiquement\u00a0transform\u00e9 en \u00ab Conseil d\u2019administration\u00a0\u00bb par l\u2019adoption des nouveaux r\u00e8glements.<\/span><\/p>\n<p style=\"text-align: justify;\"><span style=\"color: #000000;\">Le conseil a ensuite approuv\u00e9 le proc\u00e8s-verbal de l\u2019assembl\u00e9e g\u00e9n\u00e9rale annuelle du 11\u00a0avril qui lui a \u00e9t\u00e9 soumis apr\u00e8s un ajout mineur. Cette approbation n\u2019a qu\u2019une valeur symbolique. La v\u00e9ritable approbation viendra lors de l\u2019assembl\u00e9e g\u00e9n\u00e9rale annuelle de l\u2019an\u00a0prochain. Cette approbation non officielle permet aux membres du conseil de se mettre d\u00e8s maintenant d\u2019accord sur le proc\u00e8s-verbal.<\/span><\/p>\n<p style=\"text-align: justify;\"><span style=\"color: #000000;\">Le club compte une vingtaine\u00a0d\u2019activit\u00e9s. Plusieurs administrateurs g\u00e8rent eux-m\u00eames des activit\u00e9s et en sont redevables devant le conseil. Les responsables d\u2019activit\u00e9s ne si\u00e9geant pas au conseil y sont repr\u00e9sent\u00e9s par des administrateurs qu\u2019on appelle parrains. Les noms des responsables d\u2019activit\u00e9s et des parrains font partie d\u2019une liste qui, apr\u00e8s chaque \u00e9lection au conseil, est mise \u00e0 jour et cela fut fait durant cette r\u00e9union.<\/span><\/p>\n<p style=\"text-align: justify;\"><span style=\"color: #000000;\">Andr\u00e9 Charest a fait rapport des ateliers de l\u2019ann\u00e9e\u00a02011-2012. La fr\u00e9quentation des ateliers a diminu\u00e9 de fa\u00e7on significative par rapport \u00e0 l\u2019ann\u00e9e pr\u00e9c\u00e9dente parce qu\u2019il n\u2019y a pas eu d\u2019ateliers de montage de diaporamas et de traitement de photos cette ann\u00e9e. Par contre, la moyenne des pr\u00e9sences par atelier (10,3 en 2011-2012) est rest\u00e9e pratiquement inchang\u00e9e avec l\u2019ann\u00e9e pr\u00e9c\u00e9dente.<\/span><\/p>\n<p style=\"text-align: justify;\"><span style=\"color: #000000;\">Le conseil a aussi pass\u00e9 en revue de nombreux autres points et pris des d\u00e9cisions d\u2019ordre administratif ou op\u00e9rationnel pour assurer la bonne gestion du club et son \u00e9volution.<\/span><\/p>\n<p style=\"text-align: justify;\"><span style=\"color: #000000;\">Un membre du conseil en a profit\u00e9 pour saluer la contribution de R\u00e9jean\u00a0Daigle \u00e0 la r\u00e9daction des nouveaux r\u00e8glements. R\u00e9jean a servi de bougie d\u2019allumage et de guide durant tout ce processus.<\/span><\/p>\n<p style=\"text-align: justify;\"><span style=\"color: #000000;\">La prochaine r\u00e9union du CA aura lieu le 5\u00a0juin prochain.<\/span><\/p>\n<p style=\"text-align: justify;\"><span style=\"color: #000000;\">Cet article met fin \u00e0 la publication du <em>CHIP<\/em> jusqu&rsquo;en septembre\u00a0prochain qui reprendra de concert avec le lancement des activit\u00e9s et des services du club pour l\u2019ann\u00e9e 2012-2013.<\/span><\/p>\n<p style=\"text-align: justify;\"><span style=\"color: #000000;\">Le conseil d\u2019administration et les b\u00e9n\u00e9voles du club vous souhaitent de profiter pleinement de la p\u00e9riode estivale et de belles vacances.<\/span><\/p>\n<p style=\"text-align: justify;\"><span style=\"color: #000000;\">Au plaisir de vous rencontrer d\u00e8s septembre prochain!<\/span><\/p>\n<p style=\"text-align: justify;\"><span style=\"color: #000000;\">Andr\u00e9 Charest<\/span><\/p>\n","protected":false},"excerpt":{"rendered":"<p>La premi\u00e8re r\u00e9union du conseil d\u2019administration depuis l\u2019assembl\u00e9e g\u00e9n\u00e9rale annuelle a eu lieu le 1er\u00a0mai dernier.<\/p>\n","protected":false},"author":43,"featured_media":0,"comment_status":"closed","ping_status":"closed","sticky":false,"template":"","format":"standard","meta":{"footnotes":""},"categories":[386],"tags":[569,269,246,841,955,568],"class_list":["post-2606","post","type-post","status-publish","format-standard","hentry","category-echos-du-conseil-dadministration","tag-assemblee-generale-annuelle","tag-ateliers","tag-chip","tag-elections","tag-parrains","tag-reglements-generaux"],"_links":{"self":[{"href":"https:\/\/cimbcc.org\/test2\/wp-json\/wp\/v2\/posts\/2606","targetHints":{"allow":["GET"]}}],"collection":[{"href":"https:\/\/cimbcc.org\/test2\/wp-json\/wp\/v2\/posts"}],"about":[{"href":"https:\/\/cimbcc.org\/test2\/wp-json\/wp\/v2\/types\/post"}],"author":[{"embeddable":true,"href":"https:\/\/cimbcc.org\/test2\/wp-json\/wp\/v2\/users\/43"}],"replies":[{"embeddable":true,"href":"https:\/\/cimbcc.org\/test2\/wp-json\/wp\/v2\/comments?post=2606"}],"version-history":[{"count":29,"href":"https:\/\/cimbcc.org\/test2\/wp-json\/wp\/v2\/posts\/2606\/revisions"}],"predecessor-version":[{"id":26064,"href":"https:\/\/cimbcc.org\/test2\/wp-json\/wp\/v2\/posts\/2606\/revisions\/26064"}],"wp:attachment":[{"href":"https:\/\/cimbcc.org\/test2\/wp-json\/wp\/v2\/media?parent=2606"}],"wp:term":[{"taxonomy":"category","embeddable":true,"href":"https:\/\/cimbcc.org\/test2\/wp-json\/wp\/v2\/categories?post=2606"},{"taxonomy":"post_tag","embeddable":true,"href":"https:\/\/cimbcc.org\/test2\/wp-json\/wp\/v2\/tags?post=2606"}],"curies":[{"name":"wp","href":"https:\/\/api.w.org\/{rel}","templated":true}]}}