{"id":26387,"date":"2019-04-18T20:00:59","date_gmt":"2019-04-19T00:00:59","guid":{"rendered":"https:\/\/cimbcc.org\/test2\/?p=26387"},"modified":"2023-10-16T22:14:28","modified_gmt":"2023-10-17T02:14:28","slug":"alexa-se-met-au-francais-du-quebec","status":"publish","type":"post","link":"https:\/\/cimbcc.org\/test2\/alexa-se-met-au-francais-du-quebec\/","title":{"rendered":"Alexa se met au fran\u00e7ais du Qu\u00e9bec"},"content":{"rendered":"<figure id=\"attachment_24081\" aria-describedby=\"caption-attachment-24081\" style=\"width: 125px\" class=\"wp-caption aligncenter\"><img loading=\"lazy\" decoding=\"async\" class=\"size-full wp-image-24081\" src=\"https:\/\/cimbcc.org\/test2\/wp-content\/uploads\/photo_charron_denis.jpg\" alt=\"\" width=\"125\" height=\"125\" \/><figcaption id=\"caption-attachment-24081\" class=\"wp-caption-text\"><span style=\"color: #ffffff;\">mmm<\/span>Denis Charron<\/figcaption><\/figure>\n<p style=\"text-align: justify;\">Il est maintenant possible de programmer l&rsquo;assistant personnel d&rsquo;Amazon (<a href=\"https:\/\/fr.wikipedia.org\/wiki\/Amazon_Alexa\" target=\"_blank\" rel=\"noopener\">Alexa<\/a>) pour le fran\u00e7ais du Qu\u00e9bec. Cette nouvelle mise \u00e0 jour l&rsquo;aidera \u00e0 mieux comprendre les prononciations et les expressions typiquement qu\u00e9b\u00e9coises.<\/p>\n<p style=\"text-align: justify;\"><!--more--><\/p>\n<p style=\"text-align: justify;\">Vous pourrez en apprendre plus dans cet article de la revue <em>Prot\u00e9gez-vous<\/em> <a href=\"https:\/\/www.protegez-vous.ca\/nouvelles\/technologie\/alexa-officiellement-disponible-en-francais-canadien?utm_source=infolettre&amp;utm_medium=courriel&amp;utm_content%5Bdate%5D=2019-03-21+00%3A00%3A00.000000&amp;utm_content%5Btimezone_type%5D=1&amp;utm_content%5Btimezone%5D=%2B00%3A00&amp;utm_campaign=nouvelles&amp;tp=i-H43-Cd-cT-1QrJC-1s-Ict-1c-1Qmxg-1jbjwF\" target=\"_blank\" rel=\"noopener\">en cliquant ici<\/a>.<\/p>\n<p>Denis Charron<\/p>\n<p>&nbsp;<\/p>\n","protected":false},"excerpt":{"rendered":"<p>Il est maintenant possible de programmer l&rsquo;assistant personnel d&rsquo;Amazon (Alexa) pour le fran\u00e7ais du Qu\u00e9bec. Cette nouvelle mise \u00e0 jour l&rsquo;aidera \u00e0 mieux comprendre les prononciations et les expressions typiquement qu\u00e9b\u00e9coises.<\/p>\n","protected":false},"author":43,"featured_media":0,"comment_status":"open","ping_status":"closed","sticky":false,"template":"","format":"standard","meta":{"footnotes":""},"categories":[24],"tags":[806,77,995,996],"class_list":["post-26387","post","type-post","status-publish","format-standard","hentry","category-conseils-pratiques","tag-alexa","tag-amazon","tag-francais","tag-quebec"],"_links":{"self":[{"href":"https:\/\/cimbcc.org\/test2\/wp-json\/wp\/v2\/posts\/26387","targetHints":{"allow":["GET"]}}],"collection":[{"href":"https:\/\/cimbcc.org\/test2\/wp-json\/wp\/v2\/posts"}],"about":[{"href":"https:\/\/cimbcc.org\/test2\/wp-json\/wp\/v2\/types\/post"}],"author":[{"embeddable":true,"href":"https:\/\/cimbcc.org\/test2\/wp-json\/wp\/v2\/users\/43"}],"replies":[{"embeddable":true,"href":"https:\/\/cimbcc.org\/test2\/wp-json\/wp\/v2\/comments?post=26387"}],"version-history":[{"count":1,"href":"https:\/\/cimbcc.org\/test2\/wp-json\/wp\/v2\/posts\/26387\/revisions"}],"predecessor-version":[{"id":26388,"href":"https:\/\/cimbcc.org\/test2\/wp-json\/wp\/v2\/posts\/26387\/revisions\/26388"}],"wp:attachment":[{"href":"https:\/\/cimbcc.org\/test2\/wp-json\/wp\/v2\/media?parent=26387"}],"wp:term":[{"taxonomy":"category","embeddable":true,"href":"https:\/\/cimbcc.org\/test2\/wp-json\/wp\/v2\/categories?post=26387"},{"taxonomy":"post_tag","embeddable":true,"href":"https:\/\/cimbcc.org\/test2\/wp-json\/wp\/v2\/tags?post=26387"}],"curies":[{"name":"wp","href":"https:\/\/api.w.org\/{rel}","templated":true}]}}