{"id":26574,"date":"2019-04-25T21:00:37","date_gmt":"2019-04-26T01:00:37","guid":{"rendered":"https:\/\/cimbcc.org\/test2\/?p=26574"},"modified":"2023-10-16T22:14:28","modified_gmt":"2023-10-17T02:14:28","slug":"echos-du-conseil-dadministration-2-avril-2019","status":"publish","type":"post","link":"https:\/\/cimbcc.org\/test2\/echos-du-conseil-dadministration-2-avril-2019\/","title":{"rendered":"\u00c9chos du conseil d&rsquo;administration &#8211; 2 avril 2019"},"content":{"rendered":"<figure id=\"attachment_21147\" aria-describedby=\"caption-attachment-21147\" style=\"width: 500px\" class=\"wp-caption aligncenter\"><img loading=\"lazy\" decoding=\"async\" class=\"size-full wp-image-21147\" src=\"https:\/\/cimbcc.org\/test2\/wp-content\/uploads\/CIMBCC-2018-2019r.jpg\" alt=\"CA 2018-2019\" width=\"500\" height=\"228\" srcset=\"https:\/\/cimbcc.org\/test2\/wp-content\/uploads\/CIMBCC-2018-2019r.jpg 500w, https:\/\/cimbcc.org\/test2\/wp-content\/uploads\/CIMBCC-2018-2019r-300x137.jpg 300w\" sizes=\"auto, (max-width: 500px) 100vw, 500px\" \/><figcaption id=\"caption-attachment-21147\" class=\"wp-caption-text\">Sur la premi\u00e8re rang\u00e9e : Huguette Turgeon, Danielle Bourque, Danielle Barab\u00e9, Berthe Demers, Sylvie Mazur. Sur la deuxi\u00e8me rang\u00e9e : Michel C\u00f4t\u00e9, Jacques Lalibert\u00e9, Michel Gagn\u00e9, Richard Gervais, R\u00e9jean C\u00f4t\u00e9.<\/figcaption><\/figure>\n<p style=\"text-align: justify;\">L\u2019ann\u00e9e financi\u00e8re du club s\u2019est termin\u00e9e le 31\u00a0mars. La r\u00e9union d\u2019avril \u00e9tait donc particuli\u00e8rement importante pour examiner les \u00e9tats financiers de l\u2019ann\u00e9e \u00e9coul\u00e9e et adopter un budget pour l\u2019ann\u00e9e qui commence. Par ailleurs, le conseil d\u2019administration a poursuivi l\u2019examen de la mise en \u0153uvre de ses objectifs prioritaires et il a r\u00e9vis\u00e9 le service de r\u00e9cup\u00e9ration de mat\u00e9riel informatique.<\/p>\n<p><!--more--><\/p>\n<hr \/>\n<h4><strong>\u00c9tats financiers\u00a02018-2019<\/strong><\/h4>\n<p style=\"text-align: justify;\">L\u2019ann\u00e9e financi\u00e8re du club s\u2019est sold\u00e9e avec des revenus de 25\u00a0901\u00a0$, des d\u00e9penses de 25\u00a0681\u00a0$ et un r\u00e9sultat net de 220\u00a0$, alors que le budget\u00a02018-2019 pr\u00e9voyait un d\u00e9ficit de 2\u00a0140\u00a0$. Ce r\u00e9sultat a \u00e9t\u00e9 obtenu gr\u00e2ce aux commandites re\u00e7ues, dans le cadre du 35<sup>e\u00a0<\/sup>anniversaire du club, de la part de la Ville de Saint-Bruno-de-Montarville, de la Caisse Desjardins locale et des d\u00e9put\u00e9s locaux (provincial et f\u00e9d\u00e9ral).<\/p>\n<p style=\"text-align: justify;\">Par ailleurs, l\u2019actif net du club est de 30\u00a0534\u00a0$. Il est compos\u00e9 d\u2019un placement de 15\u00a0000\u00a0$, qui permettra de faire face si n\u00e9cessaire \u00e0 une situation difficile, et d\u2019un peu plus de 15\u00a0500\u00a0$ disponibles pour d\u00e9marrer la nouvelle ann\u00e9e financi\u00e8re. La situation du club est stable d\u2019une ann\u00e9e \u00e0 l\u2019autre malgr\u00e9 la diminution notable du nombre des membres\u00a0: 643\u00a0membres cette ann\u00e9e contre 692, l\u2019an dernier, et 774, il y a deux ans.<\/p>\n<p style=\"text-align: justify;\">Le conseil d\u2019administration a approuv\u00e9 ces \u00e9tats financiers qui seront aussi approuv\u00e9s par l\u2019assembl\u00e9e g\u00e9n\u00e9rale du 17\u00a0avril.<\/p>\n<hr \/>\n<h4><strong>Cotisations annuelles des membres <\/strong><\/h4>\n<p style=\"text-align: justify;\">Le conseil d\u2019administration a d\u00e9cid\u00e9 de maintenir le co\u00fbt de l\u2019adh\u00e9sion au club \u00e0 35\u00a0$ pour une personne et \u00e0 50\u00a0$ pour un couple. Le budget pour 2019-2020 a \u00e9t\u00e9 \u00e9labor\u00e9 \u00e0 partir de cette pr\u00e9misse.<\/p>\n<hr \/>\n<h4><strong>Pr\u00e9visions budg\u00e9taires\u00a02019-2020<\/strong><\/h4>\n<p style=\"text-align: justify;\">La tr\u00e9sori\u00e8re du club, Danielle\u00a0Barab\u00e9, a pr\u00e9sent\u00e9 des <strong>pr\u00e9visions budg\u00e9taires<\/strong> <strong>\u00e9quilibr\u00e9es pour 2019-2020<\/strong> en s\u2019appuyant sur les hypoth\u00e8ses suivantes\u00a0:<\/p>\n<ul style=\"text-align: justify;\">\n<li>une baisse des cotisations d\u2019environ 40\u00a0membres devrait g\u00e9n\u00e9rer des revenus r\u00e9duits;<\/li>\n<li>le total des revenus pr\u00e9vus est de 22\u00a0000\u00a0$;<\/li>\n<li>les d\u00e9penses aussi seront r\u00e9duites\u00a0pour ne pas exc\u00e9der les revenus\u00a0: les d\u00e9penses reli\u00e9es au souper de No\u00ebl, \u00e0 l\u2019achat d\u2019\u00e9quipement et \u00e0 l\u2019achat de pr\u00e9sents, par exemple, sont revues \u00e0 la baisse;<\/li>\n<li>les ateliers seront limit\u00e9s \u00e0 10 par session afin de r\u00e9duire les co\u00fbts de location des locaux.<\/li>\n<\/ul>\n<p style=\"text-align: justify;\">Le conseil d\u2019administration a approuv\u00e9 les pr\u00e9visions budg\u00e9taires de 2019-2020 qui seront aussi pr\u00e9sent\u00e9es \u00e0 l\u2019assembl\u00e9e g\u00e9n\u00e9rale.<\/p>\n<hr \/>\n<h4><strong>Objectifs prioritaires pour\u00a02018-2019<\/strong><\/h4>\n<ul>\n<li style=\"text-align: justify;\"><strong><em>Assurer la rel\u00e8ve pour le conseil d\u2019administration, pour les membres de l\u2019ex\u00e9cutif et pour certaines fonctions<\/em><\/strong>\n<ul style=\"list-style-type: circle;\">\n<li>Personne n\u2019a \u00e9t\u00e9 trouv\u00e9 pour assurer la rel\u00e8ve des membres du conseil d\u2019administration et pour d\u2019autres fonctions.<\/li>\n<li>Travaux d\u2019infographie\u00a0: comme Marie-Jos\u00e9\u00a0B\u00e2cle a quitt\u00e9 Saint-Bruno-de-Montarville et que nous ne pourrons plus profiter de ses talents d\u2019infographiste, il a \u00e9t\u00e9 sugg\u00e9r\u00e9, comme mesure transitoire, de retirer toute r\u00e9f\u00e9rence \u00e0 une date sur le d\u00e9pliant du club, les affiches et tout support visuel.<\/li>\n<li>Par ailleurs, il faut trouver une personne qui acceptera de r\u00e9aliser les travaux d\u2019infographie en utilisant, peut-\u00eatre, le logiciel libre <a href=\"https:\/\/www.scribus.net\/\" target=\"_blank\" rel=\"noopener\">SCRIBUS<\/a> qui peut remplacer les produits commerciaux comme <a href=\"https:\/\/www.adobe.com\/ca_fr\/products\/illustrator.html\" target=\"_blank\" rel=\"noopener\">Adobe Illustrator<\/a> et <a href=\"https:\/\/www.adobe.com\/ca_fr\/products\/indesign.html\" target=\"_blank\" rel=\"noopener\">Adobe InDesign<\/a>. Ce logiciel peut \u00eatre utilis\u00e9 pour r\u00e9aliser les travaux de mise \u00e0 jour in\u00e9vitables du d\u00e9pliant et des autres productions. <strong><em>C\u2019est un appel \u00e0 toute personne qui a quelques notions d\u2019infographie ou qui souhaite d\u00e9velopper ses comp\u00e9tences en ce domaine! <\/em><\/strong><em>\u00a0<\/em><\/li>\n<\/ul>\n<\/li>\n<\/ul>\n<ul>\n<li><strong><em>Modifier le processus d\u2019inscription des membres d\u2019ici 2020<\/em><\/strong>\n<ul style=\"list-style-type: circle;\">\n<li style=\"text-align: justify;\">Un formulaire destin\u00e9 \u00e0 informatiser l\u2019inscription des membres a \u00e9t\u00e9 produit. Il faut maintenant assurer le transfert d\u2019information du formulaire vers le fichier <a href=\"https:\/\/products.office.com\/fr-ca\/access\" target=\"_blank\" rel=\"noopener\">Access<\/a> utilis\u00e9 pour le registre des membres. Ce transfert doit se faire aussi automatiquement que possible. Ensuite, il restera \u00e0 rendre possible le paiement des cotisations par Internet.<\/li>\n<\/ul>\n<\/li>\n<\/ul>\n<ul>\n<li><strong><em>Recruter de nouveaux membres (ou adapter le club)<\/em><\/strong>\n<ul style=\"list-style-type: circle;\">\n<li style=\"text-align: justify;\">\u00c0 la derni\u00e8re r\u00e9union, l\u2019id\u00e9e avait \u00e9t\u00e9 lanc\u00e9e d\u2019offrir un atelier d\u2019assistance et de d\u00e9pannage ouvert \u00e0 la population, afin d\u2019attirer de nouveaux membres. Le projet de tenir cet atelier un samedi a \u00e9t\u00e9 abandonn\u00e9. Il a plut\u00f4t \u00e9t\u00e9 d\u00e9cid\u00e9 d\u2019int\u00e9grer cet atelier \u00e0 une des activit\u00e9s r\u00e9guli\u00e8res du club.<\/li>\n<\/ul>\n<\/li>\n<\/ul>\n<hr \/>\n<h4><strong>R\u00e9cup\u00e9ration de mat\u00e9riel informatique<\/strong><\/h4>\n<p style=\"text-align: justify;\">Depuis peu, l\u2019atelier de la r\u00e9cup\u00e9ration est maintenant situ\u00e9 au 1595,\u00a0rue\u00a0Montarville, \u00e0 Saint-Bruno-de-Montarville. C\u2019est l\u00e0 qu\u2019on peut acqu\u00e9rir du mat\u00e9riel remis en \u00e9tat, \u00e0 un co\u00fbt modique. On peut y trouver l\u2019\u00e9quipe des trois b\u00e9n\u00e9voles tous les <strong>mercredis de 9\u00a0h \u00e0 15\u00a0h\u00a030<\/strong>. Par contre, le mat\u00e9riel informatique d\u00e9suet doit toujours \u00eatre d\u00e9pos\u00e9 \u00e0 l\u2019<a href=\"https:\/\/www.stbruno.ca\/ecocentre\" target=\"_blank\" rel=\"noopener\">\u00c9cocentre<\/a>.<\/p>\n<p style=\"text-align: justify;\">Jacques\u00a0Lalibert\u00e9 a annonc\u00e9 que l\u2019\u00e9quipe a trait\u00e9 presque <strong>114\u00a0tonnes<\/strong> m\u00e9triques de mat\u00e9riel \u00e9lectronique depuis le d\u00e9but de 2018. En 15\u00a0mois, ce sont aussi <strong>56\u00a0ordinateurs et portables fonctionnels et 9\u00a0920\u00a0$<\/strong> qui ont \u00e9t\u00e9 donn\u00e9s \u00e0 des organismes communautaires.<\/p>\n<p style=\"text-align: justify;\">Le conseil d\u2019administration approuve certainement la poursuite de ce service qui permet de redonner une seconde vie \u00e0 de l&rsquo;\u00e9quipement informatique et de r\u00e9duire ainsi le gaspillage de mat\u00e9riel dans les sites d\u2019enfouissement. Depuis sa cr\u00e9ation en 2005, ce sont plus de 993\u00a0tonnes m\u00e9triques qui ont \u00e9t\u00e9 r\u00e9cup\u00e9r\u00e9es gr\u00e2ce \u00e0 ce service. Tous les revenus ont \u00e9t\u00e9 vers\u00e9s \u00e0 des organismes communautaires. Pour en conna\u00eetre davantage sur ce service, on peut consulter la <a href=\"https:\/\/cimbcc.org\/test2\/services\/le-soutien-a-la-recuperation-de-materiel-informatique\" target=\"_blank\" rel=\"noopener\">page qui lui est consacr\u00e9e<\/a> sur le site Web du club.<\/p>\n<p>Sylvie\u00a0Mazur<br \/>\nSecr\u00e9taire du CIMBCC<\/p>\n<p>&nbsp;<\/p>\n","protected":false},"excerpt":{"rendered":"<p>L\u2019ann\u00e9e financi\u00e8re du club s\u2019est termin\u00e9e le 31\u00a0mars. La r\u00e9union d\u2019avril \u00e9tait donc particuli\u00e8rement importante pour examiner les \u00e9tats financiers de l\u2019ann\u00e9e \u00e9coul\u00e9e et adopter un budget pour l\u2019ann\u00e9e qui commence. Par ailleurs, le conseil d\u2019administration a poursuivi l\u2019examen de la mise en \u0153uvre de ses objectifs prioritaires et il a r\u00e9vis\u00e9 le service de &hellip; <a href=\"https:\/\/cimbcc.org\/test2\/echos-du-conseil-dadministration-2-avril-2019\/\" class=\"more-link\">Continuer la lecture de <span class=\"screen-reader-text\">\u00c9chos du conseil d&rsquo;administration &#8211; 2 avril 2019<\/span>  <span class=\"meta-nav\">&rarr;<\/span><\/a><\/p>\n","protected":false},"author":43,"featured_media":0,"comment_status":"open","ping_status":"closed","sticky":false,"template":"","format":"standard","meta":{"footnotes":""},"categories":[386],"tags":[472,946,471,1010,110],"class_list":["post-26574","post","type-post","status-publish","format-standard","hentry","category-echos-du-conseil-dadministration","tag-budget","tag-cotisations","tag-etats-financiers","tag-objectifs","tag-recuperation"],"_links":{"self":[{"href":"https:\/\/cimbcc.org\/test2\/wp-json\/wp\/v2\/posts\/26574","targetHints":{"allow":["GET"]}}],"collection":[{"href":"https:\/\/cimbcc.org\/test2\/wp-json\/wp\/v2\/posts"}],"about":[{"href":"https:\/\/cimbcc.org\/test2\/wp-json\/wp\/v2\/types\/post"}],"author":[{"embeddable":true,"href":"https:\/\/cimbcc.org\/test2\/wp-json\/wp\/v2\/users\/43"}],"replies":[{"embeddable":true,"href":"https:\/\/cimbcc.org\/test2\/wp-json\/wp\/v2\/comments?post=26574"}],"version-history":[{"count":7,"href":"https:\/\/cimbcc.org\/test2\/wp-json\/wp\/v2\/posts\/26574\/revisions"}],"predecessor-version":[{"id":26598,"href":"https:\/\/cimbcc.org\/test2\/wp-json\/wp\/v2\/posts\/26574\/revisions\/26598"}],"wp:attachment":[{"href":"https:\/\/cimbcc.org\/test2\/wp-json\/wp\/v2\/media?parent=26574"}],"wp:term":[{"taxonomy":"category","embeddable":true,"href":"https:\/\/cimbcc.org\/test2\/wp-json\/wp\/v2\/categories?post=26574"},{"taxonomy":"post_tag","embeddable":true,"href":"https:\/\/cimbcc.org\/test2\/wp-json\/wp\/v2\/tags?post=26574"}],"curies":[{"name":"wp","href":"https:\/\/api.w.org\/{rel}","templated":true}]}}