{"id":26579,"date":"2019-04-16T23:00:56","date_gmt":"2019-04-17T03:00:56","guid":{"rendered":"https:\/\/cimbcc.org\/test2\/?p=26579"},"modified":"2023-10-16T22:14:28","modified_gmt":"2023-10-17T02:14:28","slug":"ordre-du-merite-de-saint-bruno-de-montarville","status":"publish","type":"post","link":"https:\/\/cimbcc.org\/test2\/ordre-du-merite-de-saint-bruno-de-montarville\/","title":{"rendered":"Ordre du m\u00e9rite de Saint-Bruno-de-Montarville"},"content":{"rendered":"<figure id=\"attachment_24082\" aria-describedby=\"caption-attachment-24082\" style=\"width: 125px\" class=\"wp-caption aligncenter\"><img loading=\"lazy\" decoding=\"async\" class=\"size-full wp-image-24082\" src=\"https:\/\/cimbcc.org\/test2\/wp-content\/uploads\/photo_couture_francine.jpg\" alt=\"\" width=\"125\" height=\"125\" \/><figcaption id=\"caption-attachment-24082\" class=\"wp-caption-text\"><span style=\"color: #ffffff;\">imm<\/span>Francine Couture<\/figcaption><\/figure>\n<p style=\"text-align: justify;\">Chaque ann\u00e9e, la <a href=\"https:\/\/www.stbruno.ca\/\" target=\"_blank\" rel=\"noopener\">ville de St-Bruno<\/a> remercie ses b\u00e9n\u00e9voles par la tenue d&rsquo;une soir\u00e9e Reconnaissance des b\u00e9n\u00e9voles qui se d\u00e9roule en avril dans le cadre de la Semaine de l\u2019action b\u00e9n\u00e9vole.\u00a0Lors de cette soir\u00e9e, la ville souligne \u00e9galement la contribution remarquable de certains citoyens ou organismes \u00e0 la qualit\u00e9 de vie et \u00e0 la renomm\u00e9e de Saint-Bruno, par le biais de l&rsquo;<a href=\"https:\/\/www.stbruno.ca\/ordre-merite\" target=\"_blank\" rel=\"noopener\">Ordre du M\u00e9rite<\/a>.<\/p>\n<p style=\"text-align: justify;\">Trois cat\u00e9gories de prix sont offertes\u00a0:<\/p>\n<ul style=\"text-align: justify;\">\n<li style=\"text-align: justify;\">les m\u00e9dailles d\u2019or;<\/li>\n<li style=\"text-align: justify;\">les \u00e9pingles d\u2019argent;<\/li>\n<li style=\"text-align: justify;\">les certificats du m\u00e9rite.<\/li>\n<\/ul>\n<p style=\"text-align: justify;\">Cette ann\u00e9e, le Club informatique Mont Bruno s\u2019est distingu\u00e9 en recevant la <strong>m\u00e9daille d\u2019or<\/strong>, la plus haute distinction de l\u2019Ordre du M\u00e9rite.<\/p>\n<p style=\"text-align: justify;\"><!--more--><\/p>\n<p style=\"text-align: justify;\">Pour attribuer cette r\u00e9compense, tous les secteurs d\u2019engagement sont pris en compte\u00a0:<\/p>\n<ul style=\"text-align: justify;\">\n<li>communautaire;<\/li>\n<li>\u00e9conomique;<\/li>\n<li>religieux;<\/li>\n<li>artistique;<\/li>\n<li>scientifique;<\/li>\n<li>socioculturel;<\/li>\n<li>sportif;<\/li>\n<li>humanitaire;<\/li>\n<li>autres.<\/li>\n<\/ul>\n<p style=\"text-align: justify;\">Les candidats sont s\u00e9lectionn\u00e9s par un comit\u00e9 compos\u00e9 de citoyens selon les crit\u00e8res suivants\u00a0:<\/p>\n<ul style=\"text-align: justify;\">\n<li>altruisme;<\/li>\n<li>courage;<\/li>\n<li>b\u00e9n\u00e9volat;<\/li>\n<li>philanthropie;<\/li>\n<li>continuit\u00e9 dans l\u2019action;<\/li>\n<li>disponibilit\u00e9;<\/li>\n<li>contribution \u00e0 la renomm\u00e9e de la communaut\u00e9.<\/li>\n<\/ul>\n<hr \/>\n<p style=\"text-align: justify;\">Voici les termes dans lesquels le Club informatique a \u00e9t\u00e9 honor\u00e9\u00a0:<\/p>\n<p style=\"padding-left: 30px; text-align: justify;\"><em>Pour ses 35 ans d\u2019activit\u00e9s et de services continus dans notre communaut\u00e9, pour l\u2019exceptionnel travail et les tr\u00e8s nombreuses heures consacr\u00e9es par ses quelque 70 b\u00e9n\u00e9voles \u00e0 l\u2019enseignement des diff\u00e9rents aspects de l\u2019informatique et de l\u2019internet et de leur usage, aupr\u00e8s de ses quelque 626 membres dont 306 r\u00e9sident \u00e0 Saint-Bruno;<\/em><\/p>\n<p style=\"padding-left: 30px; text-align: justify;\"><em>Pour les tr\u00e8s nombreuses et r\u00e9guli\u00e8res s\u00e9ances de formation hebdomadaires, auxquelles assistent, en moyenne, 100 personnes, ses cours d\u2019initiation \u00e0 la biblioth\u00e8que de Saint-Bruno et ailleurs, et ses nombreux ateliers de formation au cours de chaque ann\u00e9e;<\/em><\/p>\n<p style=\"padding-left: 30px; text-align: justify;\"><em>Pour l\u2019assistance constante et le support qu\u2019elle apporte \u00e0 ses membres toute l\u2019ann\u00e9e durant, que ce soit par courriel, par t\u00e9l\u00e9phone ou en personne \u00e0 la maison;<\/em><\/p>\n<p style=\"padding-left: 30px; text-align: justify;\"><em>Pour le dynamisme et le d\u00e9vouement constants de son \u00e9quipe, les tr\u00e8s nombreuses heures consacr\u00e9es \u00e0 la pr\u00e9paration des pr\u00e9sentations (2 par semaine), \u00e0 la r\u00e9daction des notes de pr\u00e9sentation, \u00e0 leur impression et leur mise \u00e0 la disposition de tous les membres sur son site Web ou par document;<\/em><\/p>\n<p style=\"padding-left: 30px; text-align: justify;\"><em>Pour son leadership et son action continue depuis plusieurs ann\u00e9es pour la r\u00e9cup\u00e9ration de mat\u00e9riel informatique et \u00e9lectronique et leur remise en \u00e9tat lorsque possible pour en faire b\u00e9n\u00e9ficier des organismes sans but lucratif;<\/em><\/p>\n<p style=\"padding-left: 30px; text-align: justify;\"><em>Pour son \u00e9vidente contribution \u00e0 la renomm\u00e9e et au\u00a0rayonnement de notre Ville, tant aux niveaux local que r\u00e9gional (30 villes) et international;<\/em><\/p>\n<p style=\"padding-left: 30px; text-align: justify;\"><em>Pour son tr\u00e8s dynamique site Web continuellement tenu \u00e0 jour par quelque 12 b\u00e9n\u00e9voles, visit\u00e9, quotidiennement , par une moyenne de 600 visiteurs diff\u00e9rents qui y lisent environ 1,800 pages par jour, lesquels viennent de la France, de la Belgique, de la Suisse, d\u2019Italie, de l\u2019Allemagne, de Madagascar, de C\u00f4te d\u2019Ivoire, du Maroc, du Congo, du Luxembourg et du Cameroun;<\/em><\/p>\n<p style=\"padding-left: 30px; text-align: justify;\"><em>\u00a0<\/em><em>Nous d\u00e9cernons une m\u00e9daille d\u2019or au\u00a0:<\/em><\/p>\n<h3 style=\"padding-left: 30px;\"><strong><em>Club informatique Mont-Bruno<\/em><\/strong><strong><em>.<\/em><\/strong><\/h3>\n<p>&nbsp;<\/p>\n<figure id=\"attachment_26584\" aria-describedby=\"caption-attachment-26584\" style=\"width: 512px\" class=\"wp-caption aligncenter\"><img loading=\"lazy\" decoding=\"async\" class=\"size-full wp-image-26584\" src=\"https:\/\/cimbcc.org\/test2\/wp-content\/uploads\/chip_2019_04_17_ordre_du_merite.jpg\" alt=\"\" width=\"512\" height=\"357\" srcset=\"https:\/\/cimbcc.org\/test2\/wp-content\/uploads\/chip_2019_04_17_ordre_du_merite.jpg 512w, https:\/\/cimbcc.org\/test2\/wp-content\/uploads\/chip_2019_04_17_ordre_du_merite-300x209.jpg 300w\" sizes=\"auto, (max-width: 512px) 100vw, 512px\" \/><figcaption id=\"caption-attachment-26584\" class=\"wp-caption-text\">Membres du Conseil d\u2019administration pr\u00e9sents lors de la remise de l\u2019Ordre du m\u00e9rite : Danielle Barab\u00e9, Berthe Demers, R\u00e9jean C\u00f4t\u00e9, Danielle Bourque et Michel Gagn\u00e9. Absents de la photo : Michel C\u00f4t\u00e9, Richard Gervais, Jacques Lalibert\u00e9, Sylvie Mazur et Huguette Turgeon.<\/figcaption><\/figure>\n<hr \/>\n<p style=\"text-align: justify;\">F\u00e9licitations \u00e0 tous les membres du Conseil d\u2019administration qui, par leur gestion dynamique et visionnaire ont permis que le Club se hisse \u00e0 ce niveau de distinction.<\/p>\n<p style=\"text-align: justify;\">F\u00e9licitations \u00e0 tous les b\u00e9n\u00e9voles anciens et actuels qui, par leur enthousiasme et leur d\u00e9vouement rendent possibles toutes les actions du club.<\/p>\n<p style=\"text-align: justify;\">Merci \u00e0 tous nos membres qui nous font confiance, nous encouragent et nous am\u00e8nent \u00e0 nous renouveler.<\/p>\n<p style=\"text-align: justify;\">Au club, on s\u2019entraide depuis 35 ans\u2026 Et encore pour longtemps.<\/p>\n<p style=\"text-align: justify;\">Francine Couture<\/p>\n","protected":false},"excerpt":{"rendered":"<p>Chaque ann\u00e9e, la ville de St-Bruno remercie ses b\u00e9n\u00e9voles par la tenue d&rsquo;une soir\u00e9e Reconnaissance des b\u00e9n\u00e9voles qui se d\u00e9roule en avril dans le cadre de la Semaine de l\u2019action b\u00e9n\u00e9vole.\u00a0Lors de cette soir\u00e9e, la ville souligne \u00e9galement la contribution remarquable de certains citoyens ou organismes \u00e0 la qualit\u00e9 de vie et \u00e0 la renomm\u00e9e &hellip; <a href=\"https:\/\/cimbcc.org\/test2\/ordre-du-merite-de-saint-bruno-de-montarville\/\" class=\"more-link\">Continuer la lecture de <span class=\"screen-reader-text\">Ordre du m\u00e9rite de Saint-Bruno-de-Montarville<\/span>  <span class=\"meta-nav\">&rarr;<\/span><\/a><\/p>\n","protected":false},"author":43,"featured_media":0,"comment_status":"open","ping_status":"closed","sticky":false,"template":"","format":"standard","meta":{"footnotes":""},"categories":[402],"tags":[760,870,1009,1008,186],"class_list":["post-26579","post","type-post","status-publish","format-standard","hentry","category-activites-du-club","tag-35e-anniversaire","tag-cimbcc","tag-medaille-dor","tag-ordre-du-merite","tag-saint-bruno-de-montarville"],"_links":{"self":[{"href":"https:\/\/cimbcc.org\/test2\/wp-json\/wp\/v2\/posts\/26579","targetHints":{"allow":["GET"]}}],"collection":[{"href":"https:\/\/cimbcc.org\/test2\/wp-json\/wp\/v2\/posts"}],"about":[{"href":"https:\/\/cimbcc.org\/test2\/wp-json\/wp\/v2\/types\/post"}],"author":[{"embeddable":true,"href":"https:\/\/cimbcc.org\/test2\/wp-json\/wp\/v2\/users\/43"}],"replies":[{"embeddable":true,"href":"https:\/\/cimbcc.org\/test2\/wp-json\/wp\/v2\/comments?post=26579"}],"version-history":[{"count":8,"href":"https:\/\/cimbcc.org\/test2\/wp-json\/wp\/v2\/posts\/26579\/revisions"}],"predecessor-version":[{"id":26591,"href":"https:\/\/cimbcc.org\/test2\/wp-json\/wp\/v2\/posts\/26579\/revisions\/26591"}],"wp:attachment":[{"href":"https:\/\/cimbcc.org\/test2\/wp-json\/wp\/v2\/media?parent=26579"}],"wp:term":[{"taxonomy":"category","embeddable":true,"href":"https:\/\/cimbcc.org\/test2\/wp-json\/wp\/v2\/categories?post=26579"},{"taxonomy":"post_tag","embeddable":true,"href":"https:\/\/cimbcc.org\/test2\/wp-json\/wp\/v2\/tags?post=26579"}],"curies":[{"name":"wp","href":"https:\/\/api.w.org\/{rel}","templated":true}]}}